{"id":227036,"date":"2025-01-03T09:19:09","date_gmt":"2025-01-03T12:19:09","guid":{"rendered":"https:\/\/portalv1.com.br\/?p=227036"},"modified":"2025-01-03T09:23:06","modified_gmt":"2025-01-03T12:23:06","slug":"forca-tatica-do-23bpm-divulga-dados-estatisticos-de-2024-em-valenca-e-regiao","status":"publish","type":"post","link":"https:\/\/portalv1.com.br\/forca-tatica-do-23bpm-divulga-dados-estatisticos-de-2024-em-valenca-e-regiao\/","title":{"rendered":"For\u00e7a T\u00e1tica do 23\u00b0BPM divulga dados estat\u00edsticos de 2024 em Valen\u00e7a e regi\u00e3o"},"content":{"rendered":"\n<p>O 23\u00b0 Batalh\u00e3o da Pol\u00edcia Militar do Piau\u00ed, com sede em Valen\u00e7a divulgou dados estat\u00edsticos da atua\u00e7\u00e3o da For\u00e7a T\u00e1tica em 2024, entre os meses de dezembro e janeiro considerando o emprego da For\u00e7a T\u00e1tica nas modalidades viatura e motopatrulhamento.&nbsp;<\/p>\n\n\n\n<p>Ao longo do per\u00edodo, os taticanos atenderam 1.035 ocorr\u00eancias, resultando na pris\u00e3o de 132 pessoas e na lavratura de 107 Termos Circunstanciados de Ocorr\u00eancia (TCO), associados a crimes de menor potencial ofensivo, al\u00e9m da apreens\u00e3o de 10 armas de fogo.&nbsp;<\/p>\n\n\n\n<p>Os dados mostram o crescimento de 55% no n\u00famero de ocorr\u00eancias atendidas e a evolu\u00e7\u00e3o de 92% no n\u00famero de pris\u00f5es por tr\u00e1fico de drogas em compara\u00e7\u00e3o ao mesmo per\u00edodo do ano de 2023.&nbsp;<\/p>\n\n\n\n<p>Os n\u00fameros mostram a import\u00e2ncia da atua\u00e7\u00e3o n\u00e3o s\u00f3 do grupo especializado, mais todo o contexto do 23\u00ba Batalh\u00e3o da Pol\u00edcia Militar do Piau\u00ed que conta com policiais preparados e um servi\u00e7o de intelig\u00eancia que contribui significativamente para a preserva\u00e7\u00e3o da ordem p\u00fablica em Valen\u00e7a e nas cidades jurisdicionadas ao 23\u00ba BPM.<\/p>\n\n\n\n<figure class=\"wp-block-image size-large\"><img loading=\"lazy\" decoding=\"async\" width=\"640\" height=\"640\" src=\"https:\/\/portalv1.com.br\/app\/wp-content\/uploads\/2025\/01\/3221b340-e9ea-454a-9621-a12fe22eecd4-640x640.jpeg\" alt=\"\" class=\"wp-image-227037\" srcset=\"https:\/\/portalv1.com.br\/app\/wp-content\/uploads\/2025\/01\/3221b340-e9ea-454a-9621-a12fe22eecd4-640x640.jpeg 640w, https:\/\/portalv1.com.br\/app\/wp-content\/uploads\/2025\/01\/3221b340-e9ea-454a-9621-a12fe22eecd4-300x300.jpeg 300w, https:\/\/portalv1.com.br\/app\/wp-content\/uploads\/2025\/01\/3221b340-e9ea-454a-9621-a12fe22eecd4-100x100.jpeg 100w, https:\/\/portalv1.com.br\/app\/wp-content\/uploads\/2025\/01\/3221b340-e9ea-454a-9621-a12fe22eecd4-768x768.jpeg 768w, https:\/\/portalv1.com.br\/app\/wp-content\/uploads\/2025\/01\/3221b340-e9ea-454a-9621-a12fe22eecd4-1536x1536.jpeg 1536w, https:\/\/portalv1.com.br\/app\/wp-content\/uploads\/2025\/01\/3221b340-e9ea-454a-9621-a12fe22eecd4-2048x2048.jpeg 2048w\" sizes=\"auto, (max-width: 640px) 100vw, 640px\" \/><\/figure>\n","protected":false},"excerpt":{"rendered":"<p>O 23\u00b0 Batalh\u00e3o da Pol\u00edcia Militar do Piau\u00ed, com sede em Valen\u00e7a divulgou dados estat\u00edsticos da atua\u00e7\u00e3o da For\u00e7a T\u00e1tica em 2024, entre os meses de dezembro e janeiro considerando&#8230;<\/p>\n","protected":false},"author":1,"featured_media":227039,"comment_status":"open","ping_status":"open","sticky":false,"template":"","format":"standard","meta":{"ngg_post_thumbnail":0,"footnotes":""},"categories":[243],"tags":[],"class_list":["post-227036","post","type-post","status-publish","format-standard","has-post-thumbnail","hentry","category-geral"],"views":391,"meta_data":{"thumb":"https:\/\/portalv1.com.br\/app\/wp-content\/uploads\/2025\/01\/policia.jpg","imagem":{"fullsize":{"url":"https:\/\/portalv1.com.br\/app\/wp-content\/uploads\/2025\/01\/policia.jpg","width":960,"height":540},"medium":{"url":"https:\/\/portalv1.com.br\/app\/wp-content\/uploads\/2025\/01\/policia-300x169.jpg","width":300,"height":169},"large":{"url":"https:\/\/portalv1.com.br\/app\/wp-content\/uploads\/2025\/01\/policia-640x360.jpg","width":640,"height":360},"thumbnail":{"url":"https:\/\/portalv1.com.br\/app\/wp-content\/uploads\/2025\/01\/policia-100x100.jpg","width":100,"height":100},"medium_large":{"url":"https:\/\/portalv1.com.br\/app\/wp-content\/uploads\/2025\/01\/policia-768x432.jpg","width":768,"height":432}},"data":{"simple":"03\/01\/2025","date_time":"03\/01\/2025 06:19:09","date":"h\u00e1 1 ano"},"chapeu":"Veja n\u00fameros ","source":"slide"},"_links":{"self":[{"href":"https:\/\/portalv1.com.br\/api\/wp\/v2\/posts\/227036","targetHints":{"allow":["GET"]}}],"collection":[{"href":"https:\/\/portalv1.com.br\/api\/wp\/v2\/posts"}],"about":[{"href":"https:\/\/portalv1.com.br\/api\/wp\/v2\/types\/post"}],"author":[{"embeddable":true,"href":"https:\/\/portalv1.com.br\/api\/wp\/v2\/users\/1"}],"replies":[{"embeddable":true,"href":"https:\/\/portalv1.com.br\/api\/wp\/v2\/comments?post=227036"}],"version-history":[{"count":0,"href":"https:\/\/portalv1.com.br\/api\/wp\/v2\/posts\/227036\/revisions"}],"wp:featuredmedia":[{"embeddable":true,"href":"https:\/\/portalv1.com.br\/api\/wp\/v2\/media\/227039"}],"wp:attachment":[{"href":"https:\/\/portalv1.com.br\/api\/wp\/v2\/media?parent=227036"}],"wp:term":[{"taxonomy":"category","embeddable":true,"href":"https:\/\/portalv1.com.br\/api\/wp\/v2\/categories?post=227036"},{"taxonomy":"post_tag","embeddable":true,"href":"https:\/\/portalv1.com.br\/api\/wp\/v2\/tags?post=227036"}],"curies":[{"name":"wp","href":"https:\/\/api.w.org\/{rel}","templated":true}]}}