{"id":227042,"date":"2025-01-03T09:41:00","date_gmt":"2025-01-03T12:41:00","guid":{"rendered":"https:\/\/portalv1.com.br\/?p=227042"},"modified":"2025-01-03T09:41:01","modified_gmt":"2025-01-03T12:41:01","slug":"prefeito-marcelo-costa-confirma-alinhamento-com-o-governador-rafael-fonteles","status":"publish","type":"post","link":"https:\/\/portalv1.com.br\/prefeito-marcelo-costa-confirma-alinhamento-com-o-governador-rafael-fonteles\/","title":{"rendered":"Prefeito Marcelo Costa confirma alinhamento com o governador Rafael Fonteles"},"content":{"rendered":"\n<p>O prefeito Marcelo Costa confirmou durante a sess\u00e3o solene de posse realizada nesta quarta-feira (1\u00ba) a aproxima\u00e7\u00e3o da gest\u00e3o municipal com o governador Rafael Fonteles, que deve disputar a reelei\u00e7\u00e3o em 2026.<\/p>\n\n\n\n<p>De acordo com o prefeito, a aproxima\u00e7\u00e3o visa aumentar a presen\u00e7a de investimentos do governo do estado em Valen\u00e7a do Piau\u00ed. Rafael Fonteles e Marcelo Costa j\u00e1 se encontraram em dezembro do ano passado no Pal\u00e1cio de Karnak, na companhia do deputado estadual Dr. Thales Coelho, onde alinharam essa aproxima\u00e7\u00e3o.<\/p>\n\n\n\n<p>\u201cHoje estamos caminhando para alinharmos com o governador porque eu penso grande, eu penso no crescimento de Valen\u00e7a e porque n\u00e3o apoiar quem t\u00e1 dando certo. Valen\u00e7a est\u00e1 se encaminhando agora para o crescimento, para o progresso, por isso esse alinhamento\u201d, disse o prefeito.<\/p>\n\n\n\n<figure class=\"wp-block-image size-large\"><img loading=\"lazy\" decoding=\"async\" width=\"640\" height=\"1050\" src=\"https:\/\/portalv1.com.br\/app\/wp-content\/uploads\/2025\/01\/WhatsApp-Image-2025-01-03-at-08.50.02-640x1050.jpeg\" alt=\"\" class=\"wp-image-227041\" srcset=\"https:\/\/portalv1.com.br\/app\/wp-content\/uploads\/2025\/01\/WhatsApp-Image-2025-01-03-at-08.50.02-640x1050.jpeg 640w, https:\/\/portalv1.com.br\/app\/wp-content\/uploads\/2025\/01\/WhatsApp-Image-2025-01-03-at-08.50.02-300x492.jpeg 300w, https:\/\/portalv1.com.br\/app\/wp-content\/uploads\/2025\/01\/WhatsApp-Image-2025-01-03-at-08.50.02.jpeg 650w\" sizes=\"auto, (max-width: 640px) 100vw, 640px\" \/><\/figure>\n","protected":false},"excerpt":{"rendered":"<p>O prefeito Marcelo Costa confirmou durante a sess\u00e3o solene de posse realizada nesta quarta-feira (1\u00ba) a aproxima\u00e7\u00e3o da gest\u00e3o municipal com o governador Rafael Fonteles, que deve disputar a reelei\u00e7\u00e3o&#8230;<\/p>\n","protected":false},"author":1,"featured_media":227043,"comment_status":"open","ping_status":"open","sticky":false,"template":"","format":"standard","meta":{"ngg_post_thumbnail":0,"footnotes":""},"categories":[243],"tags":[],"class_list":["post-227042","post","type-post","status-publish","format-standard","has-post-thumbnail","hentry","category-geral"],"views":1138,"meta_data":{"thumb":"https:\/\/portalv1.com.br\/app\/wp-content\/uploads\/2025\/01\/WhatsApp-Image-2025-01-03-at-09.38.56.jpeg","imagem":{"fullsize":{"url":"https:\/\/portalv1.com.br\/app\/wp-content\/uploads\/2025\/01\/WhatsApp-Image-2025-01-03-at-09.38.56.jpeg","width":650,"height":607},"medium":{"url":"https:\/\/portalv1.com.br\/app\/wp-content\/uploads\/2025\/01\/WhatsApp-Image-2025-01-03-at-09.38.56-300x280.jpeg","width":300,"height":280},"large":{"url":"https:\/\/portalv1.com.br\/app\/wp-content\/uploads\/2025\/01\/WhatsApp-Image-2025-01-03-at-09.38.56-640x598.jpeg","width":640,"height":598},"thumbnail":{"url":"https:\/\/portalv1.com.br\/app\/wp-content\/uploads\/2025\/01\/WhatsApp-Image-2025-01-03-at-09.38.56-100x100.jpeg","width":100,"height":100}},"data":{"simple":"03\/01\/2025","date_time":"03\/01\/2025 06:41:00","date":"h\u00e1 1 ano"},"chapeu":"Veja detalhes ","source":"slide"},"_links":{"self":[{"href":"https:\/\/portalv1.com.br\/api\/wp\/v2\/posts\/227042","targetHints":{"allow":["GET"]}}],"collection":[{"href":"https:\/\/portalv1.com.br\/api\/wp\/v2\/posts"}],"about":[{"href":"https:\/\/portalv1.com.br\/api\/wp\/v2\/types\/post"}],"author":[{"embeddable":true,"href":"https:\/\/portalv1.com.br\/api\/wp\/v2\/users\/1"}],"replies":[{"embeddable":true,"href":"https:\/\/portalv1.com.br\/api\/wp\/v2\/comments?post=227042"}],"version-history":[{"count":0,"href":"https:\/\/portalv1.com.br\/api\/wp\/v2\/posts\/227042\/revisions"}],"wp:featuredmedia":[{"embeddable":true,"href":"https:\/\/portalv1.com.br\/api\/wp\/v2\/media\/227043"}],"wp:attachment":[{"href":"https:\/\/portalv1.com.br\/api\/wp\/v2\/media?parent=227042"}],"wp:term":[{"taxonomy":"category","embeddable":true,"href":"https:\/\/portalv1.com.br\/api\/wp\/v2\/categories?post=227042"},{"taxonomy":"post_tag","embeddable":true,"href":"https:\/\/portalv1.com.br\/api\/wp\/v2\/tags?post=227042"}],"curies":[{"name":"wp","href":"https:\/\/api.w.org\/{rel}","templated":true}]}}