{"id":22708,"date":"2016-02-01T00:53:48","date_gmt":"2016-02-01T03:53:48","guid":{"rendered":"https:\/\/portalv1.com.br\/?p=22708"},"modified":"2016-02-02T17:41:19","modified_gmt":"2016-02-02T20:41:19","slug":"96-dos-animais-da-regiao-valenciana-foram-vacinados-contra-a-aftosa","status":"publish","type":"post","link":"https:\/\/portalv1.com.br\/96-dos-animais-da-regiao-valenciana-foram-vacinados-contra-a-aftosa\/","title":{"rendered":"96% dos animais da regi\u00e3o valenciana foram vacinados contra a aftosa"},"content":{"rendered":"<figure id=\"attachment_22709\" aria-describedby=\"caption-attachment-22709\" style=\"width: 300px\" class=\"wp-caption alignright\"><img loading=\"lazy\" decoding=\"async\" class=\"wp-image-22709 size-medium\" src=\"https:\/\/portalv1.com.br\/app\/wp-content\/uploads\/2016\/02\/neto-vaqueiro-300x225.jpg\" alt=\"Coordenador regional Joaquim Matias Lima Verde Neto (Neto Vaqueiro), \" width=\"300\" height=\"225\" srcset=\"https:\/\/portalv1.com.br\/app\/wp-content\/uploads\/2016\/02\/neto-vaqueiro-300x225.jpg 300w, https:\/\/portalv1.com.br\/app\/wp-content\/uploads\/2016\/02\/neto-vaqueiro.jpg 640w\" sizes=\"auto, (max-width: 300px) 100vw, 300px\" \/><figcaption id=\"caption-attachment-22709\" class=\"wp-caption-text\">Coordenador regional Joaquim Matias Lima Verde Neto (Neto Vaqueiro),<\/figcaption><\/figure>\n<p>A regional valenciana da Agencia de Defesa Agropecu\u00e1ria do Piau\u00ed (ADAPI) teve um \u00f3timo desempenho na cobertura vacinal contra a febre aftosa. De acordo com o coordenador regional Joaquim Matias Lima Verde Neto (Neto Vaqueiro), a cobertura nos munic\u00edpios jurisdicionados foi muito boa e contribuiu para o resultado final que manteve o Piau\u00ed dentro da zona livre da aftosa com vacina\u00e7\u00e3o.<\/p>\n<p>O \u00edndice de vacina\u00e7\u00e3o piauiense foi de 95% de vacina\u00e7\u00e3o dos bovinos e bubalinos piauienses.<\/p>\n<p>A regional de Valen\u00e7a \u00e9 dividida em tr\u00eas Unidades de Sanidade Animal e Vegetal (USAVE) em Valen\u00e7a, Elesb\u00e3o Veloso e Santa Cruz do Piau\u00ed nesses polos os n\u00fameros foram os seguintes: Valen\u00e7a 95,47%, Santa Cruz dos Milagres 93,67% e Elesb\u00e3o Veloso que teve o melhor desempenho com 99,26% do rebanho vacinado.<\/p>\n<p>Em uma computa\u00e7\u00e3o geral, a regional de Valen\u00e7a ficou com um \u00edndice final de 96,23% na quarta coloca\u00e7\u00e3o entre as 13 regionais do Piaui. De acordo com a ADAPI na regi\u00e3o existe um rebanho de 131.216 animais.<\/p>\n<p>\u00c9 bom lembrar que com o selo de livre da aftosa com vacina\u00e7\u00e3o o rebanho piauiense pode ser comercializado vivo ou abatido em qualquer estado brasileiro, al\u00e9m do consumidor piauiense ter a garantia de est\u00e1 consumindo um produto de qualidade certificado pelo Minist\u00e9rio da Agricultura, com chancela da Organiza\u00e7\u00e3o Mundial de Sa\u00fade Animal.<\/p>\n","protected":false},"excerpt":{"rendered":"<p>A regional valenciana da Agencia de Defesa Agropecu\u00e1ria do Piau\u00ed (ADAPI) teve um \u00f3timo desempenho na cobertura vacinal contra a febre aftosa. De acordo com o coordenador regional Joaquim Matias&#8230;<\/p>\n","protected":false},"author":1,"featured_media":22709,"comment_status":"open","ping_status":"open","sticky":false,"template":"","format":"standard","meta":{"ngg_post_thumbnail":0,"footnotes":""},"categories":[12],"tags":[],"class_list":["post-22708","post","type-post","status-publish","format-standard","has-post-thumbnail","hentry","category-valenca-news"],"views":212,"meta_data":{"thumb":"https:\/\/portalv1.com.br\/app\/wp-content\/uploads\/2016\/02\/neto-vaqueiro.jpg","imagem":{"fullsize":{"url":"https:\/\/portalv1.com.br\/app\/wp-content\/uploads\/2016\/02\/neto-vaqueiro.jpg","width":640,"height":480},"thumbnail":{"url":"https:\/\/portalv1.com.br\/app\/wp-content\/uploads\/2016\/02\/neto-vaqueiro-100x100.jpg","width":100,"height":100},"medium":{"url":"https:\/\/portalv1.com.br\/app\/wp-content\/uploads\/2016\/02\/neto-vaqueiro-300x225.jpg","width":300,"height":225},"large":{"url":"https:\/\/portalv1.com.br\/app\/wp-content\/uploads\/2016\/02\/neto-vaqueiro-640x480.jpg","width":640,"height":480}},"data":{"simple":"31\/01\/2016","date_time":"31\/01\/2016 21:53:48","date":"h\u00e1 10 anos"},"chapeu":"ADAPI","source":"foto_menor"},"_links":{"self":[{"href":"https:\/\/portalv1.com.br\/api\/wp\/v2\/posts\/22708","targetHints":{"allow":["GET"]}}],"collection":[{"href":"https:\/\/portalv1.com.br\/api\/wp\/v2\/posts"}],"about":[{"href":"https:\/\/portalv1.com.br\/api\/wp\/v2\/types\/post"}],"author":[{"embeddable":true,"href":"https:\/\/portalv1.com.br\/api\/wp\/v2\/users\/1"}],"replies":[{"embeddable":true,"href":"https:\/\/portalv1.com.br\/api\/wp\/v2\/comments?post=22708"}],"version-history":[{"count":0,"href":"https:\/\/portalv1.com.br\/api\/wp\/v2\/posts\/22708\/revisions"}],"wp:featuredmedia":[{"embeddable":true,"href":"https:\/\/portalv1.com.br\/api\/wp\/v2\/media\/22709"}],"wp:attachment":[{"href":"https:\/\/portalv1.com.br\/api\/wp\/v2\/media?parent=22708"}],"wp:term":[{"taxonomy":"category","embeddable":true,"href":"https:\/\/portalv1.com.br\/api\/wp\/v2\/categories?post=22708"},{"taxonomy":"post_tag","embeddable":true,"href":"https:\/\/portalv1.com.br\/api\/wp\/v2\/tags?post=22708"}],"curies":[{"name":"wp","href":"https:\/\/api.w.org\/{rel}","templated":true}]}}