{"id":227113,"date":"2025-01-03T23:14:45","date_gmt":"2025-01-04T02:14:45","guid":{"rendered":"https:\/\/portalv1.com.br\/?p=227113"},"modified":"2025-01-03T23:14:57","modified_gmt":"2025-01-04T02:14:57","slug":"governo-federal-e-estadual-divulgam-listas-de-feriados-e-ponto-facultativo-em-2025","status":"publish","type":"post","link":"https:\/\/portalv1.com.br\/governo-federal-e-estadual-divulgam-listas-de-feriados-e-ponto-facultativo-em-2025\/","title":{"rendered":"Governo Federal e Estadual divulgam listas de feriados e ponto facultativo em 2025"},"content":{"rendered":"\n<p>Foi publicado no Di\u00e1rio Oficial do Estado do Piau\u00ed desta sexta-feira (3) o decreto que estabelece os feriados e pontos facultativos de 2025 em todo o estado do Piau\u00ed. No documento, assinado pelo governador Rafael Fonteles, ficam definidas 11 datas como feriados e 8 como pontos facultativos.<\/p>\n\n\n\n<p>Assim como em 2023 e 2024, haver\u00e1 ponto facultativo durante o carnaval. Nos dias 03 e 04 de mar\u00e7o, bem como no dia 5 (quarta-feira de cinzas) n\u00e3o haver\u00e1 expediente nos \u00f3rg\u00e3os e entidades da administra\u00e7\u00e3o p\u00fablica estadual, com exce\u00e7\u00e3o das atividades consideradas essenciais.<\/p>\n\n\n\n<p>Dos feriados deste ano, quatro v\u00e3o cair em um domingo &#8211; s\u00e3o os feriados da Independ\u00eancia, Nossa Senhora Aparecida, Dia do Piau\u00ed e Finados &#8211; nos meses de setembro a novembro. Al\u00e9m deles, o feriado da Proclama\u00e7\u00e3o da Rep\u00fablica, tamb\u00e9m em novembro, cair\u00e1 em um s\u00e1bado.<\/p>\n\n\n\n<p><strong>Veja lista completa dos feriados:<\/strong><\/p>\n\n\n\n<p>I &#8211; 18 de abril (sexta-feira) &#8211; Paix\u00e3o de Cristo;<\/p>\n\n\n\n<p>II &#8211; 21 de abril (segunda-feira) &#8211; Tiradentes;<\/p>\n\n\n\n<p>III &#8211; 1\u00ba de maio (quinta-feira) &#8211; Dia do Trabalhador;<\/p>\n\n\n\n<p>IV &#8211; 19 de junho (quinta-feira) &#8211; Corpus Christi;<\/p>\n\n\n\n<p>V &#8211; 07 de setembro (domingo) &#8211; Independ\u00eancia do Brasil;<\/p>\n\n\n\n<p>VI &#8211; 12 de outubro (domingo) &#8211; Dia de Nossa Senhora Aparecida;<\/p>\n\n\n\n<p>VII &#8211; 19 de outubro (domingo) &#8211; Dia do Piau\u00ed;<\/p>\n\n\n\n<p>VIII &#8211; 02 de novembro (domingo) \u2013 Finados;<\/p>\n\n\n\n<p>IX &#8211; 15 de novembro (s\u00e1bado) &#8211; Proclama\u00e7\u00e3o da Rep\u00fablica;<\/p>\n\n\n\n<p>X &#8211; 20 de novembro (quinta-feira) &#8211; Dia Nacional do Zumbi e da Consci\u00eancia Negra;<\/p>\n\n\n\n<p>XI &#8211; 25 de dezembro (quinta-feira) &#8211; Natal.<\/p>\n\n\n\n<p><strong>Veja lista dos pontos facultativos:<\/strong><\/p>\n\n\n\n<p>I &#8211; 03 de mar\u00e7o (segunda-feira) &#8211; Carnaval;<\/p>\n\n\n\n<p>II &#8211; 04 de mar\u00e7o (ter\u00e7a-feira) &#8211; Carnaval;<\/p>\n\n\n\n<p>III &#8211; 05 de mar\u00e7o (quarta-feira) &#8211; Cinzas;<\/p>\n\n\n\n<p>IV &#8211; 17 de abril (quinta-feira) &#8211; Semana Santa;<\/p>\n\n\n\n<p>V &#8211; 28 de outubro (ter\u00e7a-feira) &#8211; Dia do Servidor P\u00fablico Estadual;<\/p>\n\n\n\n<p>VI &#8211; 08 de dezembro (segunda-feira) &#8211; Dia de Nossa Senhora da Concei\u00e7\u00e3o<\/p>\n\n\n\n<p>VII &#8211; 24 de dezembro (quarta-feira) &#8211; v\u00e9spera do Natal;<\/p>\n\n\n\n<p>VIII &#8211; 31 de dezembro (quarta-feira) &#8211; v\u00e9spera da Confraterniza\u00e7\u00e3o Universal de Ano Novo.<\/p>\n\n\n\n<p><strong>O Governo Federal tamb\u00e9m publicou a lista de feriados nacionais e ponto facultativo<\/strong><\/p>\n\n\n\n<p><strong>Janeiro<\/strong><\/p>\n\n\n\n<p>1\u00ba de janeiro (quarta-feira), Confraterniza\u00e7\u00e3o Universal (feriado nacional<\/p>\n\n\n\n<p><strong>Mar\u00e7o<\/strong><\/p>\n\n\n\n<p>3 de mar\u00e7o (segunda-feira), Carnaval (ponto facultativo);<\/p>\n\n\n\n<p>4 de mar\u00e7o (ter\u00e7a-feira), Carnaval (ponto facultativo);<\/p>\n\n\n\n<p>5 de mar\u00e7o, Quarta-Feira de Cinzas (ponto facultativo at\u00e9 as 14h)<\/p>\n\n\n\n<p><strong>Abril<\/strong><\/p>\n\n\n\n<p>18 de abril (sexta-feira), Paix\u00e3o de Cristo (feriado nacional);<\/p>\n\n\n\n<p>21 de abril (segunda-feira), Tiradentes (feriado nacional);<\/p>\n\n\n\n<p><strong>Maio<\/strong><\/p>\n\n\n\n<p>1\u00ba de maio (quinta-feira), Dia Mundial do Trabalho (feriado nacional);<\/p>\n\n\n\n<p><strong>Junho<\/strong><\/p>\n\n\n\n<p>19 de junho (quinta-feira), Corpus Christi (ponto facultativo);<\/p>\n\n\n\n<p>20 de junho (sexta-feira) ser\u00e1 ponto facultativo;<\/p>\n\n\n\n<p><strong>Setembro<\/strong><\/p>\n\n\n\n<p>7 de setembro (domingo), Independ\u00eancia do Brasil (feriado nacional);<\/p>\n\n\n\n<p><strong>Outubro<\/strong><\/p>\n\n\n\n<p>12 de outubro (domingo), Nossa Senhora Aparecida (feriado nacional);<\/p>\n\n\n\n<p>28 de outubro, Dia do Servidor P\u00fablico federal (ponto facultativo), a ser comemorado dia 27;<\/p>\n\n\n\n<p><strong>Novembro<\/strong><\/p>\n\n\n\n<p>2 de novembro (domingo), Finados (feriado nacional);<\/p>\n\n\n\n<p>15 de novembro (s\u00e1bado), Proclama\u00e7\u00e3o da Rep\u00fablica (feriado nacional);<\/p>\n\n\n\n<p>20 de novembro (quinta-feira), Dia Nacional de Zumbi e da Consci\u00eancia Negra (feriado nacional);<\/p>\n\n\n\n<p><strong>Dezembro<\/strong><\/p>\n\n\n\n<p>24 de dezembro (quarta-feira), V\u00e9spera do Natal (ponto facultativo ap\u00f3s as 13h);<\/p>\n\n\n\n<p>25 de dezembro (quinta-feira), Natal (feriado nacional);<\/p>\n\n\n\n<p>31 de dezembro (quarta-feira), V\u00e9spera do Ano Novo (ponto facultativo ap\u00f3s as 13h).<\/p>\n\n\n\n<p>Fonte; cidadeverde.com<\/p>\n","protected":false},"excerpt":{"rendered":"<p>Foi publicado no Di\u00e1rio Oficial do Estado do Piau\u00ed desta sexta-feira (3) o decreto que estabelece os feriados e pontos facultativos de 2025 em todo o estado do Piau\u00ed. No&#8230;<\/p>\n","protected":false},"author":1,"featured_media":227114,"comment_status":"open","ping_status":"open","sticky":false,"template":"","format":"standard","meta":{"ngg_post_thumbnail":0,"footnotes":""},"categories":[243],"tags":[],"class_list":["post-227113","post","type-post","status-publish","format-standard","has-post-thumbnail","hentry","category-geral"],"views":400,"meta_data":{"thumb":"https:\/\/portalv1.com.br\/app\/wp-content\/uploads\/2025\/01\/Calendario-Mensal-de-Fevereiro-2025.jpg","imagem":{"fullsize":{"url":"https:\/\/portalv1.com.br\/app\/wp-content\/uploads\/2025\/01\/Calendario-Mensal-de-Fevereiro-2025.jpg","width":1920,"height":1080},"medium":{"url":"https:\/\/portalv1.com.br\/app\/wp-content\/uploads\/2025\/01\/Calendario-Mensal-de-Fevereiro-2025-300x169.jpg","width":300,"height":169},"large":{"url":"https:\/\/portalv1.com.br\/app\/wp-content\/uploads\/2025\/01\/Calendario-Mensal-de-Fevereiro-2025-640x360.jpg","width":640,"height":360},"thumbnail":{"url":"https:\/\/portalv1.com.br\/app\/wp-content\/uploads\/2025\/01\/Calendario-Mensal-de-Fevereiro-2025-100x100.jpg","width":100,"height":100},"medium_large":{"url":"https:\/\/portalv1.com.br\/app\/wp-content\/uploads\/2025\/01\/Calendario-Mensal-de-Fevereiro-2025-768x432.jpg","width":768,"height":432},"1536x1536":{"url":"https:\/\/portalv1.com.br\/app\/wp-content\/uploads\/2025\/01\/Calendario-Mensal-de-Fevereiro-2025-1536x864.jpg","width":1536,"height":864}},"data":{"simple":"03\/01\/2025","date_time":"03\/01\/2025 20:14:45","date":"h\u00e1 1 ano"},"chapeu":"Veja detalhes ","source":"m_destacada"},"_links":{"self":[{"href":"https:\/\/portalv1.com.br\/api\/wp\/v2\/posts\/227113","targetHints":{"allow":["GET"]}}],"collection":[{"href":"https:\/\/portalv1.com.br\/api\/wp\/v2\/posts"}],"about":[{"href":"https:\/\/portalv1.com.br\/api\/wp\/v2\/types\/post"}],"author":[{"embeddable":true,"href":"https:\/\/portalv1.com.br\/api\/wp\/v2\/users\/1"}],"replies":[{"embeddable":true,"href":"https:\/\/portalv1.com.br\/api\/wp\/v2\/comments?post=227113"}],"version-history":[{"count":0,"href":"https:\/\/portalv1.com.br\/api\/wp\/v2\/posts\/227113\/revisions"}],"wp:featuredmedia":[{"embeddable":true,"href":"https:\/\/portalv1.com.br\/api\/wp\/v2\/media\/227114"}],"wp:attachment":[{"href":"https:\/\/portalv1.com.br\/api\/wp\/v2\/media?parent=227113"}],"wp:term":[{"taxonomy":"category","embeddable":true,"href":"https:\/\/portalv1.com.br\/api\/wp\/v2\/categories?post=227113"},{"taxonomy":"post_tag","embeddable":true,"href":"https:\/\/portalv1.com.br\/api\/wp\/v2\/tags?post=227113"}],"curies":[{"name":"wp","href":"https:\/\/api.w.org\/{rel}","templated":true}]}}