{"id":227133,"date":"2025-01-05T18:17:38","date_gmt":"2025-01-05T21:17:38","guid":{"rendered":"https:\/\/portalv1.com.br\/?p=227133"},"modified":"2025-01-05T18:17:39","modified_gmt":"2025-01-05T21:17:39","slug":"chapa-de-oposicao-vence-eleicao-na-uniao-das-camaras-municipais-do-piaui","status":"publish","type":"post","link":"https:\/\/portalv1.com.br\/chapa-de-oposicao-vence-eleicao-na-uniao-das-camaras-municipais-do-piaui\/","title":{"rendered":"Chapa de oposi\u00e7\u00e3o vence elei\u00e7\u00e3o na Uni\u00e3o das C\u00e2maras Municipais do Piau\u00ed"},"content":{"rendered":"\n<p>A chapa de oposi\u00e7\u00e3o a atual gest\u00e3o, formada pelos vereadores Rodrigo Rocha do munic\u00edpio de Baixa Grande do Ribeiro (presidente), e pelo vereador Abra\u00e3o Ara\u00fajo de Jos\u00e9 de Freitas (vice), foi eleita para a presid\u00eancia da Uni\u00e3o das C\u00e2maras Municipais do Piau\u00ed (AVEP) com 382 votos e ter\u00e3o um mandato de quatro anos \u00e0 frente da entidade.<\/p>\n\n\n\n<p>A chapa ligada ao presidente em exerc\u00edcio, Jos\u00e9 Cardoso da cidade de S\u00e3o Miguel do Tapuio, formada pelos vereadores Lula Bravo de Paranagu\u00e1 do Piau\u00ed (candidato a presidente), e pela vereadora Rafaella Sampaio de Valen\u00e7a (candidata a vice), obteve 358 votos, ou seja, 24 a menos do que a chapa vencedora.<\/p>\n\n\n\n<p>Na elei\u00e7\u00e3o realizada hoje (04) em onze regionais de vota\u00e7\u00e3o, foram registrados 740 votos de vereadores de 90 munic\u00edpios do Piau\u00ed que contam com as C\u00e2maras Municipais filiadas a AVEP.<\/p>\n\n\n\n<p>Os integrantes da chapa vencedora devem tomar posse pr\u00f3xima semana na sede da institui\u00e7\u00e3o, localizada no centro de Teresina.<\/p>\n\n\n\n<p>Emocionado com o resultado, Rodrigo destacou a import\u00e2ncia do momento e agradeceu o apoio recebido durante a campanha. \u201c\u00c9 de grande import\u00e2ncia, gra\u00e7as a Deus, esse resultado. Elei\u00e7\u00e3o \u00e9 isso, \u00e9 disputada at\u00e9 o fim, e eu agrade\u00e7o aos amigos vereadores que nos apoiaram, \u00e0 minha fam\u00edlia que veio prestigiar a apura\u00e7\u00e3o e, principalmente, a Deus. Vou representar bem todos os vereadores do Piau\u00ed, aqueles que confiaram e apoiaram minha caminhada. Retribuirei essa confian\u00e7a com muito trabalho\u201d, afirmou o novo presidente.<\/p>\n\n\n<figure class=\"wp-block-post-featured-image\"><img loading=\"lazy\" decoding=\"async\" width=\"1600\" height=\"1200\" src=\"https:\/\/portalv1.com.br\/app\/wp-content\/uploads\/2025\/01\/14_-2303927885775327718.jpeg\" class=\"attachment-post-thumbnail size-post-thumbnail wp-post-image\" alt=\"\" style=\"object-fit:cover;\" srcset=\"https:\/\/portalv1.com.br\/app\/wp-content\/uploads\/2025\/01\/14_-2303927885775327718.jpeg 1600w, https:\/\/portalv1.com.br\/app\/wp-content\/uploads\/2025\/01\/14_-2303927885775327718-300x225.jpeg 300w, https:\/\/portalv1.com.br\/app\/wp-content\/uploads\/2025\/01\/14_-2303927885775327718-640x480.jpeg 640w, https:\/\/portalv1.com.br\/app\/wp-content\/uploads\/2025\/01\/14_-2303927885775327718-768x576.jpeg 768w, https:\/\/portalv1.com.br\/app\/wp-content\/uploads\/2025\/01\/14_-2303927885775327718-1536x1152.jpeg 1536w\" sizes=\"auto, (max-width: 1600px) 100vw, 1600px\" \/><\/figure>\n\n\n<p>Fonte: Portal A10+<\/p>\n","protected":false},"excerpt":{"rendered":"<p>A chapa de oposi\u00e7\u00e3o a atual gest\u00e3o, formada pelos vereadores Rodrigo Rocha do munic\u00edpio de Baixa Grande do Ribeiro (presidente), e pelo vereador Abra\u00e3o Ara\u00fajo de Jos\u00e9 de Freitas (vice),&#8230;<\/p>\n","protected":false},"author":1,"featured_media":227134,"comment_status":"open","ping_status":"open","sticky":false,"template":"","format":"standard","meta":{"ngg_post_thumbnail":0,"footnotes":""},"categories":[243],"tags":[],"class_list":["post-227133","post","type-post","status-publish","format-standard","has-post-thumbnail","hentry","category-geral"],"views":469,"meta_data":{"thumb":"https:\/\/portalv1.com.br\/app\/wp-content\/uploads\/2025\/01\/14_-2303927885775327718.jpeg","imagem":{"fullsize":{"url":"https:\/\/portalv1.com.br\/app\/wp-content\/uploads\/2025\/01\/14_-2303927885775327718.jpeg","width":1600,"height":1200},"medium":{"url":"https:\/\/portalv1.com.br\/app\/wp-content\/uploads\/2025\/01\/14_-2303927885775327718-300x225.jpeg","width":300,"height":225},"large":{"url":"https:\/\/portalv1.com.br\/app\/wp-content\/uploads\/2025\/01\/14_-2303927885775327718-640x480.jpeg","width":640,"height":480},"thumbnail":{"url":"https:\/\/portalv1.com.br\/app\/wp-content\/uploads\/2025\/01\/14_-2303927885775327718-100x100.jpeg","width":100,"height":100},"medium_large":{"url":"https:\/\/portalv1.com.br\/app\/wp-content\/uploads\/2025\/01\/14_-2303927885775327718-768x576.jpeg","width":768,"height":576},"1536x1536":{"url":"https:\/\/portalv1.com.br\/app\/wp-content\/uploads\/2025\/01\/14_-2303927885775327718-1536x1152.jpeg","width":1536,"height":1152}},"data":{"simple":"05\/01\/2025","date_time":"05\/01\/2025 15:17:38","date":"h\u00e1 1 ano"},"chapeu":"Valenciana era candidata a vice pela oposi\u00e7\u00e3o ","source":"slide"},"_links":{"self":[{"href":"https:\/\/portalv1.com.br\/api\/wp\/v2\/posts\/227133","targetHints":{"allow":["GET"]}}],"collection":[{"href":"https:\/\/portalv1.com.br\/api\/wp\/v2\/posts"}],"about":[{"href":"https:\/\/portalv1.com.br\/api\/wp\/v2\/types\/post"}],"author":[{"embeddable":true,"href":"https:\/\/portalv1.com.br\/api\/wp\/v2\/users\/1"}],"replies":[{"embeddable":true,"href":"https:\/\/portalv1.com.br\/api\/wp\/v2\/comments?post=227133"}],"version-history":[{"count":0,"href":"https:\/\/portalv1.com.br\/api\/wp\/v2\/posts\/227133\/revisions"}],"wp:featuredmedia":[{"embeddable":true,"href":"https:\/\/portalv1.com.br\/api\/wp\/v2\/media\/227134"}],"wp:attachment":[{"href":"https:\/\/portalv1.com.br\/api\/wp\/v2\/media?parent=227133"}],"wp:term":[{"taxonomy":"category","embeddable":true,"href":"https:\/\/portalv1.com.br\/api\/wp\/v2\/categories?post=227133"},{"taxonomy":"post_tag","embeddable":true,"href":"https:\/\/portalv1.com.br\/api\/wp\/v2\/tags?post=227133"}],"curies":[{"name":"wp","href":"https:\/\/api.w.org\/{rel}","templated":true}]}}