{"id":227141,"date":"2025-01-06T11:36:50","date_gmt":"2025-01-06T14:36:50","guid":{"rendered":"https:\/\/portalv1.com.br\/?p=227141"},"modified":"2025-01-07T10:00:07","modified_gmt":"2025-01-07T13:00:07","slug":"seduc-prorroga-prazo-para-matriculas-na-rede-estadual-ate-o-dia-19-de-janeiro","status":"publish","type":"post","link":"https:\/\/portalv1.com.br\/seduc-prorroga-prazo-para-matriculas-na-rede-estadual-ate-o-dia-19-de-janeiro\/","title":{"rendered":"Seduc prorroga prazo para matr\u00edculas na Rede Estadual at\u00e9 o dia 19 de janeiro"},"content":{"rendered":"\n<p>A Secretaria de Estado da Educa\u00e7\u00e3o (Seduc) prorrogou o prazo de matr\u00edculas para novos estudantes. O novo prazo \u00e9 at\u00e9 o dia 19 de janeiro de 2025. O processo \u00e9 100% digital e foi desenvolvido para garantir praticidade e acessibilidade aos alunos e seus respons\u00e1veis.<\/p>\n\n\n\n<p>O procedimento deve ser realizado por meio da plataforma Gov.Pi Cidad\u00e3o (<a href=\"https:\/\/www.seduc.pi.gov.br\/noticias\/noticia\/12431\/pidigital.pi.gov.br\" target=\"_blank\" rel=\"noreferrer noopener\">pidigital.pi.gov.br<\/a>), que tamb\u00e9m est\u00e1 dispon\u00edvel como aplicativo para dispositivos iOS e Android.<\/p>\n\n\n\n<p>As vagas dispon\u00edveis contemplam escolas nos n\u00edveis Fundamental e M\u00e9dio, nas seguintes modalidades: Regular, Educa\u00e7\u00e3o Profissional, Educa\u00e7\u00e3o de Jovens e Adultos, Educa\u00e7\u00e3o Especial, Educa\u00e7\u00e3o do Campo, Educa\u00e7\u00e3o Escolar Ind\u00edgena, Educa\u00e7\u00e3o Escolar Quilombola, em regime de Tempo Integral e Parcial.<\/p>\n\n\n\n<p>Os documentos necess\u00e1rios para a efetiva\u00e7\u00e3o da matr\u00edcula digital dever\u00e3o ser apresentados na escola durante a primeira semana de aula, pelo estudante ou respons\u00e1vel legal, de acordo com a etapa ou modalidade de ensino.&nbsp;<\/p>\n\n\n\n<p>De acordo com o Secret\u00e1rio Washington Bandeira, a prorroga\u00e7\u00e3o do per\u00edodo de matr\u00edculas \u00e9 uma forma de assegurar que os estudantes tenham mais tempo para realizar o processo. \u201cO nosso objetivo \u00e9 que todos possam realizar o processo digital de forma tranquila e segura. Estamos preparando um ano letivo especial, com a universaliza\u00e7\u00e3o do ensino em Tempo Integral e a oferta de mais cursos t\u00e9cnicos em diversas \u00e1reas&#8221;, destacou.&nbsp;<\/p>\n","protected":false},"excerpt":{"rendered":"<p>A Secretaria de Estado da Educa\u00e7\u00e3o (Seduc) prorrogou o prazo de matr\u00edculas para novos estudantes. O novo prazo \u00e9 at\u00e9 o dia 19 de janeiro de 2025. O processo \u00e9&#8230;<\/p>\n","protected":false},"author":1,"featured_media":227143,"comment_status":"open","ping_status":"open","sticky":false,"template":"","format":"standard","meta":{"ngg_post_thumbnail":0,"footnotes":""},"categories":[243],"tags":[],"class_list":["post-227141","post","type-post","status-publish","format-standard","has-post-thumbnail","hentry","category-geral"],"views":264,"meta_data":{"thumb":"https:\/\/portalv1.com.br\/app\/wp-content\/uploads\/2025\/01\/educacao.jpg","imagem":{"fullsize":{"url":"https:\/\/portalv1.com.br\/app\/wp-content\/uploads\/2025\/01\/educacao.jpg","width":960,"height":540},"medium":{"url":"https:\/\/portalv1.com.br\/app\/wp-content\/uploads\/2025\/01\/educacao-300x169.jpg","width":300,"height":169},"large":{"url":"https:\/\/portalv1.com.br\/app\/wp-content\/uploads\/2025\/01\/educacao-640x360.jpg","width":640,"height":360},"thumbnail":{"url":"https:\/\/portalv1.com.br\/app\/wp-content\/uploads\/2025\/01\/educacao-100x100.jpg","width":100,"height":100},"medium_large":{"url":"https:\/\/portalv1.com.br\/app\/wp-content\/uploads\/2025\/01\/educacao-768x432.jpg","width":768,"height":432}},"data":{"simple":"06\/01\/2025","date_time":"06\/01\/2025 08:36:50","date":"h\u00e1 1 ano"},"chapeu":"Saiba mais","source":"slide"},"_links":{"self":[{"href":"https:\/\/portalv1.com.br\/api\/wp\/v2\/posts\/227141","targetHints":{"allow":["GET"]}}],"collection":[{"href":"https:\/\/portalv1.com.br\/api\/wp\/v2\/posts"}],"about":[{"href":"https:\/\/portalv1.com.br\/api\/wp\/v2\/types\/post"}],"author":[{"embeddable":true,"href":"https:\/\/portalv1.com.br\/api\/wp\/v2\/users\/1"}],"replies":[{"embeddable":true,"href":"https:\/\/portalv1.com.br\/api\/wp\/v2\/comments?post=227141"}],"version-history":[{"count":0,"href":"https:\/\/portalv1.com.br\/api\/wp\/v2\/posts\/227141\/revisions"}],"wp:featuredmedia":[{"embeddable":true,"href":"https:\/\/portalv1.com.br\/api\/wp\/v2\/media\/227143"}],"wp:attachment":[{"href":"https:\/\/portalv1.com.br\/api\/wp\/v2\/media?parent=227141"}],"wp:term":[{"taxonomy":"category","embeddable":true,"href":"https:\/\/portalv1.com.br\/api\/wp\/v2\/categories?post=227141"},{"taxonomy":"post_tag","embeddable":true,"href":"https:\/\/portalv1.com.br\/api\/wp\/v2\/tags?post=227141"}],"curies":[{"name":"wp","href":"https:\/\/api.w.org\/{rel}","templated":true}]}}