{"id":227150,"date":"2025-01-07T10:27:45","date_gmt":"2025-01-07T13:27:45","guid":{"rendered":"https:\/\/portalv1.com.br\/?p=227150"},"modified":"2025-01-07T10:27:46","modified_gmt":"2025-01-07T13:27:46","slug":"ex-juiza-de-valenca-sera-a-1a-mulher-a-assumir-a-presidencia-da-associacao-dos-magistrados","status":"publish","type":"post","link":"https:\/\/portalv1.com.br\/ex-juiza-de-valenca-sera-a-1a-mulher-a-assumir-a-presidencia-da-associacao-dos-magistrados\/","title":{"rendered":"Ex-juiza de Valen\u00e7a ser\u00e1 a 1\u00aa mulher a assumir a presid\u00eancia da Associa\u00e7\u00e3o dos Magistrados"},"content":{"rendered":"\n<p>A ju\u00edza Keylla Ranyere Lopes Teixeira Proc\u00f3pio tomou posse como presidente da Associa\u00e7\u00e3o dos Magistrados Piauienses. A posse administrativa ocorreu nessa segunda-feira (06), na sede da associa\u00e7\u00e3o, com a presen\u00e7a de membros da Diretoria e do Conselho Fiscal.<\/p>\n\n\n\n<p>J\u00e1 a posse solene est\u00e1 marcada para o dia 10 de janeiro, \u00e0s 19h, no audit\u00f3rio do novo pr\u00e9dio do Tribunal de Justi\u00e7a do Piau\u00ed. Ela \u00e9 a primeira mulher a assumir a presid\u00eancia da entidade.<\/p>\n\n\n\n<p>A magistrada foi a respons\u00e1vel pela decis\u00e3o que culminou com a cassa\u00e7\u00e3o dos vereadores em Valen\u00e7a do Piau\u00ed relacionada \u00e0s cotas de g\u00eanero (candidaturas laranjas), contribuindo para a mudan\u00e7a da jurisprud\u00eancia nacional a respeito da tem\u00e1tica.<\/p>\n\n\n\n<p>Atualmente \u00e9 titular da 3\u00aa Vara de Fam\u00edlia da Comarca de Teresina(PI) e membra substituta de 2.\u00ba grau do Tribunal Regional Eleitoral do Piau\u00ed.<\/p>\n\n\n<figure class=\"wp-block-post-featured-image\"><img loading=\"lazy\" decoding=\"async\" width=\"1024\" height=\"682\" src=\"https:\/\/portalv1.com.br\/app\/wp-content\/uploads\/2025\/01\/keyla.jpeg\" class=\"attachment-post-thumbnail size-post-thumbnail wp-post-image\" alt=\"\" style=\"object-fit:cover;\" srcset=\"https:\/\/portalv1.com.br\/app\/wp-content\/uploads\/2025\/01\/keyla.jpeg 1024w, https:\/\/portalv1.com.br\/app\/wp-content\/uploads\/2025\/01\/keyla-300x200.jpeg 300w, https:\/\/portalv1.com.br\/app\/wp-content\/uploads\/2025\/01\/keyla-640x426.jpeg 640w, https:\/\/portalv1.com.br\/app\/wp-content\/uploads\/2025\/01\/keyla-768x512.jpeg 768w\" sizes=\"auto, (max-width: 1024px) 100vw, 1024px\" \/><\/figure>","protected":false},"excerpt":{"rendered":"<p>A ju\u00edza Keylla Ranyere Lopes Teixeira Proc\u00f3pio tomou posse como presidente da Associa\u00e7\u00e3o dos Magistrados Piauienses. A posse administrativa ocorreu nessa segunda-feira (06), na sede da associa\u00e7\u00e3o, com a presen\u00e7a&#8230;<\/p>\n","protected":false},"author":1,"featured_media":227151,"comment_status":"open","ping_status":"open","sticky":false,"template":"","format":"standard","meta":{"ngg_post_thumbnail":0,"footnotes":""},"categories":[243],"tags":[],"class_list":["post-227150","post","type-post","status-publish","format-standard","has-post-thumbnail","hentry","category-geral"],"views":408,"meta_data":{"thumb":"https:\/\/portalv1.com.br\/app\/wp-content\/uploads\/2025\/01\/keyla.jpeg","imagem":{"fullsize":{"url":"https:\/\/portalv1.com.br\/app\/wp-content\/uploads\/2025\/01\/keyla.jpeg","width":1024,"height":682},"medium":{"url":"https:\/\/portalv1.com.br\/app\/wp-content\/uploads\/2025\/01\/keyla-300x200.jpeg","width":300,"height":200},"large":{"url":"https:\/\/portalv1.com.br\/app\/wp-content\/uploads\/2025\/01\/keyla-640x426.jpeg","width":640,"height":426},"thumbnail":{"url":"https:\/\/portalv1.com.br\/app\/wp-content\/uploads\/2025\/01\/keyla-100x100.jpeg","width":100,"height":100},"medium_large":{"url":"https:\/\/portalv1.com.br\/app\/wp-content\/uploads\/2025\/01\/keyla-768x512.jpeg","width":768,"height":512}},"data":{"simple":"07\/01\/2025","date_time":"07\/01\/2025 07:27:45","date":"h\u00e1 1 ano"},"chapeu":"Veja detalhes ","source":"slide"},"_links":{"self":[{"href":"https:\/\/portalv1.com.br\/api\/wp\/v2\/posts\/227150","targetHints":{"allow":["GET"]}}],"collection":[{"href":"https:\/\/portalv1.com.br\/api\/wp\/v2\/posts"}],"about":[{"href":"https:\/\/portalv1.com.br\/api\/wp\/v2\/types\/post"}],"author":[{"embeddable":true,"href":"https:\/\/portalv1.com.br\/api\/wp\/v2\/users\/1"}],"replies":[{"embeddable":true,"href":"https:\/\/portalv1.com.br\/api\/wp\/v2\/comments?post=227150"}],"version-history":[{"count":0,"href":"https:\/\/portalv1.com.br\/api\/wp\/v2\/posts\/227150\/revisions"}],"wp:featuredmedia":[{"embeddable":true,"href":"https:\/\/portalv1.com.br\/api\/wp\/v2\/media\/227151"}],"wp:attachment":[{"href":"https:\/\/portalv1.com.br\/api\/wp\/v2\/media?parent=227150"}],"wp:term":[{"taxonomy":"category","embeddable":true,"href":"https:\/\/portalv1.com.br\/api\/wp\/v2\/categories?post=227150"},{"taxonomy":"post_tag","embeddable":true,"href":"https:\/\/portalv1.com.br\/api\/wp\/v2\/tags?post=227150"}],"curies":[{"name":"wp","href":"https:\/\/api.w.org\/{rel}","templated":true}]}}