{"id":227173,"date":"2025-01-08T07:23:00","date_gmt":"2025-01-08T10:23:00","guid":{"rendered":"https:\/\/portalv1.com.br\/?p=227173"},"modified":"2025-01-08T11:19:05","modified_gmt":"2025-01-08T14:19:05","slug":"educacao-de-varzea-grande-esta-com-matriculas-abertas-e-prefeito-anuncia-escola-de-tempo-integral","status":"publish","type":"post","link":"https:\/\/portalv1.com.br\/educacao-de-varzea-grande-esta-com-matriculas-abertas-e-prefeito-anuncia-escola-de-tempo-integral\/","title":{"rendered":"Educa\u00e7\u00e3o de V\u00e1rzea Grande est\u00e1 com matr\u00edculas abertas e prefeito anuncia escola de tempo integral"},"content":{"rendered":"\n<p>O munic\u00edpio de V\u00e1rzea Grande do Piau\u00ed est\u00e1 com matr\u00edculas abertas para o ensino infantil para o ano letivo de 2025. A Escola de Ensino Infantil Municipal Prima Kelly, localizada no Conjunto IoI\u00f4 Sousa, est\u00e1 realizando inscri\u00e7\u00f5es das 8h \u00e0s 14h, entre os dias 6 e 31 de janeiro.<\/p>\n\n\n\n<p>Os pais ou respons\u00e1veis devem apresentar c\u00f3pias dos seguintes documentos: certid\u00e3o de nascimento, comprovante de resid\u00eancia, CPF, foto 3&#215;4, cart\u00e3o do SUS, n\u00famero do NIS e documentos pessoais dos respons\u00e1veis. Crian\u00e7as com laudos tamb\u00e9m devem apresentar a documenta\u00e7\u00e3o espec\u00edfica durante o processo de matr\u00edcula.<\/p>\n\n\n\n<p>Durante a gest\u00e3o do prefeito Dr. Segundo, a educa\u00e7\u00e3o municipal tem alcan\u00e7ado importantes avan\u00e7os, como comprova o bom desempenho no \u00cdndice de Desenvolvimento da Educa\u00e7\u00e3o do Piau\u00ed (IDEPI). O reconhecimento pelo esfor\u00e7o e dedica\u00e7\u00e3o na educa\u00e7\u00e3o veio tamb\u00e9m atrav\u00e9s do Pr\u00eamio de Excel\u00eancia da Educa\u00e7\u00e3o, concedido pela Uni\u00e3o Nacional dos Dirigentes Municipais de Educa\u00e7\u00e3o (UNDIME). Essa premia\u00e7\u00e3o \u00e9 um reflexo das boas pr\u00e1ticas educacionais implementadas nas escolas do munic\u00edpio.<\/p>\n\n\n\n<p>A administra\u00e7\u00e3o de Dr. Segundo tem investido em importantes parcerias, como o Programa Melhoria da Educa\u00e7\u00e3o do Ita\u00fa Social e do Instituto Chapada (ICEP). Essas colabora\u00e7\u00f5es t\u00eam sido fundamentais para a capacita\u00e7\u00e3o de equipes t\u00e9cnicas da Educa\u00e7\u00e3o por meio de encontros formativos, melhorando a organiza\u00e7\u00e3o estrutural e qualificando as equipes gestoras.<\/p>\n\n\n\n<p>Com essas iniciativas e conquistas, a gest\u00e3o do prefeito Dr. Segundo demonstra seu compromisso em transformar a educa\u00e7\u00e3o em V\u00e1rzea Grande, proporcionando um futuro melhor e mais promissor para todas as crian\u00e7as do munic\u00edpio.<\/p>\n\n\n\n<p>Nas redes sociais o prefeito anunciou nessa ter\u00e7a-feira (7), a reforma do Col\u00e9gio Ezequias Pereira.<\/p>\n\n\n\n<p>\u201cQue tanto se prestou na vida estudantil de tantos vazagrandenses, novamente estar\u00e1 \u00e0 disposi\u00e7\u00e3o da popula\u00e7\u00e3o de V\u00e1rzea Grande. A meta \u00e9 ousada entregar esse col\u00e9gio em pleno funcionamento, reformado, com boa estrutura, para atender o tempo integral dos alunos de V\u00e1rzea Grande no in\u00edcio das aulas\u201d disse o gestor.<\/p>\n\n\n\n<figure class=\"wp-block-embed is-type-video is-provider-youtube wp-block-embed-youtube wp-embed-aspect-16-9 wp-has-aspect-ratio\"><div class=\"wp-block-embed__wrapper\">\n<div class=\"content-iframe\" data-content-width=\"600\"><iframe loading=\"lazy\" title=\"Dr. Segundo anunciou a reforma do col\u00e9gio Ezequias Coelho\" width=\"600\" height=\"338\" src=\"https:\/\/www.youtube.com\/embed\/ayNT0u6HEI0?feature=oembed\" frameborder=\"0\" allow=\"accelerometer; autoplay; clipboard-write; encrypted-media; gyroscope; picture-in-picture; web-share\" referrerpolicy=\"strict-origin-when-cross-origin\" allowfullscreen><\/iframe><\/div>\n<\/div><\/figure>\n\n\n\n<figure class=\"wp-block-image size-full\"><img loading=\"lazy\" decoding=\"async\" width=\"540\" height=\"874\" src=\"https:\/\/portalv1.com.br\/app\/wp-content\/uploads\/2025\/01\/WhatsApp-Image-2025-01-07-at-21.05.55.jpeg\" alt=\"\" class=\"wp-image-227168\" srcset=\"https:\/\/portalv1.com.br\/app\/wp-content\/uploads\/2025\/01\/WhatsApp-Image-2025-01-07-at-21.05.55.jpeg 540w, https:\/\/portalv1.com.br\/app\/wp-content\/uploads\/2025\/01\/WhatsApp-Image-2025-01-07-at-21.05.55-300x486.jpeg 300w\" sizes=\"auto, (max-width: 540px) 100vw, 540px\" \/><\/figure>\n","protected":false},"excerpt":{"rendered":"<p>O munic\u00edpio de V\u00e1rzea Grande do Piau\u00ed est\u00e1 com matr\u00edculas abertas para o ensino infantil para o ano letivo de 2025. A Escola de Ensino Infantil Municipal Prima Kelly, localizada&#8230;<\/p>\n","protected":false},"author":1,"featured_media":227169,"comment_status":"open","ping_status":"open","sticky":false,"template":"","format":"standard","meta":{"ngg_post_thumbnail":0,"footnotes":""},"categories":[243],"tags":[],"class_list":["post-227173","post","type-post","status-publish","format-standard","has-post-thumbnail","hentry","category-geral"],"views":298,"meta_data":{"thumb":"https:\/\/portalv1.com.br\/app\/wp-content\/uploads\/2025\/01\/WhatsApp-Image-2025-01-07-at-21.12.52.jpeg","imagem":{"fullsize":{"url":"https:\/\/portalv1.com.br\/app\/wp-content\/uploads\/2025\/01\/WhatsApp-Image-2025-01-07-at-21.12.52.jpeg","width":540,"height":440},"medium":{"url":"https:\/\/portalv1.com.br\/app\/wp-content\/uploads\/2025\/01\/WhatsApp-Image-2025-01-07-at-21.12.52-300x244.jpeg","width":300,"height":244},"thumbnail":{"url":"https:\/\/portalv1.com.br\/app\/wp-content\/uploads\/2025\/01\/WhatsApp-Image-2025-01-07-at-21.12.52-100x100.jpeg","width":100,"height":100}},"data":{"simple":"08\/01\/2025","date_time":"08\/01\/2025 04:23:00","date":"h\u00e1 1 ano"},"chapeu":"Veja detalhes ","source":"slide"},"_links":{"self":[{"href":"https:\/\/portalv1.com.br\/api\/wp\/v2\/posts\/227173","targetHints":{"allow":["GET"]}}],"collection":[{"href":"https:\/\/portalv1.com.br\/api\/wp\/v2\/posts"}],"about":[{"href":"https:\/\/portalv1.com.br\/api\/wp\/v2\/types\/post"}],"author":[{"embeddable":true,"href":"https:\/\/portalv1.com.br\/api\/wp\/v2\/users\/1"}],"replies":[{"embeddable":true,"href":"https:\/\/portalv1.com.br\/api\/wp\/v2\/comments?post=227173"}],"version-history":[{"count":0,"href":"https:\/\/portalv1.com.br\/api\/wp\/v2\/posts\/227173\/revisions"}],"wp:featuredmedia":[{"embeddable":true,"href":"https:\/\/portalv1.com.br\/api\/wp\/v2\/media\/227169"}],"wp:attachment":[{"href":"https:\/\/portalv1.com.br\/api\/wp\/v2\/media?parent=227173"}],"wp:term":[{"taxonomy":"category","embeddable":true,"href":"https:\/\/portalv1.com.br\/api\/wp\/v2\/categories?post=227173"},{"taxonomy":"post_tag","embeddable":true,"href":"https:\/\/portalv1.com.br\/api\/wp\/v2\/tags?post=227173"}],"curies":[{"name":"wp","href":"https:\/\/api.w.org\/{rel}","templated":true}]}}