{"id":227179,"date":"2025-01-08T15:43:13","date_gmt":"2025-01-08T18:43:13","guid":{"rendered":"https:\/\/portalv1.com.br\/?p=227179"},"modified":"2025-01-08T16:04:11","modified_gmt":"2025-01-08T19:04:11","slug":"prefeito-marcelo-costa-confirma-mais-nomes-para-o-secretariado-em-valenca","status":"publish","type":"post","link":"https:\/\/portalv1.com.br\/prefeito-marcelo-costa-confirma-mais-nomes-para-o-secretariado-em-valenca\/","title":{"rendered":"Prefeito Marcelo Costa confirma mais nomes para o secretariado em Valen\u00e7a \u00a0"},"content":{"rendered":"\n<p>Ap\u00f3s confirmar os nomes dos secret\u00e1rios de governo, Jos\u00e9 Itamar, e de finan\u00e7as, Alexsandra Soares, durante a cerim\u00f4nia de posse, agora o prefeito Marcelo Costa anunciou outros nomes que integrar\u00e3o sua equipe de governo neste segundo mandato.<\/p>\n\n\n\n<p>A grande novidade foi a nomea\u00e7\u00e3o da vereadora Rafaella Sampaio para a Secretaria Municipal de Sa\u00fade. Rafaella Sampaio, que \u00e9 enfermeira e vereadora reeleita, assume o desafio de liderar a pasta da sa\u00fade municipal.<\/p>\n\n\n\n<p>As demais nomea\u00e7\u00f5es mant\u00eam os mesmos gestores anteriores. A professora Iara Costa continua \u00e0 frente da Secretaria de Educa\u00e7\u00e3o, enquanto Iracema Alencar permanece na Secretaria de Administra\u00e7\u00e3o.<\/p>\n\n\n\n<p>Nas pr\u00f3ximas horas, ser\u00e3o divulgados os novos titulares das secretarias de Assist\u00eancia Social, Esporte, Meio Ambiente, Obras, Trabalho e Emprego, Cultura, SDR, Agricultura e Comunica\u00e7\u00e3o.<\/p>\n\n\n<figure class=\"wp-block-post-featured-image\"><img loading=\"lazy\" decoding=\"async\" width=\"889\" height=\"675\" src=\"https:\/\/portalv1.com.br\/app\/wp-content\/uploads\/2025\/01\/WhatsApp-Image-2025-01-08-at-15.41.30.jpeg\" class=\"attachment-post-thumbnail size-post-thumbnail wp-post-image\" alt=\"\" style=\"object-fit:cover;\" srcset=\"https:\/\/portalv1.com.br\/app\/wp-content\/uploads\/2025\/01\/WhatsApp-Image-2025-01-08-at-15.41.30.jpeg 889w, https:\/\/portalv1.com.br\/app\/wp-content\/uploads\/2025\/01\/WhatsApp-Image-2025-01-08-at-15.41.30-300x228.jpeg 300w, https:\/\/portalv1.com.br\/app\/wp-content\/uploads\/2025\/01\/WhatsApp-Image-2025-01-08-at-15.41.30-640x486.jpeg 640w, https:\/\/portalv1.com.br\/app\/wp-content\/uploads\/2025\/01\/WhatsApp-Image-2025-01-08-at-15.41.30-768x583.jpeg 768w\" sizes=\"auto, (max-width: 889px) 100vw, 889px\" \/><\/figure>","protected":false},"excerpt":{"rendered":"<p>Ap\u00f3s confirmar os nomes dos secret\u00e1rios de governo, Jos\u00e9 Itamar, e de finan\u00e7as, Alexsandra Soares, durante a cerim\u00f4nia de posse, agora o prefeito Marcelo Costa anunciou outros nomes que integrar\u00e3o&#8230;<\/p>\n","protected":false},"author":1,"featured_media":227180,"comment_status":"open","ping_status":"open","sticky":false,"template":"","format":"standard","meta":{"ngg_post_thumbnail":0,"footnotes":""},"categories":[243],"tags":[],"class_list":["post-227179","post","type-post","status-publish","format-standard","has-post-thumbnail","hentry","category-geral"],"views":1716,"meta_data":{"thumb":"https:\/\/portalv1.com.br\/app\/wp-content\/uploads\/2025\/01\/WhatsApp-Image-2025-01-08-at-15.41.30.jpeg","imagem":{"fullsize":{"url":"https:\/\/portalv1.com.br\/app\/wp-content\/uploads\/2025\/01\/WhatsApp-Image-2025-01-08-at-15.41.30.jpeg","width":889,"height":675},"medium":{"url":"https:\/\/portalv1.com.br\/app\/wp-content\/uploads\/2025\/01\/WhatsApp-Image-2025-01-08-at-15.41.30-300x228.jpeg","width":300,"height":228},"large":{"url":"https:\/\/portalv1.com.br\/app\/wp-content\/uploads\/2025\/01\/WhatsApp-Image-2025-01-08-at-15.41.30-640x486.jpeg","width":640,"height":486},"thumbnail":{"url":"https:\/\/portalv1.com.br\/app\/wp-content\/uploads\/2025\/01\/WhatsApp-Image-2025-01-08-at-15.41.30-100x100.jpeg","width":100,"height":100},"medium_large":{"url":"https:\/\/portalv1.com.br\/app\/wp-content\/uploads\/2025\/01\/WhatsApp-Image-2025-01-08-at-15.41.30-768x583.jpeg","width":768,"height":583}},"data":{"simple":"08\/01\/2025","date_time":"08\/01\/2025 12:43:13","date":"h\u00e1 1 ano"},"chapeu":"Veja nomes ","source":"slide"},"_links":{"self":[{"href":"https:\/\/portalv1.com.br\/api\/wp\/v2\/posts\/227179","targetHints":{"allow":["GET"]}}],"collection":[{"href":"https:\/\/portalv1.com.br\/api\/wp\/v2\/posts"}],"about":[{"href":"https:\/\/portalv1.com.br\/api\/wp\/v2\/types\/post"}],"author":[{"embeddable":true,"href":"https:\/\/portalv1.com.br\/api\/wp\/v2\/users\/1"}],"replies":[{"embeddable":true,"href":"https:\/\/portalv1.com.br\/api\/wp\/v2\/comments?post=227179"}],"version-history":[{"count":0,"href":"https:\/\/portalv1.com.br\/api\/wp\/v2\/posts\/227179\/revisions"}],"wp:featuredmedia":[{"embeddable":true,"href":"https:\/\/portalv1.com.br\/api\/wp\/v2\/media\/227180"}],"wp:attachment":[{"href":"https:\/\/portalv1.com.br\/api\/wp\/v2\/media?parent=227179"}],"wp:term":[{"taxonomy":"category","embeddable":true,"href":"https:\/\/portalv1.com.br\/api\/wp\/v2\/categories?post=227179"},{"taxonomy":"post_tag","embeddable":true,"href":"https:\/\/portalv1.com.br\/api\/wp\/v2\/tags?post=227179"}],"curies":[{"name":"wp","href":"https:\/\/api.w.org\/{rel}","templated":true}]}}