{"id":227263,"date":"2025-01-12T09:55:04","date_gmt":"2025-01-12T12:55:04","guid":{"rendered":"https:\/\/portalv1.com.br\/?p=227263"},"modified":"2025-01-12T10:16:24","modified_gmt":"2025-01-12T13:16:24","slug":"reconducao-de-iara-costa-avancos-e-desafios-na-educacao-de-valenca-do-piaui","status":"publish","type":"post","link":"https:\/\/portalv1.com.br\/reconducao-de-iara-costa-avancos-e-desafios-na-educacao-de-valenca-do-piaui\/","title":{"rendered":"Recondu\u00e7\u00e3o de Iara Costa: Avan\u00e7os e Desafios na Educa\u00e7\u00e3o de Valen\u00e7a do Piau\u00ed"},"content":{"rendered":"\n<p>A Secret\u00e1ria Municipal de Educa\u00e7\u00e3o de Valen\u00e7a do Piau\u00ed, Iara Costa, foi reconduzida ao cargo e, em entrevista ao Portal V1, ela compartilha suas avalia\u00e7\u00f5es sobre os desafios enfrentados e as conquistas alcan\u00e7adas, al\u00e9m de tra\u00e7ar um panorama para o futuro da educa\u00e7\u00e3o no munic\u00edpio.<\/p>\n\n\n\n<p><strong>Desafios e Realiza\u00e7\u00f5es<\/strong><\/p>\n\n\n\n<p>De acordo com Iara Costa, liderar a Secretaria Municipal de Educa\u00e7\u00e3o foi uma grande experi\u00eancia assumida em sua vida, mas tamb\u00e9m significativa em sua trajet\u00f3ria profissional.<\/p>\n\n\n\n<p>&#8220;Estar \u00e0 frente da Secretaria Municipal de Educa\u00e7\u00e3o foi um grande desafio, mas um momento muito importante em minha vida profissional, pois contribu\u00ed positivamente para a melhoria da educa\u00e7\u00e3o&#8221;, declara Iara.<\/p>\n\n\n\n<figure class=\"wp-block-image size-large\"><img loading=\"lazy\" decoding=\"async\" width=\"640\" height=\"360\" src=\"https:\/\/portalv1.com.br\/app\/wp-content\/uploads\/2025\/01\/20240625210257_IMG_6748-Copy-640x360.jpg\" alt=\"\" class=\"wp-image-227264\" srcset=\"https:\/\/portalv1.com.br\/app\/wp-content\/uploads\/2025\/01\/20240625210257_IMG_6748-Copy-640x360.jpg 640w, https:\/\/portalv1.com.br\/app\/wp-content\/uploads\/2025\/01\/20240625210257_IMG_6748-Copy-300x169.jpg 300w, https:\/\/portalv1.com.br\/app\/wp-content\/uploads\/2025\/01\/20240625210257_IMG_6748-Copy-768x432.jpg 768w, https:\/\/portalv1.com.br\/app\/wp-content\/uploads\/2025\/01\/20240625210257_IMG_6748-Copy-1536x864.jpg 1536w, https:\/\/portalv1.com.br\/app\/wp-content\/uploads\/2025\/01\/20240625210257_IMG_6748-Copy.jpg 1920w\" sizes=\"auto, (max-width: 640px) 100vw, 640px\" \/><\/figure>\n\n\n\n<p><strong>Balan\u00e7o Positivo dos \u00daltimos Meses<\/strong><\/p>\n\n\n\n<p>Sob a lideran\u00e7a de Iara Costa, a Secretaria de Educa\u00e7\u00e3o alcan\u00e7ou importantes realiza\u00e7\u00f5es tanto no quesito estrutura como melhora nos \u00edndices e forma\u00e7\u00f5es para os educadores.<\/p>\n\n\n\n<p>&#8220;Avalio estes \u00faltimos meses como positivos, pois, \u00e0 frente da secretaria, ampliamos escolas, climatizamos salas de aula, estruturamos as escolas com equipamentos indispens\u00e1veis para o bom andamento das mesmas, mantivemos sal\u00e1rios em dias e proporcionamos forma\u00e7\u00e3o pedag\u00f3gica, que \u00e9 relevante para melhorar o processo ensino-aprendizagem&#8221;, afirma a secret\u00e1ria.<\/p>\n\n\n\n<p><strong>Novos Desafios e Projetos Inovadores<\/strong><\/p>\n\n\n\n<figure class=\"wp-block-image size-large\"><img loading=\"lazy\" decoding=\"async\" width=\"640\" height=\"360\" src=\"https:\/\/portalv1.com.br\/app\/wp-content\/uploads\/2025\/01\/IMG_7879-Copy-Copy-640x360.jpg\" alt=\"\" class=\"wp-image-227266\" srcset=\"https:\/\/portalv1.com.br\/app\/wp-content\/uploads\/2025\/01\/IMG_7879-Copy-Copy-640x360.jpg 640w, https:\/\/portalv1.com.br\/app\/wp-content\/uploads\/2025\/01\/IMG_7879-Copy-Copy-300x169.jpg 300w, https:\/\/portalv1.com.br\/app\/wp-content\/uploads\/2025\/01\/IMG_7879-Copy-Copy-768x432.jpg 768w, https:\/\/portalv1.com.br\/app\/wp-content\/uploads\/2025\/01\/IMG_7879-Copy-Copy-1536x864.jpg 1536w, https:\/\/portalv1.com.br\/app\/wp-content\/uploads\/2025\/01\/IMG_7879-Copy-Copy.jpg 1920w\" sizes=\"auto, (max-width: 640px) 100vw, 640px\" \/><\/figure>\n\n\n\n<p>Reconduzida ao cargo, Iara Costa revela que novos desafios ser\u00e3o g\u00e1s para desenvolver um bom trabalho. Seu foco continua sendo a melhoria da qualidade da educa\u00e7\u00e3o ofertada pelo munic\u00edpio.<\/p>\n\n\n\n<p>&#8220;Hoje estou novamente \u00e0 frente da Secretaria Municipal de Educa\u00e7\u00e3o e temos novos desafios a serem enfrentados e vencidos. Os desafios que precisam ser vencidos \u00e9 continuar em busca da melhoria da qualidade de educa\u00e7\u00e3o, proporcionando ambientes prop\u00edcios \u00e0 aprendizagem, ou seja, continuar investindo nas infraestruturas das escolas e nas forma\u00e7\u00f5es pedag\u00f3gicas&#8221;, explica Iara.<\/p>\n\n\n\n<p><strong>Adequa\u00e7\u00e3o \u00e0s Mudan\u00e7as Sociais<\/strong><\/p>\n\n\n\n<p>Iara Costa tamb\u00e9m ressalta a import\u00e2ncia de se adaptar \u00e0s mudan\u00e7as cont\u00ednuas que passa o sistema educacional. Para isso, a secretaria est\u00e1 desenvolvendo projetos que atendam \u00e0s novas demandas que surgem.<\/p>\n\n\n\n<p>&#8220;Sabemos que a educa\u00e7\u00e3o est\u00e1 em constante mudan\u00e7a, pois as mudan\u00e7as sociais impactam diretamente na forma de fazer educa\u00e7\u00e3o, por isso estamos com projetos que visam atender as mudan\u00e7as na sociedade&#8221;, destaca a secret\u00e1ria.<\/p>\n\n\n\n<figure class=\"wp-block-image size-large\"><img loading=\"lazy\" decoding=\"async\" width=\"640\" height=\"359\" src=\"https:\/\/portalv1.com.br\/app\/wp-content\/uploads\/2025\/01\/portalv1IMG_9067valenca-1-640x359.jpg\" alt=\"\" class=\"wp-image-227267\" srcset=\"https:\/\/portalv1.com.br\/app\/wp-content\/uploads\/2025\/01\/portalv1IMG_9067valenca-1-640x359.jpg 640w, https:\/\/portalv1.com.br\/app\/wp-content\/uploads\/2025\/01\/portalv1IMG_9067valenca-1-300x169.jpg 300w, https:\/\/portalv1.com.br\/app\/wp-content\/uploads\/2025\/01\/portalv1IMG_9067valenca-1-768x431.jpg 768w, https:\/\/portalv1.com.br\/app\/wp-content\/uploads\/2025\/01\/portalv1IMG_9067valenca-1-1536x863.jpg 1536w, https:\/\/portalv1.com.br\/app\/wp-content\/uploads\/2025\/01\/portalv1IMG_9067valenca-1.jpg 1800w\" sizes=\"auto, (max-width: 640px) 100vw, 640px\" \/><\/figure>\n\n\n\n<p><strong>Iniciativas Futuras e Educa\u00e7\u00e3o Inclusiva<\/strong><\/p>\n\n\n\n<p>A secret\u00e1ria cita iniciativas que pretende implantar nessa nova gest\u00e3o para avan\u00e7ar com a educa\u00e7\u00e3o. &#8220;Temos projetos de recomposi\u00e7\u00e3o da aprendizagem, aulas preparat\u00f3rias para as avalia\u00e7\u00f5es SAEPI e SAEB, intelig\u00eancia artificial, a ser desenvolvida com alunos de 9\u00ba ano, a escola da fam\u00edlia, que visa aproximar as fam\u00edlias da escola, forma\u00e7\u00e3o pedag\u00f3gica, de modo a capacitar os professores para oferecer educa\u00e7\u00e3o inclusiva, bem como projetos de infraestrutura para as escolas&#8221;, detalha Iara Costa.<\/p>\n\n\n\n<p><strong>Objetivo de Excel\u00eancia<\/strong><\/p>\n\n\n\n<p>O objetivo final de Iara Costa \u00e9 tornar a educa\u00e7\u00e3o municipal uma das melhores da regi\u00e3o e tamb\u00e9m do estado. &#8220;Enfim, continuar o trabalho iniciado nos \u00faltimos meses e assim concretizar o projeto maior, que \u00e9 tornar a educa\u00e7\u00e3o municipal refer\u00eancia em todo o Vale do Sambito e em pouco tempo, do Piau\u00ed&#8221;, conclui a secret\u00e1ria.<\/p>\n","protected":false},"excerpt":{"rendered":"<p>A Secret\u00e1ria Municipal de Educa\u00e7\u00e3o de Valen\u00e7a do Piau\u00ed, Iara Costa, foi reconduzida ao cargo e, em entrevista ao Portal V1, ela compartilha suas avalia\u00e7\u00f5es sobre os desafios enfrentados e&#8230;<\/p>\n","protected":false},"author":1,"featured_media":227268,"comment_status":"open","ping_status":"open","sticky":false,"template":"","format":"standard","meta":{"ngg_post_thumbnail":0,"footnotes":""},"categories":[243],"tags":[],"class_list":["post-227263","post","type-post","status-publish","format-standard","has-post-thumbnail","hentry","category-geral"],"views":817,"meta_data":{"thumb":"https:\/\/portalv1.com.br\/app\/wp-content\/uploads\/2025\/01\/20240707211733_IMG_9089-Copy.jpg","imagem":{"fullsize":{"url":"https:\/\/portalv1.com.br\/app\/wp-content\/uploads\/2025\/01\/20240707211733_IMG_9089-Copy.jpg","width":1920,"height":1080},"medium":{"url":"https:\/\/portalv1.com.br\/app\/wp-content\/uploads\/2025\/01\/20240707211733_IMG_9089-Copy-300x169.jpg","width":300,"height":169},"large":{"url":"https:\/\/portalv1.com.br\/app\/wp-content\/uploads\/2025\/01\/20240707211733_IMG_9089-Copy-640x360.jpg","width":640,"height":360},"thumbnail":{"url":"https:\/\/portalv1.com.br\/app\/wp-content\/uploads\/2025\/01\/20240707211733_IMG_9089-Copy-100x100.jpg","width":100,"height":100},"medium_large":{"url":"https:\/\/portalv1.com.br\/app\/wp-content\/uploads\/2025\/01\/20240707211733_IMG_9089-Copy-768x432.jpg","width":768,"height":432},"1536x1536":{"url":"https:\/\/portalv1.com.br\/app\/wp-content\/uploads\/2025\/01\/20240707211733_IMG_9089-Copy-1536x864.jpg","width":1536,"height":864}},"data":{"simple":"12\/01\/2025","date_time":"12\/01\/2025 06:55:04","date":"h\u00e1 1 ano"},"chapeu":"Saiba mais","source":"slide"},"_links":{"self":[{"href":"https:\/\/portalv1.com.br\/api\/wp\/v2\/posts\/227263","targetHints":{"allow":["GET"]}}],"collection":[{"href":"https:\/\/portalv1.com.br\/api\/wp\/v2\/posts"}],"about":[{"href":"https:\/\/portalv1.com.br\/api\/wp\/v2\/types\/post"}],"author":[{"embeddable":true,"href":"https:\/\/portalv1.com.br\/api\/wp\/v2\/users\/1"}],"replies":[{"embeddable":true,"href":"https:\/\/portalv1.com.br\/api\/wp\/v2\/comments?post=227263"}],"version-history":[{"count":0,"href":"https:\/\/portalv1.com.br\/api\/wp\/v2\/posts\/227263\/revisions"}],"wp:featuredmedia":[{"embeddable":true,"href":"https:\/\/portalv1.com.br\/api\/wp\/v2\/media\/227268"}],"wp:attachment":[{"href":"https:\/\/portalv1.com.br\/api\/wp\/v2\/media?parent=227263"}],"wp:term":[{"taxonomy":"category","embeddable":true,"href":"https:\/\/portalv1.com.br\/api\/wp\/v2\/categories?post=227263"},{"taxonomy":"post_tag","embeddable":true,"href":"https:\/\/portalv1.com.br\/api\/wp\/v2\/tags?post=227263"}],"curies":[{"name":"wp","href":"https:\/\/api.w.org\/{rel}","templated":true}]}}