{"id":227271,"date":"2025-01-12T07:50:00","date_gmt":"2025-01-12T10:50:00","guid":{"rendered":"https:\/\/portalv1.com.br\/?p=227271"},"modified":"2025-01-13T08:46:39","modified_gmt":"2025-01-13T11:46:39","slug":"diretor-do-ifpi-valenca-comemora-assinatura-de-ordem-de-servico-para-reforma-do-restaurante","status":"publish","type":"post","link":"https:\/\/portalv1.com.br\/diretor-do-ifpi-valenca-comemora-assinatura-de-ordem-de-servico-para-reforma-do-restaurante\/","title":{"rendered":"Diretor do IFPI Valen\u00e7a comemora assinatura de ordem de servi\u00e7o para reforma do restaurante"},"content":{"rendered":"\n<p>O diretor geral do Campus de Valen\u00e7a do Instituto Federal do Piau\u00ed (IFPI), Antenor Bustamante comemorou a assinatura da ordem de servi\u00e7o para reforma e amplia\u00e7\u00e3o do restaurante do Campus. A ordem de servi\u00e7o foi assinada nessa sexta-feira (10) pelo reitor do Instituto Federal do Piau\u00ed, Paulo Borges da Cunha.<\/p>\n\n\n\n<p>\u201cDia importante para o avan\u00e7o do @ifvalencadopiaui . Assinatura da ordem de servi\u00e7o da reforma e amplia\u00e7\u00e3o do restaurante institucional do campus. Agrade\u00e7o o magn\u00edfico reitor @prof.pauloborges_ pelo apoio e trabalho incans\u00e1vel para o crescimento do nosso campus\u201d escreveu o diretor nas redes sociais.<\/p>\n\n\n\n<p>Ser\u00e3o reformados e ampliados os 10 campi do IFPI com investimentos de&nbsp; R$10 milh\u00f5es tanto em melhorias de infraestrutura quanto aquisi\u00e7\u00e3o de equipamentos atrav\u00e9s do Minist\u00e9rio da Educa\u00e7\u00e3o (MEC).<\/p>\n\n\n\n<p>Atualmente, o IFPI \u00e9 o \u00fanico Instituto Federal do Brasil com restaurantes pr\u00f3prios nas 20 unidades distribu\u00eddas no Estado e no ano de 2023 serviu 1 milh\u00e3o de refei\u00e7\u00f5es aos estudantes.&nbsp;<\/p>\n\n\n\n<p>O reitor destaca que as reformas permitir\u00e3o uma amplia\u00e7\u00e3o na oferta de refei\u00e7\u00f5es aos estudantes em todo o Estado. \u201cA nossa meta para o ano de 2025 \u00e9 ampliar a oferta para 2 milh\u00f5es de refei\u00e7\u00f5es que contribuem seja na perman\u00eancia quanto no rendimento deste aluno\u201d, disse.<\/p>\n\n\n\n<p><strong>Confira os campi atendidos:<\/strong><\/p>\n\n\n\n<p>Cocal, Corrente, Campo Maior, Oeiras, Paulistana, Pedro II, Piripiri, S\u00e3o Jo\u00e3o do Piau\u00ed, Uru\u00e7u\u00ed e Valen\u00e7a do Piau\u00ed.<\/p>\n\n\n<figure class=\"wp-block-post-featured-image\"><img loading=\"lazy\" decoding=\"async\" width=\"862\" height=\"596\" src=\"https:\/\/portalv1.com.br\/app\/wp-content\/uploads\/2025\/01\/WhatsApp-Image-2025-01-12-at-22.25.33.jpeg\" class=\"attachment-post-thumbnail size-post-thumbnail wp-post-image\" alt=\"\" style=\"object-fit:cover;\" srcset=\"https:\/\/portalv1.com.br\/app\/wp-content\/uploads\/2025\/01\/WhatsApp-Image-2025-01-12-at-22.25.33.jpeg 862w, https:\/\/portalv1.com.br\/app\/wp-content\/uploads\/2025\/01\/WhatsApp-Image-2025-01-12-at-22.25.33-300x207.jpeg 300w, https:\/\/portalv1.com.br\/app\/wp-content\/uploads\/2025\/01\/WhatsApp-Image-2025-01-12-at-22.25.33-640x443.jpeg 640w, https:\/\/portalv1.com.br\/app\/wp-content\/uploads\/2025\/01\/WhatsApp-Image-2025-01-12-at-22.25.33-768x531.jpeg 768w\" sizes=\"auto, (max-width: 862px) 100vw, 862px\" \/><\/figure>\n\n\n<p>Colabora\u00e7\u00e3o: ascom<\/p>\n","protected":false},"excerpt":{"rendered":"<p>O diretor geral do Campus de Valen\u00e7a do Instituto Federal do Piau\u00ed (IFPI), Antenor Bustamante comemorou a assinatura da ordem de servi\u00e7o para reforma e amplia\u00e7\u00e3o do restaurante do Campus&#8230;.<\/p>\n","protected":false},"author":1,"featured_media":227272,"comment_status":"open","ping_status":"open","sticky":false,"template":"","format":"standard","meta":{"ngg_post_thumbnail":0,"footnotes":""},"categories":[243],"tags":[],"class_list":["post-227271","post","type-post","status-publish","format-standard","has-post-thumbnail","hentry","category-geral"],"views":347,"meta_data":{"thumb":"https:\/\/portalv1.com.br\/app\/wp-content\/uploads\/2025\/01\/WhatsApp-Image-2025-01-12-at-22.25.33.jpeg","imagem":{"fullsize":{"url":"https:\/\/portalv1.com.br\/app\/wp-content\/uploads\/2025\/01\/WhatsApp-Image-2025-01-12-at-22.25.33.jpeg","width":862,"height":596},"medium":{"url":"https:\/\/portalv1.com.br\/app\/wp-content\/uploads\/2025\/01\/WhatsApp-Image-2025-01-12-at-22.25.33-300x207.jpeg","width":300,"height":207},"large":{"url":"https:\/\/portalv1.com.br\/app\/wp-content\/uploads\/2025\/01\/WhatsApp-Image-2025-01-12-at-22.25.33-640x443.jpeg","width":640,"height":443},"thumbnail":{"url":"https:\/\/portalv1.com.br\/app\/wp-content\/uploads\/2025\/01\/WhatsApp-Image-2025-01-12-at-22.25.33-100x100.jpeg","width":100,"height":100},"medium_large":{"url":"https:\/\/portalv1.com.br\/app\/wp-content\/uploads\/2025\/01\/WhatsApp-Image-2025-01-12-at-22.25.33-768x531.jpeg","width":768,"height":531}},"data":{"simple":"12\/01\/2025","date_time":"12\/01\/2025 04:50:00","date":"h\u00e1 1 ano"},"chapeu":"Saiba mais","source":"slide"},"_links":{"self":[{"href":"https:\/\/portalv1.com.br\/api\/wp\/v2\/posts\/227271","targetHints":{"allow":["GET"]}}],"collection":[{"href":"https:\/\/portalv1.com.br\/api\/wp\/v2\/posts"}],"about":[{"href":"https:\/\/portalv1.com.br\/api\/wp\/v2\/types\/post"}],"author":[{"embeddable":true,"href":"https:\/\/portalv1.com.br\/api\/wp\/v2\/users\/1"}],"replies":[{"embeddable":true,"href":"https:\/\/portalv1.com.br\/api\/wp\/v2\/comments?post=227271"}],"version-history":[{"count":0,"href":"https:\/\/portalv1.com.br\/api\/wp\/v2\/posts\/227271\/revisions"}],"wp:featuredmedia":[{"embeddable":true,"href":"https:\/\/portalv1.com.br\/api\/wp\/v2\/media\/227272"}],"wp:attachment":[{"href":"https:\/\/portalv1.com.br\/api\/wp\/v2\/media?parent=227271"}],"wp:term":[{"taxonomy":"category","embeddable":true,"href":"https:\/\/portalv1.com.br\/api\/wp\/v2\/categories?post=227271"},{"taxonomy":"post_tag","embeddable":true,"href":"https:\/\/portalv1.com.br\/api\/wp\/v2\/tags?post=227271"}],"curies":[{"name":"wp","href":"https:\/\/api.w.org\/{rel}","templated":true}]}}