{"id":227339,"date":"2025-01-15T21:30:00","date_gmt":"2025-01-16T00:30:00","guid":{"rendered":"https:\/\/portalv1.com.br\/?p=227339"},"modified":"2025-01-16T09:00:12","modified_gmt":"2025-01-16T12:00:12","slug":"paroquias-de-valenca-se-preparam-para-viver-o-tempo-da-iniciacao-a-vida-crista","status":"publish","type":"post","link":"https:\/\/portalv1.com.br\/paroquias-de-valenca-se-preparam-para-viver-o-tempo-da-iniciacao-a-vida-crista\/","title":{"rendered":"Par\u00f3quias de Valen\u00e7a se preparam para viver o tempo da Inicia\u00e7\u00e3o \u00e0 Vida Crist\u00e3"},"content":{"rendered":"\n<p>As par\u00f3quias de Nossa Senhora do \u00d3 e Concei\u00e7\u00e3o e de S\u00e3o Francisco de Assis, em Valen\u00e7a do Piau\u00ed, est\u00e3o come\u00e7ando um novo e promissor tempo da Inicia\u00e7\u00e3o \u00e0 Vida Crist\u00e3. Este movimento busca fortalecer a caminhada de f\u00e9 dos fi\u00e9is, promovendo uma viv\u00eancia comunit\u00e1ria s\u00f3lida e aproximando-os de Deus atrav\u00e9s de forma\u00e7\u00e3o e sacramentos.<\/p>\n\n\n\n<p>As inscri\u00e7\u00f5es na par\u00f3quia de Nossa Senhora do \u00d3 e Concei\u00e7\u00e3o tiveram in\u00edcio no \u00faltimo domingo, 12 de janeiro. J\u00e1 a par\u00f3quia de S\u00e3o Francisco de Assis se prepara para iniciar suas inscri\u00e7\u00f5es no pr\u00f3ximo domingo, 19 de janeiro.<\/p>\n\n\n\n<p>As inscri\u00e7\u00f5es est\u00e3o sendo realizadas de maneira abrangente: nas Secretarias Paroquiais, em todas as capelas da cidade e do interior, e tamb\u00e9m atrav\u00e9s da visita dos agentes de pastoral, garantindo que todos os interessados possam participar.<\/p>\n\n\n\n<p><strong>Etapas de Inscri\u00e7\u00e3o<\/strong><\/p>\n\n\n\n<p>As inscri\u00e7\u00f5es est\u00e3o abertas para diversas etapas, contemplando todas as faixas et\u00e1rias:<\/p>\n\n\n\n<p>&#8211; Primeira Eucaristia: Para crian\u00e7as e adolescentes de 7 a 13 anos.<\/p>\n\n\n\n<p>&#8211; Crisma: Para jovens de 14 a 18 anos.<\/p>\n\n\n\n<p>&#8211; Crisma de Adultos: Para adultos a partir dos 19 anos.<\/p>\n\n\n\n<p>&#8211; Forma\u00e7\u00f5es IVC: Voltadas para toda a comunidade.<\/p>\n\n\n\n<p>Essa iniciativa mostra compromisso da igreja com a evangeliza\u00e7\u00e3o, incentivando uma viv\u00eancia comunit\u00e1ria e aproximando os fi\u00e9is de Deus por meio da forma\u00e7\u00e3o e dos sacramentos. \u00c9 um chamado \u00e0 renova\u00e7\u00e3o da f\u00e9 e ao fortalecimento da comunidade crist\u00e3.<\/p>\n\n\n<figure class=\"wp-block-post-featured-image\"><img loading=\"lazy\" decoding=\"async\" width=\"960\" height=\"540\" src=\"https:\/\/portalv1.com.br\/app\/wp-content\/uploads\/2025\/01\/dom-juarez.jpg\" class=\"attachment-post-thumbnail size-post-thumbnail wp-post-image\" alt=\"\" style=\"object-fit:cover;\" srcset=\"https:\/\/portalv1.com.br\/app\/wp-content\/uploads\/2025\/01\/dom-juarez.jpg 960w, https:\/\/portalv1.com.br\/app\/wp-content\/uploads\/2025\/01\/dom-juarez-300x169.jpg 300w, https:\/\/portalv1.com.br\/app\/wp-content\/uploads\/2025\/01\/dom-juarez-640x360.jpg 640w, https:\/\/portalv1.com.br\/app\/wp-content\/uploads\/2025\/01\/dom-juarez-768x432.jpg 768w\" sizes=\"auto, (max-width: 960px) 100vw, 960px\" \/><\/figure>","protected":false},"excerpt":{"rendered":"<p>As par\u00f3quias de Nossa Senhora do \u00d3 e Concei\u00e7\u00e3o e de S\u00e3o Francisco de Assis, em Valen\u00e7a do Piau\u00ed, est\u00e3o come\u00e7ando um novo e promissor tempo da Inicia\u00e7\u00e3o \u00e0 Vida&#8230;<\/p>\n","protected":false},"author":1,"featured_media":227348,"comment_status":"open","ping_status":"open","sticky":false,"template":"","format":"standard","meta":{"ngg_post_thumbnail":0,"footnotes":""},"categories":[243],"tags":[],"class_list":["post-227339","post","type-post","status-publish","format-standard","has-post-thumbnail","hentry","category-geral"],"views":279,"meta_data":{"thumb":"https:\/\/portalv1.com.br\/app\/wp-content\/uploads\/2025\/01\/dom-juarez.jpg","imagem":{"fullsize":{"url":"https:\/\/portalv1.com.br\/app\/wp-content\/uploads\/2025\/01\/dom-juarez.jpg","width":960,"height":540},"medium":{"url":"https:\/\/portalv1.com.br\/app\/wp-content\/uploads\/2025\/01\/dom-juarez-300x169.jpg","width":300,"height":169},"large":{"url":"https:\/\/portalv1.com.br\/app\/wp-content\/uploads\/2025\/01\/dom-juarez-640x360.jpg","width":640,"height":360},"thumbnail":{"url":"https:\/\/portalv1.com.br\/app\/wp-content\/uploads\/2025\/01\/dom-juarez-100x100.jpg","width":100,"height":100},"medium_large":{"url":"https:\/\/portalv1.com.br\/app\/wp-content\/uploads\/2025\/01\/dom-juarez-768x432.jpg","width":768,"height":432}},"data":{"simple":"15\/01\/2025","date_time":"15\/01\/2025 18:30:00","date":"h\u00e1 1 ano"},"chapeu":"Participe ","source":"slide"},"_links":{"self":[{"href":"https:\/\/portalv1.com.br\/api\/wp\/v2\/posts\/227339","targetHints":{"allow":["GET"]}}],"collection":[{"href":"https:\/\/portalv1.com.br\/api\/wp\/v2\/posts"}],"about":[{"href":"https:\/\/portalv1.com.br\/api\/wp\/v2\/types\/post"}],"author":[{"embeddable":true,"href":"https:\/\/portalv1.com.br\/api\/wp\/v2\/users\/1"}],"replies":[{"embeddable":true,"href":"https:\/\/portalv1.com.br\/api\/wp\/v2\/comments?post=227339"}],"version-history":[{"count":0,"href":"https:\/\/portalv1.com.br\/api\/wp\/v2\/posts\/227339\/revisions"}],"wp:featuredmedia":[{"embeddable":true,"href":"https:\/\/portalv1.com.br\/api\/wp\/v2\/media\/227348"}],"wp:attachment":[{"href":"https:\/\/portalv1.com.br\/api\/wp\/v2\/media?parent=227339"}],"wp:term":[{"taxonomy":"category","embeddable":true,"href":"https:\/\/portalv1.com.br\/api\/wp\/v2\/categories?post=227339"},{"taxonomy":"post_tag","embeddable":true,"href":"https:\/\/portalv1.com.br\/api\/wp\/v2\/tags?post=227339"}],"curies":[{"name":"wp","href":"https:\/\/api.w.org\/{rel}","templated":true}]}}