{"id":227418,"date":"2025-01-20T10:17:44","date_gmt":"2025-01-20T13:17:44","guid":{"rendered":"https:\/\/portalv1.com.br\/?p=227418"},"modified":"2025-01-20T10:21:00","modified_gmt":"2025-01-20T13:21:00","slug":"distribuicao-de-boletos-do-garantia-safra-comeca-na-segunda-em-novo-oriente","status":"publish","type":"post","link":"https:\/\/portalv1.com.br\/distribuicao-de-boletos-do-garantia-safra-comeca-na-segunda-em-novo-oriente\/","title":{"rendered":"Distribui\u00e7\u00e3o de boletos do Garantia Safra Come\u00e7a nessa segunda em Novo Oriente"},"content":{"rendered":"\n<p>A Secretaria Municipal de Agricultura de Novo Oriente, avisa aos agricultores cadastrados no Programa Garantia Safra que os boletos j\u00e1 est\u00e3o dispon\u00edveis a partir dessa segunda-feira, 20 de janeiro na sede do Sindicato dos Trabalhadores Rurais.<\/p>\n\n\n\n<p>O Garantia Safra \u00e9 uma iniciativa do Governo Federal em parceria com os munic\u00edpios voltada para apoiar agricultores que enfrentam perdas superiores a 50% da produ\u00e7\u00e3o rural devido \u00e0 seca ou enchentes. O programa contempla as culturas de feij\u00e3o, milho, arroz, mandioca, algod\u00e3o e mamona com exig\u00eancia de renda familiar de at\u00e9 um sal\u00e1rio e meio.<\/p>\n\n\n\n<p>Os agricultores de Novo Oriente por muitos anos estiveram fora do Garantia Safra devida a inadimpl\u00eancia da prefeitura municipal, a inser\u00e7\u00e3o do munic\u00edpio no programa aconteceu com a elei\u00e7\u00e3o do prefeito Afonso Sobreira, que pagou os d\u00e9bitos e garantiu que em caso de perda de suas lavouras os agricultores novoorientinos tenham esse seguro para amenizar os preju\u00edzos.<\/p>\n","protected":false},"excerpt":{"rendered":"<p>A Secretaria Municipal de Agricultura de Novo Oriente, avisa aos agricultores cadastrados no Programa Garantia Safra que os boletos j\u00e1 est\u00e3o dispon\u00edveis a partir dessa segunda-feira, 20 de janeiro na&#8230;<\/p>\n","protected":false},"author":1,"featured_media":227419,"comment_status":"open","ping_status":"open","sticky":false,"template":"","format":"standard","meta":{"ngg_post_thumbnail":0,"footnotes":""},"categories":[243],"tags":[],"class_list":["post-227418","post","type-post","status-publish","format-standard","has-post-thumbnail","hentry","category-geral"],"views":146,"meta_data":{"thumb":"https:\/\/portalv1.com.br\/app\/wp-content\/uploads\/2025\/01\/Post-do-Instagram-dia-nacional-de-conscientizacao-sobre-as-mudancas-climaticas-moderno-verde.jpg","imagem":{"fullsize":{"url":"https:\/\/portalv1.com.br\/app\/wp-content\/uploads\/2025\/01\/Post-do-Instagram-dia-nacional-de-conscientizacao-sobre-as-mudancas-climaticas-moderno-verde.jpg","width":1080,"height":1080},"medium":{"url":"https:\/\/portalv1.com.br\/app\/wp-content\/uploads\/2025\/01\/Post-do-Instagram-dia-nacional-de-conscientizacao-sobre-as-mudancas-climaticas-moderno-verde-300x300.jpg","width":300,"height":300},"large":{"url":"https:\/\/portalv1.com.br\/app\/wp-content\/uploads\/2025\/01\/Post-do-Instagram-dia-nacional-de-conscientizacao-sobre-as-mudancas-climaticas-moderno-verde-640x640.jpg","width":640,"height":640},"thumbnail":{"url":"https:\/\/portalv1.com.br\/app\/wp-content\/uploads\/2025\/01\/Post-do-Instagram-dia-nacional-de-conscientizacao-sobre-as-mudancas-climaticas-moderno-verde-100x100.jpg","width":100,"height":100},"medium_large":{"url":"https:\/\/portalv1.com.br\/app\/wp-content\/uploads\/2025\/01\/Post-do-Instagram-dia-nacional-de-conscientizacao-sobre-as-mudancas-climaticas-moderno-verde-768x768.jpg","width":768,"height":768}},"data":{"simple":"20\/01\/2025","date_time":"20\/01\/2025 07:17:44","date":"h\u00e1 1 ano"},"chapeu":"Saiba mais","source":"slide"},"_links":{"self":[{"href":"https:\/\/portalv1.com.br\/api\/wp\/v2\/posts\/227418","targetHints":{"allow":["GET"]}}],"collection":[{"href":"https:\/\/portalv1.com.br\/api\/wp\/v2\/posts"}],"about":[{"href":"https:\/\/portalv1.com.br\/api\/wp\/v2\/types\/post"}],"author":[{"embeddable":true,"href":"https:\/\/portalv1.com.br\/api\/wp\/v2\/users\/1"}],"replies":[{"embeddable":true,"href":"https:\/\/portalv1.com.br\/api\/wp\/v2\/comments?post=227418"}],"version-history":[{"count":0,"href":"https:\/\/portalv1.com.br\/api\/wp\/v2\/posts\/227418\/revisions"}],"wp:featuredmedia":[{"embeddable":true,"href":"https:\/\/portalv1.com.br\/api\/wp\/v2\/media\/227419"}],"wp:attachment":[{"href":"https:\/\/portalv1.com.br\/api\/wp\/v2\/media?parent=227418"}],"wp:term":[{"taxonomy":"category","embeddable":true,"href":"https:\/\/portalv1.com.br\/api\/wp\/v2\/categories?post=227418"},{"taxonomy":"post_tag","embeddable":true,"href":"https:\/\/portalv1.com.br\/api\/wp\/v2\/tags?post=227418"}],"curies":[{"name":"wp","href":"https:\/\/api.w.org\/{rel}","templated":true}]}}