{"id":227769,"date":"2025-01-27T18:04:06","date_gmt":"2025-01-27T21:04:06","guid":{"rendered":"https:\/\/portalv1.com.br\/?p=227769"},"modified":"2025-01-27T18:04:08","modified_gmt":"2025-01-27T21:04:08","slug":"educacao-de-valenca-lanca-chamada-publica-para-aquisicao-de-alimentos-da-agricultura-familiar","status":"publish","type":"post","link":"https:\/\/portalv1.com.br\/educacao-de-valenca-lanca-chamada-publica-para-aquisicao-de-alimentos-da-agricultura-familiar\/","title":{"rendered":"Educa\u00e7\u00e3o de Valen\u00e7a lan\u00e7a chamada p\u00fablica para aquisi\u00e7\u00e3o de alimentos da agricultura familiar"},"content":{"rendered":"\n<p>A Prefeitura Municipal de Valen\u00e7a do Piau\u00ed, atrav\u00e9s da Secretaria Municipal de Educa\u00e7\u00e3o anunciou a Chamada P\u00fablica n\u00ba 001\/2025 para a aquisi\u00e7\u00e3o de g\u00eaneros aliment\u00edcios da agricultura familiar e do Empreendedor Familiar Rural destinados ao atendimento do Programa Nacional de Alimenta\u00e7\u00e3o Escolar- PNAE, no Munic\u00edpio de Valen\u00e7a do Piau\u00ed, com recursos provenientes do Fundo Nacional de Desenvolvimento da Educa\u00e7\u00e3o \u2013 FNDE.<\/p>\n\n\n\n<p>Os interessados (grupos formais, informais, ou fornecedores individuais) dever\u00e3o apresentar documenta\u00e7\u00e3o para habilita\u00e7\u00e3o e projeto de venda no per\u00edodo de 24 de janeiro 2025 a 04 de fevereiro de 2025, no hor\u00e1rio de 08:00 as 13:00 horas na Sede da Secretaria Municipal de Educa\u00e7\u00e3o de Valen\u00e7a do Piau\u00ed, situada a rua Epaminondas Nogueira, n.\u00ba: 1425 \u2013 Centro de Valen\u00e7a do Piau\u00ed.<\/p>\n\n\n\n<div data-wp-interactive=\"core\/file\" class=\"wp-block-file\"><object data-wp-bind--hidden=\"!state.hasPdfPreview\" hidden class=\"wp-block-file__embed\" data=\"https:\/\/portalv1.com.br\/app\/wp-content\/uploads\/2025\/01\/Chamada_Publica_2025_-_Valenca_do_Piaui-com-publicacao.pdf\" type=\"application\/pdf\" style=\"width:100%;height:600px\" aria-label=\"Incorporado de Chamada_Publica_2025_-_Valenca_do_Piaui com publicac\u0327a\u0303o.\"><\/object><a id=\"wp-block-file--media-c9919e89-4dc9-485a-ae8b-f055317a93ed\" href=\"https:\/\/portalv1.com.br\/app\/wp-content\/uploads\/2025\/01\/Chamada_Publica_2025_-_Valenca_do_Piaui-com-publicacao.pdf\">Chamada_Publica_2025_-_Valenca_do_Piaui com publicac\u0327a\u0303o<\/a><a href=\"https:\/\/portalv1.com.br\/app\/wp-content\/uploads\/2025\/01\/Chamada_Publica_2025_-_Valenca_do_Piaui-com-publicacao.pdf\" class=\"wp-block-file__button wp-element-button\" download aria-describedby=\"wp-block-file--media-c9919e89-4dc9-485a-ae8b-f055317a93ed\">Baixar<\/a><\/div>\n","protected":false},"excerpt":{"rendered":"<p>A Prefeitura Municipal de Valen\u00e7a do Piau\u00ed, atrav\u00e9s da Secretaria Municipal de Educa\u00e7\u00e3o anunciou a Chamada P\u00fablica n\u00ba 001\/2025 para a aquisi\u00e7\u00e3o de g\u00eaneros aliment\u00edcios da agricultura familiar e do&#8230;<\/p>\n","protected":false},"author":1,"featured_media":227771,"comment_status":"open","ping_status":"open","sticky":false,"template":"","format":"standard","meta":{"ngg_post_thumbnail":0,"footnotes":""},"categories":[243],"tags":[],"class_list":["post-227769","post","type-post","status-publish","format-standard","has-post-thumbnail","hentry","category-geral"],"views":414,"meta_data":{"thumb":"https:\/\/portalv1.com.br\/app\/wp-content\/uploads\/2025\/01\/MG_4465-scaled.jpg","imagem":{"fullsize":{"url":"https:\/\/portalv1.com.br\/app\/wp-content\/uploads\/2025\/01\/MG_4465-scaled.jpg","width":2560,"height":1437},"medium":{"url":"https:\/\/portalv1.com.br\/app\/wp-content\/uploads\/2025\/01\/MG_4465-300x168.jpg","width":300,"height":168},"large":{"url":"https:\/\/portalv1.com.br\/app\/wp-content\/uploads\/2025\/01\/MG_4465-640x359.jpg","width":640,"height":359},"thumbnail":{"url":"https:\/\/portalv1.com.br\/app\/wp-content\/uploads\/2025\/01\/MG_4465-100x100.jpg","width":100,"height":100},"medium_large":{"url":"https:\/\/portalv1.com.br\/app\/wp-content\/uploads\/2025\/01\/MG_4465-768x431.jpg","width":768,"height":431},"1536x1536":{"url":"https:\/\/portalv1.com.br\/app\/wp-content\/uploads\/2025\/01\/MG_4465-1536x862.jpg","width":1536,"height":862},"2048x2048":{"url":"https:\/\/portalv1.com.br\/app\/wp-content\/uploads\/2025\/01\/MG_4465-2048x1150.jpg","width":2048,"height":1150}},"data":{"simple":"27\/01\/2025","date_time":"27\/01\/2025 15:04:06","date":"h\u00e1 1 ano"},"chapeu":"Veja edital ","source":"m_destacada"},"_links":{"self":[{"href":"https:\/\/portalv1.com.br\/api\/wp\/v2\/posts\/227769","targetHints":{"allow":["GET"]}}],"collection":[{"href":"https:\/\/portalv1.com.br\/api\/wp\/v2\/posts"}],"about":[{"href":"https:\/\/portalv1.com.br\/api\/wp\/v2\/types\/post"}],"author":[{"embeddable":true,"href":"https:\/\/portalv1.com.br\/api\/wp\/v2\/users\/1"}],"replies":[{"embeddable":true,"href":"https:\/\/portalv1.com.br\/api\/wp\/v2\/comments?post=227769"}],"version-history":[{"count":0,"href":"https:\/\/portalv1.com.br\/api\/wp\/v2\/posts\/227769\/revisions"}],"wp:featuredmedia":[{"embeddable":true,"href":"https:\/\/portalv1.com.br\/api\/wp\/v2\/media\/227771"}],"wp:attachment":[{"href":"https:\/\/portalv1.com.br\/api\/wp\/v2\/media?parent=227769"}],"wp:term":[{"taxonomy":"category","embeddable":true,"href":"https:\/\/portalv1.com.br\/api\/wp\/v2\/categories?post=227769"},{"taxonomy":"post_tag","embeddable":true,"href":"https:\/\/portalv1.com.br\/api\/wp\/v2\/tags?post=227769"}],"curies":[{"name":"wp","href":"https:\/\/api.w.org\/{rel}","templated":true}]}}