{"id":227918,"date":"2025-01-28T22:17:28","date_gmt":"2025-01-29T01:17:28","guid":{"rendered":"https:\/\/portalv1.com.br\/?p=227918"},"modified":"2025-01-28T22:21:25","modified_gmt":"2025-01-29T01:21:25","slug":"seduc-destaca-desempenho-em-cursos-de-tecnologia-e-valenciano-e-citado-como-exemplo","status":"publish","type":"post","link":"https:\/\/portalv1.com.br\/seduc-destaca-desempenho-em-cursos-de-tecnologia-e-valenciano-e-citado-como-exemplo\/","title":{"rendered":"Seduc destaca desempenho em cursos de tecnologia e valenciano \u00e9 citado como exemplo \u00a0"},"content":{"rendered":"\n<p>Os cursos da \u00e1rea de tecnologia est\u00e3o entre os mais disputados por estudantes que concluem o Ensino M\u00e9dio e buscam uma vaga no Ensino Superior por meio do Exame Nacional do Ensino M\u00e9dio (Enem). No Piau\u00ed, a inclus\u00e3o de disciplinas voltadas para essa \u00e1rea nas escolas da rede p\u00fablica estadual colabora para o bom desempenho dos alunos no exame. V\u00e1rios deles conquistaram vagas em cursos de tecnologia em Universidades Federais no Piau\u00ed e Cear\u00e1.<\/p>\n\n\n\n<p>Em Valen\u00e7a, Gabriel Expedito Nascimento Reis, estudante do Ceti Dona Maria Antonieta Torres dos Reis Veloso, garantiu uma vaga no curso de Sistemas de Informa\u00e7\u00e3o da Universidade Federal do Piau\u00ed (UFPI). Medalhista de prata no Torneio de Matem\u00e1tica das Escolas Estaduais Seduc (TME\u00b2), ele reconheceu o papel da fam\u00edlia e dos professores na conquista.<\/p>\n\n\n\n<p>Gabriel deixou um incentivo para quem deseja alcan\u00e7ar objetivos semelhantes: &#8220;Pode parecer dif\u00edcil, mas com esfor\u00e7o, determina\u00e7\u00e3o e perseveran\u00e7a, \u00e9 poss\u00edvel superar qualquer desafio&#8221;, afirmou.<\/p>\n\n\n\n<p>O secret\u00e1rio de Estado da Educa\u00e7\u00e3o, Washington Bandeira, ressaltou o compromisso com a amplia\u00e7\u00e3o do ensino de tecnologia nas escolas da rede p\u00fablica. Segundo ele, iniciativas como cursos t\u00e9cnicos e projetos como o Seduckathon, que incentiva rob\u00f3tica, intelig\u00eancia artificial e programa\u00e7\u00e3o, buscam preparar os estudantes para o mundo do trabalho cada vez mais tecnol\u00f3gico.<\/p>\n\n\n\n<p>&#8220;Universalizamos as escolas de Tempo Integral integrado \u00e0 Educa\u00e7\u00e3o Profissional apostando em cursos voltados para \u00e1rea de TI, como desenvolvimento de sistemas e programa\u00e7\u00e3o de jogos. Somos o \u00fanico estado das Am\u00e9ricas a ter Intelig\u00eancia Artificial como disciplina obrigat\u00f3ria na Educa\u00e7\u00e3o B\u00e1sica para que nossas escolas sigam em compasso com o que vem sendo constru\u00eddo em pa\u00edses mais desenvolvidos. O objetivo \u00e9 gerar mais oportunidades e ampliar o horizonte educacional ainda no ensino m\u00e9dio&#8221;, destacou o secret\u00e1rio.<\/p>\n\n\n\n<figure class=\"wp-block-image size-large\"><img loading=\"lazy\" decoding=\"async\" width=\"640\" height=\"800\" src=\"https:\/\/portalv1.com.br\/app\/wp-content\/uploads\/2025\/01\/ae6d95e1-bab9-43ce-875b-d81460a5d18f-640x800.jpeg\" alt=\"\" class=\"wp-image-227919\" srcset=\"https:\/\/portalv1.com.br\/app\/wp-content\/uploads\/2025\/01\/ae6d95e1-bab9-43ce-875b-d81460a5d18f-640x800.jpeg 640w, https:\/\/portalv1.com.br\/app\/wp-content\/uploads\/2025\/01\/ae6d95e1-bab9-43ce-875b-d81460a5d18f-300x375.jpeg 300w, https:\/\/portalv1.com.br\/app\/wp-content\/uploads\/2025\/01\/ae6d95e1-bab9-43ce-875b-d81460a5d18f-768x960.jpeg 768w, https:\/\/portalv1.com.br\/app\/wp-content\/uploads\/2025\/01\/ae6d95e1-bab9-43ce-875b-d81460a5d18f.jpeg 960w\" sizes=\"auto, (max-width: 640px) 100vw, 640px\" \/><\/figure>\n","protected":false},"excerpt":{"rendered":"<p>Os cursos da \u00e1rea de tecnologia est\u00e3o entre os mais disputados por estudantes que concluem o Ensino M\u00e9dio e buscam uma vaga no Ensino Superior por meio do Exame Nacional&#8230;<\/p>\n","protected":false},"author":1,"featured_media":227921,"comment_status":"open","ping_status":"open","sticky":false,"template":"","format":"standard","meta":{"ngg_post_thumbnail":0,"footnotes":""},"categories":[243],"tags":[],"class_list":["post-227918","post","type-post","status-publish","format-standard","has-post-thumbnail","hentry","category-geral"],"views":534,"meta_data":{"thumb":"https:\/\/portalv1.com.br\/app\/wp-content\/uploads\/2025\/01\/WhatsApp-Image-2025-01-28-at-22.19.33.jpeg","imagem":{"fullsize":{"url":"https:\/\/portalv1.com.br\/app\/wp-content\/uploads\/2025\/01\/WhatsApp-Image-2025-01-28-at-22.19.33.jpeg","width":960,"height":680},"medium":{"url":"https:\/\/portalv1.com.br\/app\/wp-content\/uploads\/2025\/01\/WhatsApp-Image-2025-01-28-at-22.19.33-300x213.jpeg","width":300,"height":213},"large":{"url":"https:\/\/portalv1.com.br\/app\/wp-content\/uploads\/2025\/01\/WhatsApp-Image-2025-01-28-at-22.19.33-640x453.jpeg","width":640,"height":453},"thumbnail":{"url":"https:\/\/portalv1.com.br\/app\/wp-content\/uploads\/2025\/01\/WhatsApp-Image-2025-01-28-at-22.19.33-100x100.jpeg","width":100,"height":100},"medium_large":{"url":"https:\/\/portalv1.com.br\/app\/wp-content\/uploads\/2025\/01\/WhatsApp-Image-2025-01-28-at-22.19.33-768x544.jpeg","width":768,"height":544}},"data":{"simple":"28\/01\/2025","date_time":"28\/01\/2025 19:17:28","date":"h\u00e1 1 ano"},"chapeu":"Ceti Dona Maria Antonieta Torres dos Reis","source":"m_destacada"},"_links":{"self":[{"href":"https:\/\/portalv1.com.br\/api\/wp\/v2\/posts\/227918","targetHints":{"allow":["GET"]}}],"collection":[{"href":"https:\/\/portalv1.com.br\/api\/wp\/v2\/posts"}],"about":[{"href":"https:\/\/portalv1.com.br\/api\/wp\/v2\/types\/post"}],"author":[{"embeddable":true,"href":"https:\/\/portalv1.com.br\/api\/wp\/v2\/users\/1"}],"replies":[{"embeddable":true,"href":"https:\/\/portalv1.com.br\/api\/wp\/v2\/comments?post=227918"}],"version-history":[{"count":0,"href":"https:\/\/portalv1.com.br\/api\/wp\/v2\/posts\/227918\/revisions"}],"wp:featuredmedia":[{"embeddable":true,"href":"https:\/\/portalv1.com.br\/api\/wp\/v2\/media\/227921"}],"wp:attachment":[{"href":"https:\/\/portalv1.com.br\/api\/wp\/v2\/media?parent=227918"}],"wp:term":[{"taxonomy":"category","embeddable":true,"href":"https:\/\/portalv1.com.br\/api\/wp\/v2\/categories?post=227918"},{"taxonomy":"post_tag","embeddable":true,"href":"https:\/\/portalv1.com.br\/api\/wp\/v2\/tags?post=227918"}],"curies":[{"name":"wp","href":"https:\/\/api.w.org\/{rel}","templated":true}]}}