{"id":228130,"date":"2025-02-05T15:52:07","date_gmt":"2025-02-05T18:52:07","guid":{"rendered":"https:\/\/portalv1.com.br\/?p=228130"},"modified":"2025-02-05T15:52:08","modified_gmt":"2025-02-05T18:52:08","slug":"inauguracao-da-parada-e-cafe-fazenda-sera-neste-sabado-na-br-316-em-valenca","status":"publish","type":"post","link":"https:\/\/portalv1.com.br\/inauguracao-da-parada-e-cafe-fazenda-sera-neste-sabado-na-br-316-em-valenca\/","title":{"rendered":"Inaugura\u00e7\u00e3o da Parada e Caf\u00e9 Fazenda ser\u00e1 neste s\u00e1bado na BR 316 em Valen\u00e7a"},"content":{"rendered":"\n<p>Valen\u00e7a do Piau\u00ed est\u00e1 prestes a ganhar um novo ponto de encontro e sabor. No pr\u00f3ximo s\u00e1bado, 08 de fevereiro, o empres\u00e1rio Jo\u00e3o Maur\u00edcio inaugura seu mais novo empreendimento: um caf\u00e9 e caldo de cana que promete se tornar refer\u00eancia na regi\u00e3o. Localizado estrategicamente na BR 316, no km 198, pr\u00f3ximo a entrada de Aroazes o estabelecimento j\u00e1 \u00e9 aguardado com grande expectativa pela comunidade local.<\/p>\n\n\n\n<p>A programa\u00e7\u00e3o do dia de inaugura\u00e7\u00e3o come\u00e7ar\u00e1 \u00e0s 09h com uma celebra\u00e7\u00e3o religiosa, um momento de b\u00ean\u00e7\u00e3o e agradecimento, seguido por um requintado caf\u00e9 da manh\u00e3 oferecido a todos os presentes. Ap\u00f3s esse momento especial, o caf\u00e9 e caldo de cana estar\u00e3o oficialmente abertos ao p\u00fablico, funcionando das 04h \u00e0s 20h diariamente.<\/p>\n\n\n\n<p>Al\u00e9m do tradicional caf\u00e9 e caldo de cana, o estabelecimento oferecer\u00e1 uma variedade de produtos regionais, como doces, caju\u00edna e castanha de caju, valorizando a cultura e os sabores t\u00edpicos do Piau\u00ed.&nbsp;<\/p>\n\n\n\n<p>Marque na sua agenda e venha prestigiar a inaugura\u00e7\u00e3o deste novo empreendimento que promete trazer mais sabor e aconchego para Valen\u00e7a do Piau\u00ed.<\/p>\n\n\n<figure class=\"wp-block-post-featured-image\"><img loading=\"lazy\" decoding=\"async\" width=\"1599\" height=\"1200\" src=\"https:\/\/portalv1.com.br\/app\/wp-content\/uploads\/2025\/02\/WhatsApp-Image-2025-02-05-at-13.06.24.jpeg\" class=\"attachment-post-thumbnail size-post-thumbnail wp-post-image\" alt=\"\" style=\"object-fit:cover;\" srcset=\"https:\/\/portalv1.com.br\/app\/wp-content\/uploads\/2025\/02\/WhatsApp-Image-2025-02-05-at-13.06.24.jpeg 1599w, https:\/\/portalv1.com.br\/app\/wp-content\/uploads\/2025\/02\/WhatsApp-Image-2025-02-05-at-13.06.24-300x225.jpeg 300w, https:\/\/portalv1.com.br\/app\/wp-content\/uploads\/2025\/02\/WhatsApp-Image-2025-02-05-at-13.06.24-640x480.jpeg 640w, https:\/\/portalv1.com.br\/app\/wp-content\/uploads\/2025\/02\/WhatsApp-Image-2025-02-05-at-13.06.24-768x576.jpeg 768w, https:\/\/portalv1.com.br\/app\/wp-content\/uploads\/2025\/02\/WhatsApp-Image-2025-02-05-at-13.06.24-1536x1153.jpeg 1536w\" sizes=\"auto, (max-width: 1599px) 100vw, 1599px\" \/><\/figure>","protected":false},"excerpt":{"rendered":"<p>Valen\u00e7a do Piau\u00ed est\u00e1 prestes a ganhar um novo ponto de encontro e sabor. No pr\u00f3ximo s\u00e1bado, 08 de fevereiro, o empres\u00e1rio Jo\u00e3o Maur\u00edcio inaugura seu mais novo empreendimento: um&#8230;<\/p>\n","protected":false},"author":1,"featured_media":228131,"comment_status":"open","ping_status":"open","sticky":false,"template":"","format":"standard","meta":{"ngg_post_thumbnail":0,"footnotes":""},"categories":[243],"tags":[],"class_list":["post-228130","post","type-post","status-publish","format-standard","has-post-thumbnail","hentry","category-geral"],"views":3062,"meta_data":{"thumb":"https:\/\/portalv1.com.br\/app\/wp-content\/uploads\/2025\/02\/WhatsApp-Image-2025-02-05-at-13.06.24.jpeg","imagem":{"fullsize":{"url":"https:\/\/portalv1.com.br\/app\/wp-content\/uploads\/2025\/02\/WhatsApp-Image-2025-02-05-at-13.06.24.jpeg","width":1599,"height":1200},"medium":{"url":"https:\/\/portalv1.com.br\/app\/wp-content\/uploads\/2025\/02\/WhatsApp-Image-2025-02-05-at-13.06.24-300x225.jpeg","width":300,"height":225},"large":{"url":"https:\/\/portalv1.com.br\/app\/wp-content\/uploads\/2025\/02\/WhatsApp-Image-2025-02-05-at-13.06.24-640x480.jpeg","width":640,"height":480},"thumbnail":{"url":"https:\/\/portalv1.com.br\/app\/wp-content\/uploads\/2025\/02\/WhatsApp-Image-2025-02-05-at-13.06.24-100x100.jpeg","width":100,"height":100},"medium_large":{"url":"https:\/\/portalv1.com.br\/app\/wp-content\/uploads\/2025\/02\/WhatsApp-Image-2025-02-05-at-13.06.24-768x576.jpeg","width":768,"height":576},"1536x1536":{"url":"https:\/\/portalv1.com.br\/app\/wp-content\/uploads\/2025\/02\/WhatsApp-Image-2025-02-05-at-13.06.24-1536x1153.jpeg","width":1536,"height":1153}},"data":{"simple":"05\/02\/2025","date_time":"05\/02\/2025 12:52:07","date":"h\u00e1 1 ano"},"chapeu":"Saiba mais","source":"slide"},"_links":{"self":[{"href":"https:\/\/portalv1.com.br\/api\/wp\/v2\/posts\/228130","targetHints":{"allow":["GET"]}}],"collection":[{"href":"https:\/\/portalv1.com.br\/api\/wp\/v2\/posts"}],"about":[{"href":"https:\/\/portalv1.com.br\/api\/wp\/v2\/types\/post"}],"author":[{"embeddable":true,"href":"https:\/\/portalv1.com.br\/api\/wp\/v2\/users\/1"}],"replies":[{"embeddable":true,"href":"https:\/\/portalv1.com.br\/api\/wp\/v2\/comments?post=228130"}],"version-history":[{"count":0,"href":"https:\/\/portalv1.com.br\/api\/wp\/v2\/posts\/228130\/revisions"}],"wp:featuredmedia":[{"embeddable":true,"href":"https:\/\/portalv1.com.br\/api\/wp\/v2\/media\/228131"}],"wp:attachment":[{"href":"https:\/\/portalv1.com.br\/api\/wp\/v2\/media?parent=228130"}],"wp:term":[{"taxonomy":"category","embeddable":true,"href":"https:\/\/portalv1.com.br\/api\/wp\/v2\/categories?post=228130"},{"taxonomy":"post_tag","embeddable":true,"href":"https:\/\/portalv1.com.br\/api\/wp\/v2\/tags?post=228130"}],"curies":[{"name":"wp","href":"https:\/\/api.w.org\/{rel}","templated":true}]}}