{"id":228148,"date":"2025-02-06T16:12:22","date_gmt":"2025-02-06T19:12:22","guid":{"rendered":"https:\/\/portalv1.com.br\/?p=228148"},"modified":"2025-02-06T16:12:24","modified_gmt":"2025-02-06T19:12:24","slug":"prefeito-marcelo-costa-renova-parceria-com-o-programa-cidade-empreendedora-do-sebrae","status":"publish","type":"post","link":"https:\/\/portalv1.com.br\/prefeito-marcelo-costa-renova-parceria-com-o-programa-cidade-empreendedora-do-sebrae\/","title":{"rendered":"Prefeito Marcelo Costa renova parceria com o programa Cidade Empreendedora do Sebrae"},"content":{"rendered":"\n<p>O prefeito Marcelo Costa assinou nesta quinta-feira (6) o termo de ades\u00e3o ao programa Cidade Empreendedora para o ano de 2025. A renova\u00e7\u00e3o da parceria entre o munic\u00edpio e o Sebrae Piau\u00ed aconteceu no gabinete do prefeito e contou com a participa\u00e7\u00e3o da agente territorial do Sebrae Aline Hip\u00f3lito, secret\u00e1ria de trabalho e emprego Patr\u00edcia Nunes e a agente de desenvolvimento Carolina Anselmo.<\/p>\n\n\n\n<p>\u201cA parceria entre o Sebrae e os munic\u00edpios \u00e9 importante para o desenvolvimento econ\u00f4mico local, pois estimula o empreendedorismo e a competitividade. Por meio da parceria com o Sebrae, fortalecemos o nosso com\u00e9rcio local e a agricultura familiar com a\u00e7\u00f5es que levaram conhecimento e capacita\u00e7\u00f5es para os empreendedores do campo e da cidade\u201d afirmou Patr\u00edcia Nunes que falou sobre a import\u00e2ncia do Cidade Empreendedora<\/p>\n\n\n\n<p>\u201c\u00c9 importante porque ajuda a criar um ambiente prop\u00edcio para o desenvolvimento econ\u00f4mico dos munic\u00edpios conecta pessoas e empresas acelera e sustenta o processo de desenvolvimento socioecon\u00f4mico promove um ambiente de neg\u00f3cio com produtividade e efici\u00eancia&nbsp; e facilita o acesso a servi\u00e7os tecnol\u00f3gicos\u201d disse a secret\u00e1ria.<\/p>\n\n\n\n<p>Nas redes sociais, o prefeito Marcelo Costa postou fotos da audi\u00eancia anunciando a assinatura do termo entre a Prefeitura de Valen\u00e7a e o Sebrae Piau\u00ed. O ex-vereador Devaldo Nunes tamb\u00e9m participou do ato de assinatura.<\/p>\n\n\n<div class=\"ngg-galleryoverview\" id=\"1\">\n              <div data-widget=\"Galeria\" data-props=\"{&quot;galeria&quot;:{&quot;max_page&quot;:1,&quot;total&quot;:4,&quot;gallery_id&quot;:1,&quot;images&quot;:[{&quot;thumbcode&quot;:&quot;https:\\\/\\\/portalv1.com.br\\\/app\\\/wp-content\\\/uploads\\\/2025\\\/02\\\/WhatsApp-Image-2025-02-06-at-13.54.05-400x250.jpg&quot;,&quot;imageURL&quot;:&quot;https:\\\/\\\/portalv1.com.br\\\/app\\\/wp-content\\\/uploads\\\/2025\\\/02\\\/WhatsApp-Image-2025-02-06-at-13.54.05.jpg&quot;,&quot;pid&quot;:228149,&quot;galleryid&quot;:1,&quot;description&quot;:&quot;&quot;,&quot;alttext&quot;:&quot;Prefeito Marcelo Costa renova parceria com o programa Cidade Empreendedora do Sebrae&quot;,&quot;thumbnailURL&quot;:&quot;https:\\\/\\\/portalv1.com.br\\\/app\\\/wp-content\\\/uploads\\\/2025\\\/02\\\/WhatsApp-Image-2025-02-06-at-13.54.05-400x250.jpg&quot;,&quot;style&quot;:&quot;&quot;},{&quot;thumbcode&quot;:&quot;https:\\\/\\\/portalv1.com.br\\\/app\\\/wp-content\\\/uploads\\\/2025\\\/02\\\/WhatsApp-Image-2025-02-06-at-13.54.24-400x250.jpg&quot;,&quot;imageURL&quot;:&quot;https:\\\/\\\/portalv1.com.br\\\/app\\\/wp-content\\\/uploads\\\/2025\\\/02\\\/WhatsApp-Image-2025-02-06-at-13.54.24.jpg&quot;,&quot;pid&quot;:228150,&quot;galleryid&quot;:1,&quot;description&quot;:&quot;&quot;,&quot;alttext&quot;:&quot;Prefeito Marcelo Costa renova parceria com o programa Cidade Empreendedora do Sebrae&quot;,&quot;thumbnailURL&quot;:&quot;https:\\\/\\\/portalv1.com.br\\\/app\\\/wp-content\\\/uploads\\\/2025\\\/02\\\/WhatsApp-Image-2025-02-06-at-13.54.24-400x250.jpg&quot;,&quot;style&quot;:&quot;&quot;},{&quot;thumbcode&quot;:&quot;https:\\\/\\\/portalv1.com.br\\\/app\\\/wp-content\\\/uploads\\\/2025\\\/02\\\/WhatsApp-Image-2025-02-06-at-13.54.23-400x250.jpg&quot;,&quot;imageURL&quot;:&quot;https:\\\/\\\/portalv1.com.br\\\/app\\\/wp-content\\\/uploads\\\/2025\\\/02\\\/WhatsApp-Image-2025-02-06-at-13.54.23.jpg&quot;,&quot;pid&quot;:228151,&quot;galleryid&quot;:1,&quot;description&quot;:&quot;&quot;,&quot;alttext&quot;:&quot;Prefeito Marcelo Costa renova parceria com o programa Cidade Empreendedora do Sebrae&quot;,&quot;thumbnailURL&quot;:&quot;https:\\\/\\\/portalv1.com.br\\\/app\\\/wp-content\\\/uploads\\\/2025\\\/02\\\/WhatsApp-Image-2025-02-06-at-13.54.23-400x250.jpg&quot;,&quot;style&quot;:&quot;&quot;},{&quot;thumbcode&quot;:&quot;https:\\\/\\\/portalv1.com.br\\\/app\\\/wp-content\\\/uploads\\\/2025\\\/02\\\/WhatsApp-Image-2025-02-06-at-13.54.06-400x250.jpg&quot;,&quot;imageURL&quot;:&quot;https:\\\/\\\/portalv1.com.br\\\/app\\\/wp-content\\\/uploads\\\/2025\\\/02\\\/WhatsApp-Image-2025-02-06-at-13.54.06.jpg&quot;,&quot;pid&quot;:228152,&quot;galleryid&quot;:1,&quot;description&quot;:&quot;&quot;,&quot;alttext&quot;:&quot;Prefeito Marcelo Costa renova parceria com o programa Cidade Empreendedora do Sebrae&quot;,&quot;thumbnailURL&quot;:&quot;https:\\\/\\\/portalv1.com.br\\\/app\\\/wp-content\\\/uploads\\\/2025\\\/02\\\/WhatsApp-Image-2025-02-06-at-13.54.06-400x250.jpg&quot;,&quot;style&quot;:&quot;&quot;}]}}\"><\/div>\n            <\/div>","protected":false},"excerpt":{"rendered":"<p>O prefeito Marcelo Costa assinou nesta quinta-feira (6) o termo de ades\u00e3o ao programa Cidade Empreendedora para o ano de 2025. A renova\u00e7\u00e3o da parceria entre o munic\u00edpio e o&#8230;<\/p>\n","protected":false},"author":1,"featured_media":228153,"comment_status":"open","ping_status":"open","sticky":false,"template":"","format":"standard","meta":{"ngg_post_thumbnail":0,"footnotes":""},"categories":[243],"tags":[],"class_list":["post-228148","post","type-post","status-publish","format-standard","has-post-thumbnail","hentry","category-geral"],"views":285,"meta_data":{"thumb":"https:\/\/portalv1.com.br\/app\/wp-content\/uploads\/2025\/02\/WhatsApp-Image-2025-02-06-at-16.11.36.jpeg","imagem":{"fullsize":{"url":"https:\/\/portalv1.com.br\/app\/wp-content\/uploads\/2025\/02\/WhatsApp-Image-2025-02-06-at-16.11.36.jpeg","width":1200,"height":675},"medium":{"url":"https:\/\/portalv1.com.br\/app\/wp-content\/uploads\/2025\/02\/WhatsApp-Image-2025-02-06-at-16.11.36-300x169.jpeg","width":300,"height":169},"large":{"url":"https:\/\/portalv1.com.br\/app\/wp-content\/uploads\/2025\/02\/WhatsApp-Image-2025-02-06-at-16.11.36-640x360.jpeg","width":640,"height":360},"thumbnail":{"url":"https:\/\/portalv1.com.br\/app\/wp-content\/uploads\/2025\/02\/WhatsApp-Image-2025-02-06-at-16.11.36-100x100.jpeg","width":100,"height":100},"medium_large":{"url":"https:\/\/portalv1.com.br\/app\/wp-content\/uploads\/2025\/02\/WhatsApp-Image-2025-02-06-at-16.11.36-768x432.jpeg","width":768,"height":432}},"data":{"simple":"06\/02\/2025","date_time":"06\/02\/2025 13:12:22","date":"h\u00e1 1 ano"},"chapeu":"Saiba mais","source":"slide"},"_links":{"self":[{"href":"https:\/\/portalv1.com.br\/api\/wp\/v2\/posts\/228148","targetHints":{"allow":["GET"]}}],"collection":[{"href":"https:\/\/portalv1.com.br\/api\/wp\/v2\/posts"}],"about":[{"href":"https:\/\/portalv1.com.br\/api\/wp\/v2\/types\/post"}],"author":[{"embeddable":true,"href":"https:\/\/portalv1.com.br\/api\/wp\/v2\/users\/1"}],"replies":[{"embeddable":true,"href":"https:\/\/portalv1.com.br\/api\/wp\/v2\/comments?post=228148"}],"version-history":[{"count":0,"href":"https:\/\/portalv1.com.br\/api\/wp\/v2\/posts\/228148\/revisions"}],"wp:featuredmedia":[{"embeddable":true,"href":"https:\/\/portalv1.com.br\/api\/wp\/v2\/media\/228153"}],"wp:attachment":[{"href":"https:\/\/portalv1.com.br\/api\/wp\/v2\/media?parent=228148"}],"wp:term":[{"taxonomy":"category","embeddable":true,"href":"https:\/\/portalv1.com.br\/api\/wp\/v2\/categories?post=228148"},{"taxonomy":"post_tag","embeddable":true,"href":"https:\/\/portalv1.com.br\/api\/wp\/v2\/tags?post=228148"}],"curies":[{"name":"wp","href":"https:\/\/api.w.org\/{rel}","templated":true}]}}