{"id":22815,"date":"2016-02-11T08:57:52","date_gmt":"2016-02-11T11:57:52","guid":{"rendered":"https:\/\/portalv1.com.br\/?p=22815"},"modified":"2016-02-11T08:58:04","modified_gmt":"2016-02-11T11:58:04","slug":"correios-abre-selecao-para-jovens-aprendizes","status":"publish","type":"post","link":"https:\/\/portalv1.com.br\/correios-abre-selecao-para-jovens-aprendizes\/","title":{"rendered":"Correios abre sele\u00e7\u00e3o para Jovens Aprendizes"},"content":{"rendered":"<p>A Empresa Brasileira de Correios e Tel\u00e9grafos &#8211; ECT divulgou nesta segunda-feira, 10, no Di\u00e1rio Oficial da Uni\u00e3o, Sec\u00e3o 3, o edital do novo Processo Seletivo.<\/p>\n<p>No total s\u00e3o 3.903 vagas para contrata\u00e7\u00e3o especial de Jovens Aprendizes na forma\u00e7\u00e3o de Assistente Administrativo.<\/p>\n<p>Podem participar candidatos que tenham entre 15 e 22 anos completos no ato da contrata\u00e7\u00e3o, estejam cursando no m\u00ednimo o 9\u00ba ano do ensino fundamental, tenha no\u00e7\u00f5es b\u00e1sicas de editores de texto, planilhas, navega\u00e7\u00e3o e pesquisa na internet utilizando em computadores desktop ou notebook, dentre outros requisitos.<\/p>\n<p>As inscri\u00e7\u00f5es devem ser realizadas entre os dias 25 de fevereiro e 13 de mar\u00e7o de 2016, no site www.correios.com.br.<\/p>\n<p>O resultado final ser\u00e1 divulgado no DOU e no site do Correios, em at\u00e9 30 dias ap\u00f3s o encerramento das inscri\u00e7\u00f5es.<\/p>\n","protected":false},"excerpt":{"rendered":"<p>A Empresa Brasileira de Correios e Tel\u00e9grafos &#8211; ECT divulgou nesta segunda-feira, 10, no Di\u00e1rio Oficial da Uni\u00e3o, Sec\u00e3o 3, o edital do novo Processo Seletivo. No total s\u00e3o 3.903&#8230;<\/p>\n","protected":false},"author":1,"featured_media":14667,"comment_status":"open","ping_status":"open","sticky":false,"template":"","format":"standard","meta":{"ngg_post_thumbnail":0,"footnotes":""},"categories":[12],"tags":[],"class_list":["post-22815","post","type-post","status-publish","format-standard","has-post-thumbnail","hentry","category-valenca-news"],"views":232,"meta_data":{"thumb":"https:\/\/portalv1.com.br\/app\/wp-content\/uploads\/2013\/01\/concurso1.jpg","imagem":{"fullsize":{"url":"https:\/\/portalv1.com.br\/app\/wp-content\/uploads\/2013\/01\/concurso1.jpg","width":550,"height":489},"thumbnail":{"url":"https:\/\/portalv1.com.br\/app\/wp-content\/uploads\/2013\/01\/concurso1-100x100.jpg","width":100,"height":100},"medium":{"url":"https:\/\/portalv1.com.br\/app\/wp-content\/uploads\/2013\/01\/concurso1-300x266.jpg","width":300,"height":266}},"data":{"simple":"11\/02\/2016","date_time":"11\/02\/2016 05:57:52","date":"h\u00e1 10 anos"},"chapeu":"Oportunidade","source":"m_destacada"},"_links":{"self":[{"href":"https:\/\/portalv1.com.br\/api\/wp\/v2\/posts\/22815","targetHints":{"allow":["GET"]}}],"collection":[{"href":"https:\/\/portalv1.com.br\/api\/wp\/v2\/posts"}],"about":[{"href":"https:\/\/portalv1.com.br\/api\/wp\/v2\/types\/post"}],"author":[{"embeddable":true,"href":"https:\/\/portalv1.com.br\/api\/wp\/v2\/users\/1"}],"replies":[{"embeddable":true,"href":"https:\/\/portalv1.com.br\/api\/wp\/v2\/comments?post=22815"}],"version-history":[{"count":0,"href":"https:\/\/portalv1.com.br\/api\/wp\/v2\/posts\/22815\/revisions"}],"wp:featuredmedia":[{"embeddable":true,"href":"https:\/\/portalv1.com.br\/api\/wp\/v2\/media\/14667"}],"wp:attachment":[{"href":"https:\/\/portalv1.com.br\/api\/wp\/v2\/media?parent=22815"}],"wp:term":[{"taxonomy":"category","embeddable":true,"href":"https:\/\/portalv1.com.br\/api\/wp\/v2\/categories?post=22815"},{"taxonomy":"post_tag","embeddable":true,"href":"https:\/\/portalv1.com.br\/api\/wp\/v2\/tags?post=22815"}],"curies":[{"name":"wp","href":"https:\/\/api.w.org\/{rel}","templated":true}]}}