{"id":22816,"date":"2016-02-11T11:55:47","date_gmt":"2016-02-11T14:55:47","guid":{"rendered":"https:\/\/portalv1.com.br\/?p=22816"},"modified":"2016-02-16T07:28:58","modified_gmt":"2016-02-16T10:28:58","slug":"reuniao-entre-diretor-e-promotor-discute-problemas-no-hospital-regional","status":"publish","type":"post","link":"https:\/\/portalv1.com.br\/reuniao-entre-diretor-e-promotor-discute-problemas-no-hospital-regional\/","title":{"rendered":"Reuni\u00e3o entre diretor e promotor discute problemas no hospital regional"},"content":{"rendered":"<figure id=\"attachment_22817\" aria-describedby=\"caption-attachment-22817\" style=\"width: 640px\" class=\"wp-caption aligncenter\"><img loading=\"lazy\" decoding=\"async\" class=\"size-large wp-image-22817\" src=\"https:\/\/portalv1.com.br\/app\/wp-content\/uploads\/2016\/02\/P_20160211_105514-640x360.jpg\" alt=\"Hospital Regional Eust\u00e1quio Portela\" width=\"640\" height=\"360\" srcset=\"https:\/\/portalv1.com.br\/app\/wp-content\/uploads\/2016\/02\/P_20160211_105514.jpg 640w, https:\/\/portalv1.com.br\/app\/wp-content\/uploads\/2016\/02\/P_20160211_105514-300x169.jpg 300w\" sizes=\"auto, (max-width: 640px) 100vw, 640px\" \/><figcaption id=\"caption-attachment-22817\" class=\"wp-caption-text\">Hospital Regional Eust\u00e1quio Portela<\/figcaption><\/figure>\n<p>O diretor do Hospital Regional Eust\u00e1quio Portela, Jos\u00e9 Filho esteve reunido na semana passada com o promotor Dr. Sinobilino Junior para falar sobre as dificuldades enfrentadas pela dire\u00e7\u00e3o do hospital com a estrutura f\u00edsica do mesmo. Na reuni\u00e3o, o diretor citou como exemplo os problemas com as fossas do hospital que est\u00e3o em seus limites. Sobre o problema, Jos\u00e9 Filho informou ao Minist\u00e9rio Publico que a Secret\u00e1ria Estadual da Sa\u00fade (SESAPI) liberou R$ 100 mil reais para construir uma nova estrutura de fossas.<\/p>\n<p>\u201cCom esse investimento, a engenharia da SESAPI afirmou que esses problemas ser\u00e3o resolvidos definitivamente\u201d explicou o diretor. Jos\u00e9 Filho informou que o dinheiro j\u00e1 est\u00e1 em caixa e que a licita\u00e7\u00e3o que ser\u00e1 atrav\u00e9s de carta convite ser\u00e1 realizada j\u00e1 na pr\u00f3xima semana\u201d.<\/p>\n<p>O diretor disse ainda que o problema com a fossa do hospital \u00e9 antigo. \u201cEssas fossas s\u00e3o de 1985, s\u00e3o 30 anos, \u00e9 normal que esses problemas aconte\u00e7am, o mais importante \u00e9 que vamos resolver o problema o mais breve poss\u00edvel\u201d garantiu.<\/p>\n<p>De acordo com Jos\u00e9 Filho apesar dos problemas pontuais, o hospital regional tamb\u00e9m tem boas noticias como a informa\u00e7\u00e3o de sua amplia\u00e7\u00e3o. \u201cNo segundo semestre desse ano queremos entregar novas alas no hospital como a Rede Cegonha que dar\u00e1 as mulheres e aos beb\u00eas uma maior cobertura, al\u00e9m da amplia\u00e7\u00e3o da Rede de Urg\u00eancia e Emerg\u00eancia (RUE), que culminar\u00e1 com a contrata\u00e7\u00e3o de novos profissionais. Ser\u00e3o investidos cerca de um milh\u00e3o e duzentos mil reais na obra\u201d concluiu.<\/p>\n","protected":false},"excerpt":{"rendered":"<p>O diretor do Hospital Regional Eust\u00e1quio Portela, Jos\u00e9 Filho esteve reunido na semana passada com o promotor Dr. Sinobilino Junior para falar sobre as dificuldades enfrentadas pela dire\u00e7\u00e3o do hospital&#8230;<\/p>\n","protected":false},"author":1,"featured_media":22817,"comment_status":"open","ping_status":"open","sticky":false,"template":"","format":"standard","meta":{"ngg_post_thumbnail":0,"footnotes":""},"categories":[12],"tags":[],"class_list":["post-22816","post","type-post","status-publish","format-standard","has-post-thumbnail","hentry","category-valenca-news"],"views":549,"meta_data":{"thumb":"https:\/\/portalv1.com.br\/app\/wp-content\/uploads\/2016\/02\/P_20160211_105514.jpg","imagem":{"fullsize":{"url":"https:\/\/portalv1.com.br\/app\/wp-content\/uploads\/2016\/02\/P_20160211_105514.jpg","width":640,"height":360},"thumbnail":{"url":"https:\/\/portalv1.com.br\/app\/wp-content\/uploads\/2016\/02\/P_20160211_105514-100x100.jpg","width":100,"height":100},"medium":{"url":"https:\/\/portalv1.com.br\/app\/wp-content\/uploads\/2016\/02\/P_20160211_105514-300x169.jpg","width":300,"height":169},"large":{"url":"https:\/\/portalv1.com.br\/app\/wp-content\/uploads\/2016\/02\/P_20160211_105514-640x360.jpg","width":640,"height":360}},"data":{"simple":"11\/02\/2016","date_time":"11\/02\/2016 08:55:47","date":"h\u00e1 10 anos"},"chapeu":"Sa\u00fade ","source":"foto_menor"},"_links":{"self":[{"href":"https:\/\/portalv1.com.br\/api\/wp\/v2\/posts\/22816","targetHints":{"allow":["GET"]}}],"collection":[{"href":"https:\/\/portalv1.com.br\/api\/wp\/v2\/posts"}],"about":[{"href":"https:\/\/portalv1.com.br\/api\/wp\/v2\/types\/post"}],"author":[{"embeddable":true,"href":"https:\/\/portalv1.com.br\/api\/wp\/v2\/users\/1"}],"replies":[{"embeddable":true,"href":"https:\/\/portalv1.com.br\/api\/wp\/v2\/comments?post=22816"}],"version-history":[{"count":0,"href":"https:\/\/portalv1.com.br\/api\/wp\/v2\/posts\/22816\/revisions"}],"wp:featuredmedia":[{"embeddable":true,"href":"https:\/\/portalv1.com.br\/api\/wp\/v2\/media\/22817"}],"wp:attachment":[{"href":"https:\/\/portalv1.com.br\/api\/wp\/v2\/media?parent=22816"}],"wp:term":[{"taxonomy":"category","embeddable":true,"href":"https:\/\/portalv1.com.br\/api\/wp\/v2\/categories?post=22816"},{"taxonomy":"post_tag","embeddable":true,"href":"https:\/\/portalv1.com.br\/api\/wp\/v2\/tags?post=22816"}],"curies":[{"name":"wp","href":"https:\/\/api.w.org\/{rel}","templated":true}]}}