{"id":228215,"date":"2025-02-10T09:48:58","date_gmt":"2025-02-10T12:48:58","guid":{"rendered":"https:\/\/portalv1.com.br\/?p=228215"},"modified":"2025-02-10T09:48:59","modified_gmt":"2025-02-10T12:48:59","slug":"inauguracao-da-parada-e-cafe-fazenda-em-valenca-um-novo-ponto-de-encontro-na-br-316","status":"publish","type":"post","link":"https:\/\/portalv1.com.br\/inauguracao-da-parada-e-cafe-fazenda-em-valenca-um-novo-ponto-de-encontro-na-br-316\/","title":{"rendered":"Inaugura\u00e7\u00e3o da Parada e Caf\u00e9 Fazenda em Valen\u00e7a: Um novo ponto de encontro na BR 316"},"content":{"rendered":"\n<p>Valen\u00e7a do Piau\u00ed ganhou um novo ponto de encontro e sabor. Neste s\u00e1bado (08), o empres\u00e1rio Jo\u00e3o Maur\u00edcio inaugurou seu mais novo empreendimento: Parada e Caf\u00e9 Fazenda, localizado estrategicamente na BR 316, no km 198.<\/p>\n\n\n\n<p>Na inaugura\u00e7\u00e3o teve uma celebra\u00e7\u00e3o religiosa, com b\u00ean\u00e7\u00e3o do local e agradecimento do propriet\u00e1rio Jo\u00e3o Maur\u00edcio.<\/p>\n\n\n\n<p>\u201cAgrade\u00e7o em primeiro lugar a Deus pela a oportunidade de realizar esse sonho e agrade\u00e7o aos presentes nesse ato de inaugura\u00e7\u00e3o, em especial ao Di\u00e1cono Francisco pela linda celebra\u00e7\u00e3o e b\u00ean\u00e7\u00e3os nesse momento de f\u00e9. Agrade\u00e7o ao amigo Geovane Vieira com sua esposa, a minha amiga Sueli e o Baia que estiveram aqui trazendo o apoio da Construf\u00e9, ao meu amigo irm\u00e3o, Francisco Le\u00f4nidas que veio do Curralinho; cerca de 80 km marcou daqui, agrade\u00e7o aos companheiros do Valen\u00e7a Moto, grupo que compareceram, grande destaque para os irm\u00e3os do Amigos Bate e Volta de Picos que conforme lista estiveram presente dando apoio! Agrade\u00e7o ao empres\u00e1rio De Paula com seu filho e empres\u00e1rio Eduardo que tamb\u00e9m estiveram aqui trazendo o seu ombro amigo, agrade\u00e7o tamb\u00e9m ao casal de empres\u00e1rios Geraldo e Natalia que vieram nos prestigiar, o amigo Edilson, em fim agrade\u00e7o as pessoas que me deram apoio nesse momento, como o J\u00fanior, sua esposa e a Jacinta que garantiram tudo na medida do poss\u00edvel\u201d, discursou o empres\u00e1rio.<\/p>\n\n\n\n<p>Jo\u00e3o Maur\u00edcio ainda lembrou da equipe que executou a obra. \u201cAgrade\u00e7o ao pessoal da obra que executaram esse servi\u00e7o para hoje t\u00e1 servindo a quem passa por aqui\u201d.<\/p>\n\n\n\n<p>Al\u00e9m do tradicional caf\u00e9 e caldo de cana, o estabelecimento oferecer\u00e1 uma variedade de produtos regionais, como doces, caju\u00edna e castanha de caju, valorizando a cultura e os sabores t\u00edpicos do Piau\u00ed.&nbsp;<\/p>\n\n\n<div class=\"ngg-galleryoverview\" id=\"1\">\n              <div data-widget=\"Galeria\" data-props=\"{&quot;galeria&quot;:{&quot;max_page&quot;:1,&quot;total&quot;:5,&quot;gallery_id&quot;:1,&quot;images&quot;:[{&quot;thumbcode&quot;:&quot;https:\\\/\\\/portalv1.com.br\\\/app\\\/wp-content\\\/uploads\\\/2025\\\/02\\\/WhatsApp-Image-2025-02-09-at-17.48.38-1-400x250.jpeg&quot;,&quot;imageURL&quot;:&quot;https:\\\/\\\/portalv1.com.br\\\/app\\\/wp-content\\\/uploads\\\/2025\\\/02\\\/WhatsApp-Image-2025-02-09-at-17.48.38-1.jpeg&quot;,&quot;pid&quot;:228216,&quot;galleryid&quot;:1,&quot;description&quot;:&quot;&quot;,&quot;alttext&quot;:&quot;Inaugura\\u00e7\\u00e3o da Parada e Caf\\u00e9 Fazenda em Valen\\u00e7a: Um novo ponto de encontro na BR 316&quot;,&quot;thumbnailURL&quot;:&quot;https:\\\/\\\/portalv1.com.br\\\/app\\\/wp-content\\\/uploads\\\/2025\\\/02\\\/WhatsApp-Image-2025-02-09-at-17.48.38-1-400x250.jpeg&quot;,&quot;style&quot;:&quot;&quot;},{&quot;thumbcode&quot;:&quot;https:\\\/\\\/portalv1.com.br\\\/app\\\/wp-content\\\/uploads\\\/2025\\\/02\\\/WhatsApp-Image-2025-02-09-at-17.48.46-1-400x250.jpeg&quot;,&quot;imageURL&quot;:&quot;https:\\\/\\\/portalv1.com.br\\\/app\\\/wp-content\\\/uploads\\\/2025\\\/02\\\/WhatsApp-Image-2025-02-09-at-17.48.46-1.jpeg&quot;,&quot;pid&quot;:228217,&quot;galleryid&quot;:1,&quot;description&quot;:&quot;&quot;,&quot;alttext&quot;:&quot;Inaugura\\u00e7\\u00e3o da Parada e Caf\\u00e9 Fazenda em Valen\\u00e7a: Um novo ponto de encontro na BR 316&quot;,&quot;thumbnailURL&quot;:&quot;https:\\\/\\\/portalv1.com.br\\\/app\\\/wp-content\\\/uploads\\\/2025\\\/02\\\/WhatsApp-Image-2025-02-09-at-17.48.46-1-400x250.jpeg&quot;,&quot;style&quot;:&quot;&quot;},{&quot;thumbcode&quot;:&quot;https:\\\/\\\/portalv1.com.br\\\/app\\\/wp-content\\\/uploads\\\/2025\\\/02\\\/WhatsApp-Image-2025-02-09-at-17.48.38-400x250.jpeg&quot;,&quot;imageURL&quot;:&quot;https:\\\/\\\/portalv1.com.br\\\/app\\\/wp-content\\\/uploads\\\/2025\\\/02\\\/WhatsApp-Image-2025-02-09-at-17.48.38.jpeg&quot;,&quot;pid&quot;:228218,&quot;galleryid&quot;:1,&quot;description&quot;:&quot;&quot;,&quot;alttext&quot;:&quot;Inaugura\\u00e7\\u00e3o da Parada e Caf\\u00e9 Fazenda em Valen\\u00e7a: Um novo ponto de encontro na BR 316&quot;,&quot;thumbnailURL&quot;:&quot;https:\\\/\\\/portalv1.com.br\\\/app\\\/wp-content\\\/uploads\\\/2025\\\/02\\\/WhatsApp-Image-2025-02-09-at-17.48.38-400x250.jpeg&quot;,&quot;style&quot;:&quot;&quot;},{&quot;thumbcode&quot;:&quot;https:\\\/\\\/portalv1.com.br\\\/app\\\/wp-content\\\/uploads\\\/2025\\\/02\\\/WhatsApp-Image-2025-02-09-at-17.48.43-400x250.jpeg&quot;,&quot;imageURL&quot;:&quot;https:\\\/\\\/portalv1.com.br\\\/app\\\/wp-content\\\/uploads\\\/2025\\\/02\\\/WhatsApp-Image-2025-02-09-at-17.48.43.jpeg&quot;,&quot;pid&quot;:228219,&quot;galleryid&quot;:1,&quot;description&quot;:&quot;&quot;,&quot;alttext&quot;:&quot;Inaugura\\u00e7\\u00e3o da Parada e Caf\\u00e9 Fazenda em Valen\\u00e7a: Um novo ponto de encontro na BR 316&quot;,&quot;thumbnailURL&quot;:&quot;https:\\\/\\\/portalv1.com.br\\\/app\\\/wp-content\\\/uploads\\\/2025\\\/02\\\/WhatsApp-Image-2025-02-09-at-17.48.43-400x250.jpeg&quot;,&quot;style&quot;:&quot;&quot;},{&quot;thumbcode&quot;:&quot;https:\\\/\\\/portalv1.com.br\\\/app\\\/wp-content\\\/uploads\\\/2025\\\/02\\\/WhatsApp-Image-2025-02-09-at-17.48.46-400x250.jpeg&quot;,&quot;imageURL&quot;:&quot;https:\\\/\\\/portalv1.com.br\\\/app\\\/wp-content\\\/uploads\\\/2025\\\/02\\\/WhatsApp-Image-2025-02-09-at-17.48.46.jpeg&quot;,&quot;pid&quot;:228220,&quot;galleryid&quot;:1,&quot;description&quot;:&quot;&quot;,&quot;alttext&quot;:&quot;Inaugura\\u00e7\\u00e3o da Parada e Caf\\u00e9 Fazenda em Valen\\u00e7a: Um novo ponto de encontro na BR 316&quot;,&quot;thumbnailURL&quot;:&quot;https:\\\/\\\/portalv1.com.br\\\/app\\\/wp-content\\\/uploads\\\/2025\\\/02\\\/WhatsApp-Image-2025-02-09-at-17.48.46-400x250.jpeg&quot;,&quot;style&quot;:&quot;&quot;}]}}\"><\/div>\n            <\/div>","protected":false},"excerpt":{"rendered":"<p>Valen\u00e7a do Piau\u00ed ganhou um novo ponto de encontro e sabor. Neste s\u00e1bado (08), o empres\u00e1rio Jo\u00e3o Maur\u00edcio inaugurou seu mais novo empreendimento: Parada e Caf\u00e9 Fazenda, localizado estrategicamente na&#8230;<\/p>\n","protected":false},"author":1,"featured_media":228221,"comment_status":"open","ping_status":"open","sticky":false,"template":"","format":"standard","meta":{"ngg_post_thumbnail":0,"footnotes":""},"categories":[243],"tags":[],"class_list":["post-228215","post","type-post","status-publish","format-standard","has-post-thumbnail","hentry","category-geral"],"views":2784,"meta_data":{"thumb":"https:\/\/portalv1.com.br\/app\/wp-content\/uploads\/2025\/02\/WhatsApp-Image-2025-02-10-at-09.47.28.jpeg","imagem":{"fullsize":{"url":"https:\/\/portalv1.com.br\/app\/wp-content\/uploads\/2025\/02\/WhatsApp-Image-2025-02-10-at-09.47.28.jpeg","width":1200,"height":640},"medium":{"url":"https:\/\/portalv1.com.br\/app\/wp-content\/uploads\/2025\/02\/WhatsApp-Image-2025-02-10-at-09.47.28-300x160.jpeg","width":300,"height":160},"large":{"url":"https:\/\/portalv1.com.br\/app\/wp-content\/uploads\/2025\/02\/WhatsApp-Image-2025-02-10-at-09.47.28-640x341.jpeg","width":640,"height":341},"thumbnail":{"url":"https:\/\/portalv1.com.br\/app\/wp-content\/uploads\/2025\/02\/WhatsApp-Image-2025-02-10-at-09.47.28-100x100.jpeg","width":100,"height":100},"medium_large":{"url":"https:\/\/portalv1.com.br\/app\/wp-content\/uploads\/2025\/02\/WhatsApp-Image-2025-02-10-at-09.47.28-768x410.jpeg","width":768,"height":410}},"data":{"simple":"10\/02\/2025","date_time":"10\/02\/2025 06:48:58","date":"h\u00e1 1 ano"},"chapeu":"Saiba mais","source":"m_destacada"},"_links":{"self":[{"href":"https:\/\/portalv1.com.br\/api\/wp\/v2\/posts\/228215","targetHints":{"allow":["GET"]}}],"collection":[{"href":"https:\/\/portalv1.com.br\/api\/wp\/v2\/posts"}],"about":[{"href":"https:\/\/portalv1.com.br\/api\/wp\/v2\/types\/post"}],"author":[{"embeddable":true,"href":"https:\/\/portalv1.com.br\/api\/wp\/v2\/users\/1"}],"replies":[{"embeddable":true,"href":"https:\/\/portalv1.com.br\/api\/wp\/v2\/comments?post=228215"}],"version-history":[{"count":0,"href":"https:\/\/portalv1.com.br\/api\/wp\/v2\/posts\/228215\/revisions"}],"wp:featuredmedia":[{"embeddable":true,"href":"https:\/\/portalv1.com.br\/api\/wp\/v2\/media\/228221"}],"wp:attachment":[{"href":"https:\/\/portalv1.com.br\/api\/wp\/v2\/media?parent=228215"}],"wp:term":[{"taxonomy":"category","embeddable":true,"href":"https:\/\/portalv1.com.br\/api\/wp\/v2\/categories?post=228215"},{"taxonomy":"post_tag","embeddable":true,"href":"https:\/\/portalv1.com.br\/api\/wp\/v2\/tags?post=228215"}],"curies":[{"name":"wp","href":"https:\/\/api.w.org\/{rel}","templated":true}]}}