{"id":228447,"date":"2025-02-14T23:44:04","date_gmt":"2025-02-15T02:44:04","guid":{"rendered":"https:\/\/portalv1.com.br\/?p=228447"},"modified":"2025-02-15T08:03:09","modified_gmt":"2025-02-15T11:03:09","slug":"mpf-e-contra-manobra-do-ex-prefeito-de-novo-oriente-acusado-de-rombo-de-r-870-mil","status":"publish","type":"post","link":"https:\/\/portalv1.com.br\/mpf-e-contra-manobra-do-ex-prefeito-de-novo-oriente-acusado-de-rombo-de-r-870-mil\/","title":{"rendered":"MPF \u00e9 contra manobra do ex-prefeito de Novo Oriente acusado de rombo de R$ 870 mil"},"content":{"rendered":"\n<p>O Minist\u00e9rio P\u00fablico Federal se manifestou contr\u00e1rio ao pedido de per\u00edcia judicial solicitado pelo ex-prefeito de Novo Oriente do Piau\u00ed, Marcos Vinicius Cunha Dias, no \u00e2mbito de uma a\u00e7\u00e3o civil p\u00fablica por atos de improbidade administrativa.<\/p>\n\n\n\n<p>O caso em quest\u00e3o envolve a execu\u00e7\u00e3o do conv\u00eanio TC\/PAC n\u00ba 0688\/14, firmado entre a Funda\u00e7\u00e3o Nacional de Sa\u00fade (FUNASA) e o munic\u00edpio de Novo Oriente do Piau\u00ed, que tinha por finalidade a implanta\u00e7\u00e3o de 09 sistemas de abastecimento de \u00e1gua nas seguintes localidades: Lagoa nova, Terra Vermelha, Pintadas, Chapadinha dos Flores, Santa Luzia, Xique-Xique, Chapada do Buritizal, Brejinho II e Serra do Angu.<\/p>\n\n\n\n<p>Segundo o MPF, os fatos narrados na inicial constituem condutas \u00edmprobas tipificadas na Lei de Improbidade Administrativa, mesmo ap\u00f3s as altera\u00e7\u00f5es promovidas pela Lei 14.230\/2021. A procuradoria ressalta que n\u00e3o h\u00e1 impeditivo legal para o prosseguimento da demanda, refutando as alega\u00e7\u00f5es do r\u00e9u sobre a inexist\u00eancia de atos \u00edmprobos e de dano ao er\u00e1rio.<\/p>\n\n\n<figure class=\"wp-block-post-featured-image\"><img loading=\"lazy\" decoding=\"async\" width=\"450\" height=\"400\" src=\"https:\/\/portalv1.com.br\/app\/wp-content\/uploads\/2019\/07\/macos-venicius.png\" class=\"attachment-post-thumbnail size-post-thumbnail wp-post-image\" alt=\"\" style=\"object-fit:cover;\" srcset=\"https:\/\/portalv1.com.br\/app\/wp-content\/uploads\/2019\/07\/macos-venicius.png 450w, https:\/\/portalv1.com.br\/app\/wp-content\/uploads\/2019\/07\/macos-venicius-300x267.png 300w\" sizes=\"auto, (max-width: 450px) 100vw, 450px\" \/><\/figure>\n\n\n<p>Fonte: GP1<\/p>\n","protected":false},"excerpt":{"rendered":"<p>O Minist\u00e9rio P\u00fablico Federal se manifestou contr\u00e1rio ao pedido de per\u00edcia judicial solicitado pelo ex-prefeito de Novo Oriente do Piau\u00ed, Marcos Vinicius Cunha Dias, no \u00e2mbito de uma a\u00e7\u00e3o civil&#8230;<\/p>\n","protected":false},"author":1,"featured_media":74146,"comment_status":"open","ping_status":"open","sticky":false,"template":"","format":"standard","meta":{"ngg_post_thumbnail":0,"footnotes":""},"categories":[243],"tags":[],"class_list":["post-228447","post","type-post","status-publish","format-standard","has-post-thumbnail","hentry","category-geral"],"views":975,"meta_data":{"thumb":"https:\/\/portalv1.com.br\/app\/wp-content\/uploads\/2019\/07\/macos-venicius.png","imagem":{"fullsize":{"url":"https:\/\/portalv1.com.br\/app\/wp-content\/uploads\/2019\/07\/macos-venicius.png","width":450,"height":400},"thumbnail":{"url":"https:\/\/portalv1.com.br\/app\/wp-content\/uploads\/2019\/07\/macos-venicius-100x100.png","width":100,"height":100},"medium":{"url":"https:\/\/portalv1.com.br\/app\/wp-content\/uploads\/2019\/07\/macos-venicius-300x267.png","width":300,"height":267}},"data":{"simple":"14\/02\/2025","date_time":"14\/02\/2025 20:44:04","date":"h\u00e1 1 ano"},"chapeu":"Minist\u00e9rio P\u00fablico Federal ","source":"m_destacada"},"_links":{"self":[{"href":"https:\/\/portalv1.com.br\/api\/wp\/v2\/posts\/228447","targetHints":{"allow":["GET"]}}],"collection":[{"href":"https:\/\/portalv1.com.br\/api\/wp\/v2\/posts"}],"about":[{"href":"https:\/\/portalv1.com.br\/api\/wp\/v2\/types\/post"}],"author":[{"embeddable":true,"href":"https:\/\/portalv1.com.br\/api\/wp\/v2\/users\/1"}],"replies":[{"embeddable":true,"href":"https:\/\/portalv1.com.br\/api\/wp\/v2\/comments?post=228447"}],"version-history":[{"count":0,"href":"https:\/\/portalv1.com.br\/api\/wp\/v2\/posts\/228447\/revisions"}],"wp:featuredmedia":[{"embeddable":true,"href":"https:\/\/portalv1.com.br\/api\/wp\/v2\/media\/74146"}],"wp:attachment":[{"href":"https:\/\/portalv1.com.br\/api\/wp\/v2\/media?parent=228447"}],"wp:term":[{"taxonomy":"category","embeddable":true,"href":"https:\/\/portalv1.com.br\/api\/wp\/v2\/categories?post=228447"},{"taxonomy":"post_tag","embeddable":true,"href":"https:\/\/portalv1.com.br\/api\/wp\/v2\/tags?post=228447"}],"curies":[{"name":"wp","href":"https:\/\/api.w.org\/{rel}","templated":true}]}}