{"id":228678,"date":"2025-02-18T09:41:31","date_gmt":"2025-02-18T12:41:31","guid":{"rendered":"https:\/\/portalv1.com.br\/?p=228678"},"modified":"2025-02-18T12:20:53","modified_gmt":"2025-02-18T15:20:53","slug":"prefeito-afonso-sobreira-participa-da-abertura-do-ano-legislativo-em-novo-oriente","status":"publish","type":"post","link":"https:\/\/portalv1.com.br\/prefeito-afonso-sobreira-participa-da-abertura-do-ano-legislativo-em-novo-oriente\/","title":{"rendered":"Prefeito Afonso Sobreira participa da abertura do ano legislativo em Novo Oriente"},"content":{"rendered":"\n<p>Na noite desta segunda-feira (17), o prefeito Afonso Sobreira participou da sess\u00e3o solene de abertura do ano legislativo municipal de Novo Oriente do Piau\u00ed. Em sua fala, o prefeito fez um balan\u00e7o da gest\u00e3o nos \u00faltimos quatro anos, assim como agradeceu a parceria dos vereadores nas conquistas alcan\u00e7adas pela gest\u00e3o. A harmonia entre os poderes e o esfor\u00e7o em acertar tamb\u00e9m foram destacados pelo prefeito Afonso.<\/p>\n\n\n\n<p>\u201cAo longo dos \u00faltimos quatro anos procurei trabalhar sempre em harmonia com essa casa legislativa e sou muito grato por toda a colabora\u00e7\u00e3o dos seus integrantes, que sempre procuraram melhorar os pleitos advindos do Poder Executivo com o objetivo de serem revertidos em benef\u00edcios para a nossa popula\u00e7\u00e3o\u201d, recordou o prefeito, que afirmou n\u00e3o ter d\u00favidas que essa parceria ter\u00e1 continuidade.&nbsp;<\/p>\n\n\n\n<p>\u201cNesse ano legislativo tenho plena convic\u00e7\u00e3o de que n\u00e3o ser\u00e1 diferente, pois conhe\u00e7o a hist\u00f3ria, assim como conhe\u00e7o o esp\u00edrito publico de cada integrante deste poder e do seu compromisso, dedica\u00e7\u00e3o e preocupa\u00e7\u00e3o com o bem-estar do nosso povo\u201d, frisou.<\/p>\n\n\n\n<p>A sess\u00e3o contou com a presen\u00e7a dos vereadores Toi Velho, Jaquelyne Nunes, Socorrinha do Mart\u00f4nio, Z\u00e9 Nilton, Som do MDB, Deusimar Aguiar, Nonato do PT e Junior Martins. O vereador Francisco Queimado n\u00e3o compareceu \u00e0 sess\u00e3o.<\/p>\n\n\n\n<p>Prestigiaram e se pronunciaram na sess\u00e3o, a vice-prefeita Odeni de Jesus, o padre Francisco Gomes, pastor C\u00edcero, contador Geovane Vieira, advogada Dr\u00aa Wilane e o secret\u00e1rio de administra\u00e7\u00e3o, Jo\u00e3o da Cruz, que representou os demais secret\u00e1rios e assim como o prefeito parabenizou os parlamentares pela elei\u00e7\u00e3o e colocou as demais secretarias a disposi\u00e7\u00e3o.<\/p>\n\n\n\n<p>O presidente Toi Velho falou sobre o in\u00edcio de um novo ciclo no Poder Legislativo.<\/p>\n\n\n\n<p>\u201cHoje celebramos n\u00e3o apenas um novo ciclo de trabalho, mas tamb\u00e9m uma renova\u00e7\u00e3o do nosso munic\u00edpio, gostaria de agradecer a Deus, aos meus colegas vereadores pelo apoio e confian\u00e7a que depositaram em mim para liderar essa casa, \u00e9 uma responsabilidade que assumo com sinceridade e dedica\u00e7\u00e3o\u201d, frisou o presidente, que prometeu uma gest\u00e3o presente e em defesa da popula\u00e7\u00e3o.<\/p>\n\n\n\n<p>\u201cDurante minha gest\u00e3o pretendo promover um ambiente de di\u00e1logo aberto e respeitoso com todos os vereadores independentemente de suas diferen\u00e7as politicas, juntos podemos construir solu\u00e7\u00f5es inovadoras e eficazes para a nossa cidade, acredito firmemente que a uni\u00e3o faz a for\u00e7a e somente assim conseguiremos realizar grandes feitos\u201d, finalizou. A primeira sess\u00e3o ordin\u00e1ria do parlamento novoorientino acontecer\u00e1 na pr\u00f3xima segunda-feira, 24 de fevereiro.<\/p>\n\n\n\n<p><div class=\"ngg-galleryoverview\" data-widget=\"Galeria\" data-props='{&quot;galeria&quot;:{&quot;gallery_id&quot;:3526,&quot;total&quot;:47,&quot;max_page&quot;:3,&quot;page&quot;:1,&quot;images&quot;:[{&quot;pid&quot;:116060,&quot;imageURL&quot;:&quot;https:\\\/\\\/portalv1.com.br\\\/app\\\/wp-content\\\/gallery\\\/legislativo\\\/portalv1IMG_5423valenca.jpg?t=1739882541&quot;,&quot;thumbnailURL&quot;:&quot;https:\\\/\\\/portalv1.com.br\\\/app\\\/wp-content\\\/gallery\\\/legislativo\\\/thumbs\\\/thumbs_portalv1IMG_5423valenca.jpg?t=1739882541&quot;,&quot;description&quot;:&quot; &quot;,&quot;alttext&quot;:&quot;portalv1IMG_5423valenca&quot;,&quot;style&quot;:&quot;&quot;},{&quot;pid&quot;:116061,&quot;imageURL&quot;:&quot;https:\\\/\\\/portalv1.com.br\\\/app\\\/wp-content\\\/gallery\\\/legislativo\\\/portalv1IMG_5428valenca.jpg?t=1739882541&quot;,&quot;thumbnailURL&quot;:&quot;https:\\\/\\\/portalv1.com.br\\\/app\\\/wp-content\\\/gallery\\\/legislativo\\\/thumbs\\\/thumbs_portalv1IMG_5428valenca.jpg?t=1739882541&quot;,&quot;description&quot;:&quot; &quot;,&quot;alttext&quot;:&quot;portalv1IMG_5428valenca&quot;,&quot;style&quot;:&quot;&quot;},{&quot;pid&quot;:116062,&quot;imageURL&quot;:&quot;https:\\\/\\\/portalv1.com.br\\\/app\\\/wp-content\\\/gallery\\\/legislativo\\\/portalv1IMG_5429valenca.jpg?t=1739882543&quot;,&quot;thumbnailURL&quot;:&quot;https:\\\/\\\/portalv1.com.br\\\/app\\\/wp-content\\\/gallery\\\/legislativo\\\/thumbs\\\/thumbs_portalv1IMG_5429valenca.jpg?t=1739882543&quot;,&quot;description&quot;:&quot; &quot;,&quot;alttext&quot;:&quot;portalv1IMG_5429valenca&quot;,&quot;style&quot;:&quot;&quot;},{&quot;pid&quot;:116063,&quot;imageURL&quot;:&quot;https:\\\/\\\/portalv1.com.br\\\/app\\\/wp-content\\\/gallery\\\/legislativo\\\/portalv1IMG_5431valenca.jpg?t=1739882543&quot;,&quot;thumbnailURL&quot;:&quot;https:\\\/\\\/portalv1.com.br\\\/app\\\/wp-content\\\/gallery\\\/legislativo\\\/thumbs\\\/thumbs_portalv1IMG_5431valenca.jpg?t=1739882543&quot;,&quot;description&quot;:&quot; &quot;,&quot;alttext&quot;:&quot;portalv1IMG_5431valenca&quot;,&quot;style&quot;:&quot;&quot;},{&quot;pid&quot;:116064,&quot;imageURL&quot;:&quot;https:\\\/\\\/portalv1.com.br\\\/app\\\/wp-content\\\/gallery\\\/legislativo\\\/portalv1IMG_5424valenca.jpg?t=1739882543&quot;,&quot;thumbnailURL&quot;:&quot;https:\\\/\\\/portalv1.com.br\\\/app\\\/wp-content\\\/gallery\\\/legislativo\\\/thumbs\\\/thumbs_portalv1IMG_5424valenca.jpg?t=1739882543&quot;,&quot;description&quot;:&quot; &quot;,&quot;alttext&quot;:&quot;portalv1IMG_5424valenca&quot;,&quot;style&quot;:&quot;&quot;},{&quot;pid&quot;:116065,&quot;imageURL&quot;:&quot;https:\\\/\\\/portalv1.com.br\\\/app\\\/wp-content\\\/gallery\\\/legislativo\\\/portalv1IMG_5436valenca.jpg?t=1739882545&quot;,&quot;thumbnailURL&quot;:&quot;https:\\\/\\\/portalv1.com.br\\\/app\\\/wp-content\\\/gallery\\\/legislativo\\\/thumbs\\\/thumbs_portalv1IMG_5436valenca.jpg?t=1739882545&quot;,&quot;description&quot;:&quot; &quot;,&quot;alttext&quot;:&quot;portalv1IMG_5436valenca&quot;,&quot;style&quot;:&quot;&quot;},{&quot;pid&quot;:116066,&quot;imageURL&quot;:&quot;https:\\\/\\\/portalv1.com.br\\\/app\\\/wp-content\\\/gallery\\\/legislativo\\\/portalv1IMG_5433valenca.jpg?t=1739882542&quot;,&quot;thumbnailURL&quot;:&quot;https:\\\/\\\/portalv1.com.br\\\/app\\\/wp-content\\\/gallery\\\/legislativo\\\/thumbs\\\/thumbs_portalv1IMG_5433valenca.jpg?t=1739882542&quot;,&quot;description&quot;:&quot; &quot;,&quot;alttext&quot;:&quot;portalv1IMG_5433valenca&quot;,&quot;style&quot;:&quot;&quot;},{&quot;pid&quot;:116067,&quot;imageURL&quot;:&quot;https:\\\/\\\/portalv1.com.br\\\/app\\\/wp-content\\\/gallery\\\/legislativo\\\/portalv1IMG_5449valenca.jpg?t=1739882546&quot;,&quot;thumbnailURL&quot;:&quot;https:\\\/\\\/portalv1.com.br\\\/app\\\/wp-content\\\/gallery\\\/legislativo\\\/thumbs\\\/thumbs_portalv1IMG_5449valenca.jpg?t=1739882546&quot;,&quot;description&quot;:&quot; &quot;,&quot;alttext&quot;:&quot;portalv1IMG_5449valenca&quot;,&quot;style&quot;:&quot;&quot;},{&quot;pid&quot;:116068,&quot;imageURL&quot;:&quot;https:\\\/\\\/portalv1.com.br\\\/app\\\/wp-content\\\/gallery\\\/legislativo\\\/portalv1IMG_5470valenca.jpg?t=1739882549&quot;,&quot;thumbnailURL&quot;:&quot;https:\\\/\\\/portalv1.com.br\\\/app\\\/wp-content\\\/gallery\\\/legislativo\\\/thumbs\\\/thumbs_portalv1IMG_5470valenca.jpg?t=1739882549&quot;,&quot;description&quot;:&quot; &quot;,&quot;alttext&quot;:&quot;portalv1IMG_5470valenca&quot;,&quot;style&quot;:&quot;&quot;},{&quot;pid&quot;:116069,&quot;imageURL&quot;:&quot;https:\\\/\\\/portalv1.com.br\\\/app\\\/wp-content\\\/gallery\\\/legislativo\\\/portalv1IMG_5486valenca.jpg?t=1739882543&quot;,&quot;thumbnailURL&quot;:&quot;https:\\\/\\\/portalv1.com.br\\\/app\\\/wp-content\\\/gallery\\\/legislativo\\\/thumbs\\\/thumbs_portalv1IMG_5486valenca.jpg?t=1739882543&quot;,&quot;description&quot;:&quot; &quot;,&quot;alttext&quot;:&quot;portalv1IMG_5486valenca&quot;,&quot;style&quot;:&quot;&quot;},{&quot;pid&quot;:116070,&quot;imageURL&quot;:&quot;https:\\\/\\\/portalv1.com.br\\\/app\\\/wp-content\\\/gallery\\\/legislativo\\\/portalv1IMG_5434valenca.jpg?t=1739882542&quot;,&quot;thumbnailURL&quot;:&quot;https:\\\/\\\/portalv1.com.br\\\/app\\\/wp-content\\\/gallery\\\/legislativo\\\/thumbs\\\/thumbs_portalv1IMG_5434valenca.jpg?t=1739882542&quot;,&quot;description&quot;:&quot; &quot;,&quot;alttext&quot;:&quot;portalv1IMG_5434valenca&quot;,&quot;style&quot;:&quot;&quot;},{&quot;pid&quot;:116071,&quot;imageURL&quot;:&quot;https:\\\/\\\/portalv1.com.br\\\/app\\\/wp-content\\\/gallery\\\/legislativo\\\/portalv1IMG_5463valenca.jpg?t=1739882542&quot;,&quot;thumbnailURL&quot;:&quot;https:\\\/\\\/portalv1.com.br\\\/app\\\/wp-content\\\/gallery\\\/legislativo\\\/thumbs\\\/thumbs_portalv1IMG_5463valenca.jpg?t=1739882542&quot;,&quot;description&quot;:&quot; &quot;,&quot;alttext&quot;:&quot;portalv1IMG_5463valenca&quot;,&quot;style&quot;:&quot;&quot;},{&quot;pid&quot;:116072,&quot;imageURL&quot;:&quot;https:\\\/\\\/portalv1.com.br\\\/app\\\/wp-content\\\/gallery\\\/legislativo\\\/portalv1IMG_5492valenca.jpg?t=1739882549&quot;,&quot;thumbnailURL&quot;:&quot;https:\\\/\\\/portalv1.com.br\\\/app\\\/wp-content\\\/gallery\\\/legislativo\\\/thumbs\\\/thumbs_portalv1IMG_5492valenca.jpg?t=1739882549&quot;,&quot;description&quot;:&quot; &quot;,&quot;alttext&quot;:&quot;portalv1IMG_5492valenca&quot;,&quot;style&quot;:&quot;&quot;},{&quot;pid&quot;:116073,&quot;imageURL&quot;:&quot;https:\\\/\\\/portalv1.com.br\\\/app\\\/wp-content\\\/gallery\\\/legislativo\\\/portalv1IMG_5516valenca.jpg?t=1739882546&quot;,&quot;thumbnailURL&quot;:&quot;https:\\\/\\\/portalv1.com.br\\\/app\\\/wp-content\\\/gallery\\\/legislativo\\\/thumbs\\\/thumbs_portalv1IMG_5516valenca.jpg?t=1739882546&quot;,&quot;description&quot;:&quot; &quot;,&quot;alttext&quot;:&quot;portalv1IMG_5516valenca&quot;,&quot;style&quot;:&quot;&quot;},{&quot;pid&quot;:116074,&quot;imageURL&quot;:&quot;https:\\\/\\\/portalv1.com.br\\\/app\\\/wp-content\\\/gallery\\\/legislativo\\\/portalv1IMG_5503valenca.jpg?t=1739882550&quot;,&quot;thumbnailURL&quot;:&quot;https:\\\/\\\/portalv1.com.br\\\/app\\\/wp-content\\\/gallery\\\/legislativo\\\/thumbs\\\/thumbs_portalv1IMG_5503valenca.jpg?t=1739882550&quot;,&quot;description&quot;:&quot; &quot;,&quot;alttext&quot;:&quot;portalv1IMG_5503valenca&quot;,&quot;style&quot;:&quot;&quot;},{&quot;pid&quot;:116075,&quot;imageURL&quot;:&quot;https:\\\/\\\/portalv1.com.br\\\/app\\\/wp-content\\\/gallery\\\/legislativo\\\/portalv1IMG_5544valenca.jpg?t=1739882545&quot;,&quot;thumbnailURL&quot;:&quot;https:\\\/\\\/portalv1.com.br\\\/app\\\/wp-content\\\/gallery\\\/legislativo\\\/thumbs\\\/thumbs_portalv1IMG_5544valenca.jpg?t=1739882545&quot;,&quot;description&quot;:&quot; &quot;,&quot;alttext&quot;:&quot;portalv1IMG_5544valenca&quot;,&quot;style&quot;:&quot;&quot;},{&quot;pid&quot;:116076,&quot;imageURL&quot;:&quot;https:\\\/\\\/portalv1.com.br\\\/app\\\/wp-content\\\/gallery\\\/legislativo\\\/portalv1IMG_5553valenca.jpg?t=1739882545&quot;,&quot;thumbnailURL&quot;:&quot;https:\\\/\\\/portalv1.com.br\\\/app\\\/wp-content\\\/gallery\\\/legislativo\\\/thumbs\\\/thumbs_portalv1IMG_5553valenca.jpg?t=1739882545&quot;,&quot;description&quot;:&quot; &quot;,&quot;alttext&quot;:&quot;portalv1IMG_5553valenca&quot;,&quot;style&quot;:&quot;&quot;},{&quot;pid&quot;:116077,&quot;imageURL&quot;:&quot;https:\\\/\\\/portalv1.com.br\\\/app\\\/wp-content\\\/gallery\\\/legislativo\\\/portalv1IMG_5574valenca.jpg?t=1739882542&quot;,&quot;thumbnailURL&quot;:&quot;https:\\\/\\\/portalv1.com.br\\\/app\\\/wp-content\\\/gallery\\\/legislativo\\\/thumbs\\\/thumbs_portalv1IMG_5574valenca.jpg?t=1739882542&quot;,&quot;description&quot;:&quot; &quot;,&quot;alttext&quot;:&quot;portalv1IMG_5574valenca&quot;,&quot;style&quot;:&quot;&quot;},{&quot;pid&quot;:116078,&quot;imageURL&quot;:&quot;https:\\\/\\\/portalv1.com.br\\\/app\\\/wp-content\\\/gallery\\\/legislativo\\\/portalv1IMG_5529valenca.jpg?t=1739882546&quot;,&quot;thumbnailURL&quot;:&quot;https:\\\/\\\/portalv1.com.br\\\/app\\\/wp-content\\\/gallery\\\/legislativo\\\/thumbs\\\/thumbs_portalv1IMG_5529valenca.jpg?t=1739882546&quot;,&quot;description&quot;:&quot; &quot;,&quot;alttext&quot;:&quot;portalv1IMG_5529valenca&quot;,&quot;style&quot;:&quot;&quot;},{&quot;pid&quot;:116079,&quot;imageURL&quot;:&quot;https:\\\/\\\/portalv1.com.br\\\/app\\\/wp-content\\\/gallery\\\/legislativo\\\/portalv1IMG_5577valenca.jpg?t=1739882544&quot;,&quot;thumbnailURL&quot;:&quot;https:\\\/\\\/portalv1.com.br\\\/app\\\/wp-content\\\/gallery\\\/legislativo\\\/thumbs\\\/thumbs_portalv1IMG_5577valenca.jpg?t=1739882544&quot;,&quot;description&quot;:&quot; &quot;,&quot;alttext&quot;:&quot;portalv1IMG_5577valenca&quot;,&quot;style&quot;:&quot;&quot;},{&quot;pid&quot;:116080,&quot;imageURL&quot;:&quot;https:\\\/\\\/portalv1.com.br\\\/app\\\/wp-content\\\/gallery\\\/legislativo\\\/portalv1IMG_5540valenca.jpg?t=1739882550&quot;,&quot;thumbnailURL&quot;:&quot;https:\\\/\\\/portalv1.com.br\\\/app\\\/wp-content\\\/gallery\\\/legislativo\\\/thumbs\\\/thumbs_portalv1IMG_5540valenca.jpg?t=1739882550&quot;,&quot;description&quot;:&quot; &quot;,&quot;alttext&quot;:&quot;portalv1IMG_5540valenca&quot;,&quot;style&quot;:&quot;&quot;},{&quot;pid&quot;:116081,&quot;imageURL&quot;:&quot;https:\\\/\\\/portalv1.com.br\\\/app\\\/wp-content\\\/gallery\\\/legislativo\\\/portalv1IMG_5615valenca.jpg?t=1739882550&quot;,&quot;thumbnailURL&quot;:&quot;https:\\\/\\\/portalv1.com.br\\\/app\\\/wp-content\\\/gallery\\\/legislativo\\\/thumbs\\\/thumbs_portalv1IMG_5615valenca.jpg?t=1739882550&quot;,&quot;description&quot;:&quot; &quot;,&quot;alttext&quot;:&quot;portalv1IMG_5615valenca&quot;,&quot;style&quot;:&quot;&quot;},{&quot;pid&quot;:116082,&quot;imageURL&quot;:&quot;https:\\\/\\\/portalv1.com.br\\\/app\\\/wp-content\\\/gallery\\\/legislativo\\\/portalv1IMG_5610valenca.jpg?t=1739882551&quot;,&quot;thumbnailURL&quot;:&quot;https:\\\/\\\/portalv1.com.br\\\/app\\\/wp-content\\\/gallery\\\/legislativo\\\/thumbs\\\/thumbs_portalv1IMG_5610valenca.jpg?t=1739882551&quot;,&quot;description&quot;:&quot; &quot;,&quot;alttext&quot;:&quot;portalv1IMG_5610valenca&quot;,&quot;style&quot;:&quot;&quot;},{&quot;pid&quot;:116083,&quot;imageURL&quot;:&quot;https:\\\/\\\/portalv1.com.br\\\/app\\\/wp-content\\\/gallery\\\/legislativo\\\/portalv1IMG_5588valenca.jpg?t=1739882544&quot;,&quot;thumbnailURL&quot;:&quot;https:\\\/\\\/portalv1.com.br\\\/app\\\/wp-content\\\/gallery\\\/legislativo\\\/thumbs\\\/thumbs_portalv1IMG_5588valenca.jpg?t=1739882544&quot;,&quot;description&quot;:&quot; &quot;,&quot;alttext&quot;:&quot;portalv1IMG_5588valenca&quot;,&quot;style&quot;:&quot;&quot;},{&quot;pid&quot;:116084,&quot;imageURL&quot;:&quot;https:\\\/\\\/portalv1.com.br\\\/app\\\/wp-content\\\/gallery\\\/legislativo\\\/portalv1IMG_5622valenca.jpg?t=1739882547&quot;,&quot;thumbnailURL&quot;:&quot;https:\\\/\\\/portalv1.com.br\\\/app\\\/wp-content\\\/gallery\\\/legislativo\\\/thumbs\\\/thumbs_portalv1IMG_5622valenca.jpg?t=1739882547&quot;,&quot;description&quot;:&quot; &quot;,&quot;alttext&quot;:&quot;portalv1IMG_5622valenca&quot;,&quot;style&quot;:&quot;&quot;},{&quot;pid&quot;:116085,&quot;imageURL&quot;:&quot;https:\\\/\\\/portalv1.com.br\\\/app\\\/wp-content\\\/gallery\\\/legislativo\\\/portalv1IMG_5619valenca.jpg?t=1739882546&quot;,&quot;thumbnailURL&quot;:&quot;https:\\\/\\\/portalv1.com.br\\\/app\\\/wp-content\\\/gallery\\\/legislativo\\\/thumbs\\\/thumbs_portalv1IMG_5619valenca.jpg?t=1739882546&quot;,&quot;description&quot;:&quot; &quot;,&quot;alttext&quot;:&quot;portalv1IMG_5619valenca&quot;,&quot;style&quot;:&quot;&quot;},{&quot;pid&quot;:116086,&quot;imageURL&quot;:&quot;https:\\\/\\\/portalv1.com.br\\\/app\\\/wp-content\\\/gallery\\\/legislativo\\\/portalv1IMG_5625valenca.jpg?t=1739882546&quot;,&quot;thumbnailURL&quot;:&quot;https:\\\/\\\/portalv1.com.br\\\/app\\\/wp-content\\\/gallery\\\/legislativo\\\/thumbs\\\/thumbs_portalv1IMG_5625valenca.jpg?t=1739882546&quot;,&quot;description&quot;:&quot; &quot;,&quot;alttext&quot;:&quot;portalv1IMG_5625valenca&quot;,&quot;style&quot;:&quot;&quot;},{&quot;pid&quot;:116087,&quot;imageURL&quot;:&quot;https:\\\/\\\/portalv1.com.br\\\/app\\\/wp-content\\\/gallery\\\/legislativo\\\/portalv1IMG_5627valenca.jpg?t=1739882547&quot;,&quot;thumbnailURL&quot;:&quot;https:\\\/\\\/portalv1.com.br\\\/app\\\/wp-content\\\/gallery\\\/legislativo\\\/thumbs\\\/thumbs_portalv1IMG_5627valenca.jpg?t=1739882547&quot;,&quot;description&quot;:&quot; &quot;,&quot;alttext&quot;:&quot;portalv1IMG_5627valenca&quot;,&quot;style&quot;:&quot;&quot;},{&quot;pid&quot;:116088,&quot;imageURL&quot;:&quot;https:\\\/\\\/portalv1.com.br\\\/app\\\/wp-content\\\/gallery\\\/legislativo\\\/portalv1IMG_5629valenca.jpg?t=1739882550&quot;,&quot;thumbnailURL&quot;:&quot;https:\\\/\\\/portalv1.com.br\\\/app\\\/wp-content\\\/gallery\\\/legislativo\\\/thumbs\\\/thumbs_portalv1IMG_5629valenca.jpg?t=1739882550&quot;,&quot;description&quot;:&quot; &quot;,&quot;alttext&quot;:&quot;portalv1IMG_5629valenca&quot;,&quot;style&quot;:&quot;&quot;},{&quot;pid&quot;:116089,&quot;imageURL&quot;:&quot;https:\\\/\\\/portalv1.com.br\\\/app\\\/wp-content\\\/gallery\\\/legislativo\\\/portalv1IMG_5624valenca.jpg?t=1739882543&quot;,&quot;thumbnailURL&quot;:&quot;https:\\\/\\\/portalv1.com.br\\\/app\\\/wp-content\\\/gallery\\\/legislativo\\\/thumbs\\\/thumbs_portalv1IMG_5624valenca.jpg?t=1739882543&quot;,&quot;description&quot;:&quot; &quot;,&quot;alttext&quot;:&quot;portalv1IMG_5624valenca&quot;,&quot;style&quot;:&quot;&quot;},{&quot;pid&quot;:116090,&quot;imageURL&quot;:&quot;https:\\\/\\\/portalv1.com.br\\\/app\\\/wp-content\\\/gallery\\\/legislativo\\\/portalv1IMG_5621valenca.jpg?t=1739882545&quot;,&quot;thumbnailURL&quot;:&quot;https:\\\/\\\/portalv1.com.br\\\/app\\\/wp-content\\\/gallery\\\/legislativo\\\/thumbs\\\/thumbs_portalv1IMG_5621valenca.jpg?t=1739882545&quot;,&quot;description&quot;:&quot; &quot;,&quot;alttext&quot;:&quot;portalv1IMG_5621valenca&quot;,&quot;style&quot;:&quot;&quot;},{&quot;pid&quot;:116091,&quot;imageURL&quot;:&quot;https:\\\/\\\/portalv1.com.br\\\/app\\\/wp-content\\\/gallery\\\/legislativo\\\/portalv1IMG_5636valenca.jpg?t=1739882544&quot;,&quot;thumbnailURL&quot;:&quot;https:\\\/\\\/portalv1.com.br\\\/app\\\/wp-content\\\/gallery\\\/legislativo\\\/thumbs\\\/thumbs_portalv1IMG_5636valenca.jpg?t=1739882544&quot;,&quot;description&quot;:&quot; &quot;,&quot;alttext&quot;:&quot;portalv1IMG_5636valenca&quot;,&quot;style&quot;:&quot;&quot;},{&quot;pid&quot;:116092,&quot;imageURL&quot;:&quot;https:\\\/\\\/portalv1.com.br\\\/app\\\/wp-content\\\/gallery\\\/legislativo\\\/portalv1IMG_5639valenca.jpg?t=1739882548&quot;,&quot;thumbnailURL&quot;:&quot;https:\\\/\\\/portalv1.com.br\\\/app\\\/wp-content\\\/gallery\\\/legislativo\\\/thumbs\\\/thumbs_portalv1IMG_5639valenca.jpg?t=1739882548&quot;,&quot;description&quot;:&quot; &quot;,&quot;alttext&quot;:&quot;portalv1IMG_5639valenca&quot;,&quot;style&quot;:&quot;&quot;},{&quot;pid&quot;:116093,&quot;imageURL&quot;:&quot;https:\\\/\\\/portalv1.com.br\\\/app\\\/wp-content\\\/gallery\\\/legislativo\\\/portalv1IMG_5628valenca.jpg?t=1739882544&quot;,&quot;thumbnailURL&quot;:&quot;https:\\\/\\\/portalv1.com.br\\\/app\\\/wp-content\\\/gallery\\\/legislativo\\\/thumbs\\\/thumbs_portalv1IMG_5628valenca.jpg?t=1739882544&quot;,&quot;description&quot;:&quot; &quot;,&quot;alttext&quot;:&quot;portalv1IMG_5628valenca&quot;,&quot;style&quot;:&quot;&quot;},{&quot;pid&quot;:116094,&quot;imageURL&quot;:&quot;https:\\\/\\\/portalv1.com.br\\\/app\\\/wp-content\\\/gallery\\\/legislativo\\\/portalv1IMG_5634valenca.jpg?t=1739882545&quot;,&quot;thumbnailURL&quot;:&quot;https:\\\/\\\/portalv1.com.br\\\/app\\\/wp-content\\\/gallery\\\/legislativo\\\/thumbs\\\/thumbs_portalv1IMG_5634valenca.jpg?t=1739882545&quot;,&quot;description&quot;:&quot; &quot;,&quot;alttext&quot;:&quot;portalv1IMG_5634valenca&quot;,&quot;style&quot;:&quot;&quot;},{&quot;pid&quot;:116095,&quot;imageURL&quot;:&quot;https:\\\/\\\/portalv1.com.br\\\/app\\\/wp-content\\\/gallery\\\/legislativo\\\/portalv1IMG_5631valenca.jpg?t=1739882548&quot;,&quot;thumbnailURL&quot;:&quot;https:\\\/\\\/portalv1.com.br\\\/app\\\/wp-content\\\/gallery\\\/legislativo\\\/thumbs\\\/thumbs_portalv1IMG_5631valenca.jpg?t=1739882548&quot;,&quot;description&quot;:&quot; &quot;,&quot;alttext&quot;:&quot;portalv1IMG_5631valenca&quot;,&quot;style&quot;:&quot;&quot;},{&quot;pid&quot;:116096,&quot;imageURL&quot;:&quot;https:\\\/\\\/portalv1.com.br\\\/app\\\/wp-content\\\/gallery\\\/legislativo\\\/portalv1IMG_5644valenca.jpg?t=1739882548&quot;,&quot;thumbnailURL&quot;:&quot;https:\\\/\\\/portalv1.com.br\\\/app\\\/wp-content\\\/gallery\\\/legislativo\\\/thumbs\\\/thumbs_portalv1IMG_5644valenca.jpg?t=1739882548&quot;,&quot;description&quot;:&quot; &quot;,&quot;alttext&quot;:&quot;portalv1IMG_5644valenca&quot;,&quot;style&quot;:&quot;&quot;},{&quot;pid&quot;:116097,&quot;imageURL&quot;:&quot;https:\\\/\\\/portalv1.com.br\\\/app\\\/wp-content\\\/gallery\\\/legislativo\\\/portalv1IMG_5646valenca.jpg?t=1739882547&quot;,&quot;thumbnailURL&quot;:&quot;https:\\\/\\\/portalv1.com.br\\\/app\\\/wp-content\\\/gallery\\\/legislativo\\\/thumbs\\\/thumbs_portalv1IMG_5646valenca.jpg?t=1739882547&quot;,&quot;description&quot;:&quot; &quot;,&quot;alttext&quot;:&quot;portalv1IMG_5646valenca&quot;,&quot;style&quot;:&quot;&quot;},{&quot;pid&quot;:116098,&quot;imageURL&quot;:&quot;https:\\\/\\\/portalv1.com.br\\\/app\\\/wp-content\\\/gallery\\\/legislativo\\\/portalv1IMG_5641valenca.jpg?t=1739882551&quot;,&quot;thumbnailURL&quot;:&quot;https:\\\/\\\/portalv1.com.br\\\/app\\\/wp-content\\\/gallery\\\/legislativo\\\/thumbs\\\/thumbs_portalv1IMG_5641valenca.jpg?t=1739882551&quot;,&quot;description&quot;:&quot; &quot;,&quot;alttext&quot;:&quot;portalv1IMG_5641valenca&quot;,&quot;style&quot;:&quot;&quot;},{&quot;pid&quot;:116099,&quot;imageURL&quot;:&quot;https:\\\/\\\/portalv1.com.br\\\/app\\\/wp-content\\\/gallery\\\/legislativo\\\/portalv1IMG_5633valenca.jpg?t=1739882542&quot;,&quot;thumbnailURL&quot;:&quot;https:\\\/\\\/portalv1.com.br\\\/app\\\/wp-content\\\/gallery\\\/legislativo\\\/thumbs\\\/thumbs_portalv1IMG_5633valenca.jpg?t=1739882542&quot;,&quot;description&quot;:&quot; &quot;,&quot;alttext&quot;:&quot;portalv1IMG_5633valenca&quot;,&quot;style&quot;:&quot;&quot;},{&quot;pid&quot;:116100,&quot;imageURL&quot;:&quot;https:\\\/\\\/portalv1.com.br\\\/app\\\/wp-content\\\/gallery\\\/legislativo\\\/portalv1IMG_5640valenca.jpg?t=1739882550&quot;,&quot;thumbnailURL&quot;:&quot;https:\\\/\\\/portalv1.com.br\\\/app\\\/wp-content\\\/gallery\\\/legislativo\\\/thumbs\\\/thumbs_portalv1IMG_5640valenca.jpg?t=1739882550&quot;,&quot;description&quot;:&quot; &quot;,&quot;alttext&quot;:&quot;portalv1IMG_5640valenca&quot;,&quot;style&quot;:&quot;&quot;},{&quot;pid&quot;:116101,&quot;imageURL&quot;:&quot;https:\\\/\\\/portalv1.com.br\\\/app\\\/wp-content\\\/gallery\\\/legislativo\\\/portalv1IMG_5647valenca.jpg?t=1739882549&quot;,&quot;thumbnailURL&quot;:&quot;https:\\\/\\\/portalv1.com.br\\\/app\\\/wp-content\\\/gallery\\\/legislativo\\\/thumbs\\\/thumbs_portalv1IMG_5647valenca.jpg?t=1739882549&quot;,&quot;description&quot;:&quot; &quot;,&quot;alttext&quot;:&quot;portalv1IMG_5647valenca&quot;,&quot;style&quot;:&quot;&quot;},{&quot;pid&quot;:116102,&quot;imageURL&quot;:&quot;https:\\\/\\\/portalv1.com.br\\\/app\\\/wp-content\\\/gallery\\\/legislativo\\\/portalv1IMG_5651valenca.jpg?t=1739882551&quot;,&quot;thumbnailURL&quot;:&quot;https:\\\/\\\/portalv1.com.br\\\/app\\\/wp-content\\\/gallery\\\/legislativo\\\/thumbs\\\/thumbs_portalv1IMG_5651valenca.jpg?t=1739882551&quot;,&quot;description&quot;:&quot; &quot;,&quot;alttext&quot;:&quot;portalv1IMG_5651valenca&quot;,&quot;style&quot;:&quot;&quot;},{&quot;pid&quot;:116103,&quot;imageURL&quot;:&quot;https:\\\/\\\/portalv1.com.br\\\/app\\\/wp-content\\\/gallery\\\/legislativo\\\/portalv1IMG_5648valenca.jpg?t=1739882549&quot;,&quot;thumbnailURL&quot;:&quot;https:\\\/\\\/portalv1.com.br\\\/app\\\/wp-content\\\/gallery\\\/legislativo\\\/thumbs\\\/thumbs_portalv1IMG_5648valenca.jpg?t=1739882549&quot;,&quot;description&quot;:&quot; &quot;,&quot;alttext&quot;:&quot;portalv1IMG_5648valenca&quot;,&quot;style&quot;:&quot;&quot;},{&quot;pid&quot;:116104,&quot;imageURL&quot;:&quot;https:\\\/\\\/portalv1.com.br\\\/app\\\/wp-content\\\/gallery\\\/legislativo\\\/portalv1IMG_5650valenca.jpg?t=1739882547&quot;,&quot;thumbnailURL&quot;:&quot;https:\\\/\\\/portalv1.com.br\\\/app\\\/wp-content\\\/gallery\\\/legislativo\\\/thumbs\\\/thumbs_portalv1IMG_5650valenca.jpg?t=1739882547&quot;,&quot;description&quot;:&quot; &quot;,&quot;alttext&quot;:&quot;portalv1IMG_5650valenca&quot;,&quot;style&quot;:&quot;&quot;},{&quot;pid&quot;:116105,&quot;imageURL&quot;:&quot;https:\\\/\\\/portalv1.com.br\\\/app\\\/wp-content\\\/gallery\\\/legislativo\\\/portalv1IMG_5652valenca.jpg?t=1739882544&quot;,&quot;thumbnailURL&quot;:&quot;https:\\\/\\\/portalv1.com.br\\\/app\\\/wp-content\\\/gallery\\\/legislativo\\\/thumbs\\\/thumbs_portalv1IMG_5652valenca.jpg?t=1739882544&quot;,&quot;description&quot;:&quot; &quot;,&quot;alttext&quot;:&quot;portalv1IMG_5652valenca&quot;,&quot;style&quot;:&quot;&quot;},{&quot;pid&quot;:116106,&quot;imageURL&quot;:&quot;https:\\\/\\\/portalv1.com.br\\\/app\\\/wp-content\\\/gallery\\\/legislativo\\\/portalv1IMG_5654valenca.jpg?t=1739882547&quot;,&quot;thumbnailURL&quot;:&quot;https:\\\/\\\/portalv1.com.br\\\/app\\\/wp-content\\\/gallery\\\/legislativo\\\/thumbs\\\/thumbs_portalv1IMG_5654valenca.jpg?t=1739882547&quot;,&quot;description&quot;:&quot; &quot;,&quot;alttext&quot;:&quot;portalv1IMG_5654valenca&quot;,&quot;style&quot;:&quot;&quot;}]}}'><\/div>.<\/p>\n\n\n\n<p><\/p>\n","protected":false},"excerpt":{"rendered":"<p>Na noite desta segunda-feira (17), o prefeito Afonso Sobreira participou da sess\u00e3o solene de abertura do ano legislativo municipal de Novo Oriente do Piau\u00ed. Em sua fala, o prefeito fez&#8230;<\/p>\n","protected":false},"author":1,"featured_media":228679,"comment_status":"open","ping_status":"open","sticky":false,"template":"","format":"standard","meta":{"ngg_post_thumbnail":0,"footnotes":""},"categories":[243],"tags":[],"class_list":["post-228678","post","type-post","status-publish","format-standard","has-post-thumbnail","hentry","category-geral"],"views":191,"meta_data":{"thumb":"https:\/\/portalv1.com.br\/app\/wp-content\/uploads\/2025\/02\/portalv1IMG_5619valenca.jpg","imagem":{"fullsize":{"url":"https:\/\/portalv1.com.br\/app\/wp-content\/uploads\/2025\/02\/portalv1IMG_5619valenca.jpg","width":1920,"height":1078},"medium":{"url":"https:\/\/portalv1.com.br\/app\/wp-content\/uploads\/2025\/02\/portalv1IMG_5619valenca-300x168.jpg","width":300,"height":168},"large":{"url":"https:\/\/portalv1.com.br\/app\/wp-content\/uploads\/2025\/02\/portalv1IMG_5619valenca-640x359.jpg","width":640,"height":359},"thumbnail":{"url":"https:\/\/portalv1.com.br\/app\/wp-content\/uploads\/2025\/02\/portalv1IMG_5619valenca-100x100.jpg","width":100,"height":100},"medium_large":{"url":"https:\/\/portalv1.com.br\/app\/wp-content\/uploads\/2025\/02\/portalv1IMG_5619valenca-768x431.jpg","width":768,"height":431},"1536x1536":{"url":"https:\/\/portalv1.com.br\/app\/wp-content\/uploads\/2025\/02\/portalv1IMG_5619valenca-1536x862.jpg","width":1536,"height":862}},"data":{"simple":"18\/02\/2025","date_time":"18\/02\/2025 06:41:31","date":"h\u00e1 1 ano"},"chapeu":"Saiba mais","source":"slide"},"_links":{"self":[{"href":"https:\/\/portalv1.com.br\/api\/wp\/v2\/posts\/228678","targetHints":{"allow":["GET"]}}],"collection":[{"href":"https:\/\/portalv1.com.br\/api\/wp\/v2\/posts"}],"about":[{"href":"https:\/\/portalv1.com.br\/api\/wp\/v2\/types\/post"}],"author":[{"embeddable":true,"href":"https:\/\/portalv1.com.br\/api\/wp\/v2\/users\/1"}],"replies":[{"embeddable":true,"href":"https:\/\/portalv1.com.br\/api\/wp\/v2\/comments?post=228678"}],"version-history":[{"count":0,"href":"https:\/\/portalv1.com.br\/api\/wp\/v2\/posts\/228678\/revisions"}],"wp:featuredmedia":[{"embeddable":true,"href":"https:\/\/portalv1.com.br\/api\/wp\/v2\/media\/228679"}],"wp:attachment":[{"href":"https:\/\/portalv1.com.br\/api\/wp\/v2\/media?parent=228678"}],"wp:term":[{"taxonomy":"category","embeddable":true,"href":"https:\/\/portalv1.com.br\/api\/wp\/v2\/categories?post=228678"},{"taxonomy":"post_tag","embeddable":true,"href":"https:\/\/portalv1.com.br\/api\/wp\/v2\/tags?post=228678"}],"curies":[{"name":"wp","href":"https:\/\/api.w.org\/{rel}","templated":true}]}}