{"id":228707,"date":"2025-02-19T11:48:06","date_gmt":"2025-02-19T14:48:06","guid":{"rendered":"https:\/\/portalv1.com.br\/?p=228707"},"modified":"2025-02-19T11:50:11","modified_gmt":"2025-02-19T14:50:11","slug":"justica-eleitoral-em-valenca-encontra-erros-em-prestacoes-de-contas-e-intima-candidatos","status":"publish","type":"post","link":"https:\/\/portalv1.com.br\/justica-eleitoral-em-valenca-encontra-erros-em-prestacoes-de-contas-e-intima-candidatos\/","title":{"rendered":"Justi\u00e7a Eleitoral em Valen\u00e7a encontra erros em presta\u00e7\u00f5es de contas e \u00edntima candidatos"},"content":{"rendered":"\n<p>A 18\u00aa Zona Eleitoral intimou os suplentes de vereadores: Raynne de Sousa Ara\u00fajo, Lucivaldo de Sousa Monteiro, Francisco de Assis Rodrigues Torres, Joaquim de Moraes Rego Filho e Francisco Orlando de Sousa para que num prazo de 03 dias, resolvam as inconsist\u00eancias apontadas no Relat\u00f3rio Preliminar de Dilig\u00eancias da Justi\u00e7a Eleitoral.<\/p>\n\n\n\n<p>A decis\u00e3o foi publicada no Di\u00e1rio da Justi\u00e7a Eletr\u00f4nico nesta ter\u00e7a-feira, 18 de fevereiro, com validade a partir dessa quarta.<\/p>\n\n\n\n<p>O pedido \u00e9 para que os suplentes corrijam as informa\u00e7\u00f5es prestadas, apresentando os esclarecimentos e documentos necess\u00e1rios e, se for o caso, reapresentar presta\u00e7\u00e3o de contas retificadora na forma do art. 71, I, da Res. TSE n.\u00ba 23.607\/2019.<\/p>\n\n\n\n<p>A 18\u00aa Zona Eleitoral segue julgando as presta\u00e7\u00f5es de contas dos candidatos e nessa fase, antes do julgamento a Justi\u00e7a Eleitoral analisa as informa\u00e7\u00f5es prestadas pelos candidatos e caso encontre inconsist\u00eancias, os mesmos s\u00e3o intimados a apresentar as informa\u00e7\u00f5es faltantes.<\/p>\n","protected":false},"excerpt":{"rendered":"<p>A 18\u00aa Zona Eleitoral intimou os suplentes de vereadores: Raynne de Sousa Ara\u00fajo, Lucivaldo de Sousa Monteiro, Francisco de Assis Rodrigues Torres, Joaquim de Moraes Rego Filho e Francisco Orlando&#8230;<\/p>\n","protected":false},"author":1,"featured_media":228708,"comment_status":"open","ping_status":"open","sticky":false,"template":"","format":"standard","meta":{"ngg_post_thumbnail":0,"footnotes":""},"categories":[243],"tags":[],"class_list":["post-228707","post","type-post","status-publish","format-standard","has-post-thumbnail","hentry","category-geral"],"views":818,"meta_data":{"thumb":"https:\/\/portalv1.com.br\/app\/wp-content\/uploads\/2025\/02\/Imagem1.jpg","imagem":{"fullsize":{"url":"https:\/\/portalv1.com.br\/app\/wp-content\/uploads\/2025\/02\/Imagem1.jpg","width":1500,"height":784},"medium":{"url":"https:\/\/portalv1.com.br\/app\/wp-content\/uploads\/2025\/02\/Imagem1-300x157.jpg","width":300,"height":157},"large":{"url":"https:\/\/portalv1.com.br\/app\/wp-content\/uploads\/2025\/02\/Imagem1-640x335.jpg","width":640,"height":335},"thumbnail":{"url":"https:\/\/portalv1.com.br\/app\/wp-content\/uploads\/2025\/02\/Imagem1-100x100.jpg","width":100,"height":100},"medium_large":{"url":"https:\/\/portalv1.com.br\/app\/wp-content\/uploads\/2025\/02\/Imagem1-768x401.jpg","width":768,"height":401}},"data":{"simple":"19\/02\/2025","date_time":"19\/02\/2025 08:48:06","date":"h\u00e1 1 ano"},"chapeu":"Tr\u00eas Dias ","source":"slide"},"_links":{"self":[{"href":"https:\/\/portalv1.com.br\/api\/wp\/v2\/posts\/228707","targetHints":{"allow":["GET"]}}],"collection":[{"href":"https:\/\/portalv1.com.br\/api\/wp\/v2\/posts"}],"about":[{"href":"https:\/\/portalv1.com.br\/api\/wp\/v2\/types\/post"}],"author":[{"embeddable":true,"href":"https:\/\/portalv1.com.br\/api\/wp\/v2\/users\/1"}],"replies":[{"embeddable":true,"href":"https:\/\/portalv1.com.br\/api\/wp\/v2\/comments?post=228707"}],"version-history":[{"count":0,"href":"https:\/\/portalv1.com.br\/api\/wp\/v2\/posts\/228707\/revisions"}],"wp:featuredmedia":[{"embeddable":true,"href":"https:\/\/portalv1.com.br\/api\/wp\/v2\/media\/228708"}],"wp:attachment":[{"href":"https:\/\/portalv1.com.br\/api\/wp\/v2\/media?parent=228707"}],"wp:term":[{"taxonomy":"category","embeddable":true,"href":"https:\/\/portalv1.com.br\/api\/wp\/v2\/categories?post=228707"},{"taxonomy":"post_tag","embeddable":true,"href":"https:\/\/portalv1.com.br\/api\/wp\/v2\/tags?post=228707"}],"curies":[{"name":"wp","href":"https:\/\/api.w.org\/{rel}","templated":true}]}}