{"id":22876,"date":"2016-02-18T18:33:11","date_gmt":"2016-02-18T21:33:11","guid":{"rendered":"https:\/\/portalv1.com.br\/?p=22876"},"modified":"2016-02-21T11:55:22","modified_gmt":"2016-02-21T14:55:22","slug":"numero-de-eleitores-em-valenca-pode-cair-drasticamente-com-a-biometria","status":"publish","type":"post","link":"https:\/\/portalv1.com.br\/numero-de-eleitores-em-valenca-pode-cair-drasticamente-com-a-biometria\/","title":{"rendered":"Numero de eleitores em Valen\u00e7a pode cair drasticamente com a biometria"},"content":{"rendered":"<figure id=\"attachment_22877\" aria-describedby=\"caption-attachment-22877\" style=\"width: 640px\" class=\"wp-caption aligncenter\"><a href=\"https:\/\/portalv1.com.br\/app\/wp-content\/uploads\/2016\/02\/dsc_0385-copy-1.jpg\" rel=\"attachment wp-att-22877\"><img loading=\"lazy\" decoding=\"async\" class=\"size-large wp-image-22877\" src=\"https:\/\/portalv1.com.br\/app\/wp-content\/uploads\/2016\/02\/dsc_0385-copy-1-640x427.jpg\" alt=\"Justi\u00e7a Eleitoral \" width=\"640\" height=\"427\" srcset=\"https:\/\/portalv1.com.br\/app\/wp-content\/uploads\/2016\/02\/dsc_0385-copy-1.jpg 640w, https:\/\/portalv1.com.br\/app\/wp-content\/uploads\/2016\/02\/dsc_0385-copy-1-300x200.jpg 300w\" sizes=\"auto, (max-width: 640px) 100vw, 640px\" \/><\/a><figcaption id=\"caption-attachment-22877\" class=\"wp-caption-text\">Justi\u00e7a Eleitoral<\/figcaption><\/figure>\n<p>O numero de eleitores em Valen\u00e7a poder\u00e1 ter uma queda acentuada para as elei\u00e7\u00f5es de outubro. O munic\u00edpio est\u00e1 passando pelo processo de biometria, onde todos os eleitores ter\u00e3o que procurar o Cart\u00f3rio Eleitoral para fazer um novo cadastro agora biom\u00e9trico.<\/p>\n<p>Os eleitores que n\u00e3o se cadastrarem n\u00e3o poder\u00e3o votar nas pr\u00f3ximas elei\u00e7\u00f5es municipais, onde ser\u00e3o escolhidos o prefeito e os 11 vereadores como \u00e9 o caso de Valen\u00e7a do Piaui. O Cart\u00f3rio Eleitoral conta com 11 pontos instalados e de acordo com a chefe do Cart\u00f3rio Eleitoral Concei\u00e7\u00e3o Leal na pr\u00f3xima semana ser\u00e3o instalados mais tr\u00eas pontos para dar uma maior fluidez ao processo em Valen\u00e7a.<\/p>\n<p>Ainda segundo a mesma, a ju\u00edza eleitoral Dr\u00aa Keylla Procopio est\u00e1 viabilizando a instala\u00e7\u00e3o de tr\u00eas pontos em Novo Oriente que funcionar\u00e1 no pr\u00e9dio do CRAS e espera uma avalia\u00e7\u00e3o t\u00e9cnica na cidade de Lagoa do Sitio para instalar pontos tamb\u00e9m no munic\u00edpio. As duas cidades comp\u00f5em com Valen\u00e7a a 18\u00aa Zona Eleitoral.<\/p>\n<p>Em Valen\u00e7a existem 16.350 eleitores de acordo com a parcial da ultima segunda-feira, 15 de fevereiro apenas 6.765 (41,4%) t\u00edtulos tinham sido revisados. Em Lagoa do Sitio tem 4.432 eleitores desse total 1.954 (44,1%) foram revisados. Em Novo Oriente pelo levantamento 2.317 (40,8%) t\u00edtulos tinham sido revisados at\u00e9 a ultima segunda-feira. O eleitorado novoorientino segundo o TRE-PI \u00e9 de 5.680 eleitores.<\/p>\n<p>Oficialmente o recadastramento vai at\u00e9 o dia 21 de mar\u00e7o. Para se cadastrar o eleitor deve procurar o Cart\u00f3rio Eleitoral munidos dos documentos pessoais original e xerox e comprovante de resid\u00eancia.<\/p>\n","protected":false},"excerpt":{"rendered":"<p>O numero de eleitores em Valen\u00e7a poder\u00e1 ter uma queda acentuada para as elei\u00e7\u00f5es de outubro. O munic\u00edpio est\u00e1 passando pelo processo de biometria, onde todos os eleitores ter\u00e3o que&#8230;<\/p>\n","protected":false},"author":1,"featured_media":22877,"comment_status":"open","ping_status":"open","sticky":false,"template":"","format":"standard","meta":{"ngg_post_thumbnail":0,"footnotes":""},"categories":[243,12],"tags":[],"class_list":["post-22876","post","type-post","status-publish","format-standard","has-post-thumbnail","hentry","category-geral","category-valenca-news"],"views":942,"meta_data":{"thumb":"https:\/\/portalv1.com.br\/app\/wp-content\/uploads\/2016\/02\/dsc_0385-copy-1.jpg","imagem":{"fullsize":{"url":"https:\/\/portalv1.com.br\/app\/wp-content\/uploads\/2016\/02\/dsc_0385-copy-1.jpg","width":640,"height":427},"thumbnail":{"url":"https:\/\/portalv1.com.br\/app\/wp-content\/uploads\/2016\/02\/dsc_0385-copy-1-100x100.jpg","width":100,"height":100},"medium":{"url":"https:\/\/portalv1.com.br\/app\/wp-content\/uploads\/2016\/02\/dsc_0385-copy-1-300x200.jpg","width":300,"height":200},"large":{"url":"https:\/\/portalv1.com.br\/app\/wp-content\/uploads\/2016\/02\/dsc_0385-copy-1-640x427.jpg","width":640,"height":427}},"data":{"simple":"18\/02\/2016","date_time":"18\/02\/2016 15:33:11","date":"h\u00e1 10 anos"},"chapeu":"TRE-PI","source":"retirar"},"_links":{"self":[{"href":"https:\/\/portalv1.com.br\/api\/wp\/v2\/posts\/22876","targetHints":{"allow":["GET"]}}],"collection":[{"href":"https:\/\/portalv1.com.br\/api\/wp\/v2\/posts"}],"about":[{"href":"https:\/\/portalv1.com.br\/api\/wp\/v2\/types\/post"}],"author":[{"embeddable":true,"href":"https:\/\/portalv1.com.br\/api\/wp\/v2\/users\/1"}],"replies":[{"embeddable":true,"href":"https:\/\/portalv1.com.br\/api\/wp\/v2\/comments?post=22876"}],"version-history":[{"count":0,"href":"https:\/\/portalv1.com.br\/api\/wp\/v2\/posts\/22876\/revisions"}],"wp:featuredmedia":[{"embeddable":true,"href":"https:\/\/portalv1.com.br\/api\/wp\/v2\/media\/22877"}],"wp:attachment":[{"href":"https:\/\/portalv1.com.br\/api\/wp\/v2\/media?parent=22876"}],"wp:term":[{"taxonomy":"category","embeddable":true,"href":"https:\/\/portalv1.com.br\/api\/wp\/v2\/categories?post=22876"},{"taxonomy":"post_tag","embeddable":true,"href":"https:\/\/portalv1.com.br\/api\/wp\/v2\/tags?post=22876"}],"curies":[{"name":"wp","href":"https:\/\/api.w.org\/{rel}","templated":true}]}}