{"id":228841,"date":"2025-02-24T17:32:01","date_gmt":"2025-02-24T20:32:01","guid":{"rendered":"https:\/\/portalv1.com.br\/?p=228841"},"modified":"2025-02-24T17:32:04","modified_gmt":"2025-02-24T20:32:04","slug":"prefeito-dr-segundo-participa-da-abertura-da-semana-pedagogica-em-varzea-grande","status":"publish","type":"post","link":"https:\/\/portalv1.com.br\/prefeito-dr-segundo-participa-da-abertura-da-semana-pedagogica-em-varzea-grande\/","title":{"rendered":"Prefeito Dr. Segundo participa da abertura da Semana Pedag\u00f3gica em V\u00e1rzea Grande"},"content":{"rendered":"\n<p>Nesta segunda-feira, 24 de fevereiro, come\u00e7ou a Semana Pedag\u00f3gica da Secretaria Municipal de Educa\u00e7\u00e3o de V\u00e1rzea Grande, que marca o in\u00edcio do ano letivo para os servidores da educa\u00e7\u00e3o da rede municipal de ensino. As atividades foram realizadas na Escola Zumbi dos Palmares e seguem at\u00e9 essa ter\u00e7a-feira, 25.<\/p>\n\n\n\n<p>O prefeito Dr. Segundo participou da abertura e garantiu apoio e investimentos para a educa\u00e7\u00e3o municipal.<\/p>\n\n\n\n<p>\u201cCom muita alegria participando desse evento important\u00edssimo para V\u00e1rzea Grande acolhendo os professores os novos que chegam na rede os j\u00e1 veteranos de trabalho comemorando os avan\u00e7os da educa\u00e7\u00e3o de V\u00e1rzea Grande e nos comprometendo a continuar avan\u00e7ando ainda muito mais pela educa\u00e7\u00e3o de nossa cidade\u201d disse o gestor.<\/p>\n\n\n\n<p>O prefeito enalteceu o desempenho da rede municipal ano passado que conquistou pr\u00eamios da Uni\u00e3o dos Dirigentes Municipais de Educa\u00e7\u00e3o \u2013 Undime teve um \u00f3timo desempenho no Sistema de Avalia\u00e7\u00e3o da Educa\u00e7\u00e3o do Piau\u00ed\u2013Saepi e foi Selo Ouro pelo reconhecimento ao Compromisso Nacional com a Alfabetiza\u00e7\u00e3o de estudantes na idade correta cuja premia\u00e7\u00e3o foi entregue no evento.<\/p>\n\n\n\n<p>\u201cDia de repassar a premia\u00e7\u00e3o aqui \u00e0s m\u00e3os da secret\u00e1ria Paizinha, o Selo Ouro de Alfabetiza\u00e7\u00e3o, dia de comemorar a premia\u00e7\u00e3o da Undime comemorar o resultado Saepi e fazer planos para avan\u00e7ar ainda mais em 2025. Educa\u00e7\u00e3o de V\u00e1rzea Grande, todos de m\u00e3os dadas\u201d disse o gestor municipal.<\/p>\n\n\n<div class=\"ngg-galleryoverview\" id=\"1\">\n              <div data-widget=\"Galeria\" data-props=\"{&quot;galeria&quot;:{&quot;max_page&quot;:1,&quot;total&quot;:4,&quot;gallery_id&quot;:1,&quot;images&quot;:[{&quot;thumbcode&quot;:&quot;https:\\\/\\\/portalv1.com.br\\\/app\\\/wp-content\\\/uploads\\\/2025\\\/02\\\/WhatsApp-Image-2025-02-24-at-13.44.46-400x250.jpg&quot;,&quot;imageURL&quot;:&quot;https:\\\/\\\/portalv1.com.br\\\/app\\\/wp-content\\\/uploads\\\/2025\\\/02\\\/WhatsApp-Image-2025-02-24-at-13.44.46.jpg&quot;,&quot;pid&quot;:228842,&quot;galleryid&quot;:1,&quot;description&quot;:&quot;&quot;,&quot;alttext&quot;:&quot;Prefeito Dr. Segundo participa da abertura da Semana Pedag\\u00f3gica em V\\u00e1rzea Grande&quot;,&quot;thumbnailURL&quot;:&quot;https:\\\/\\\/portalv1.com.br\\\/app\\\/wp-content\\\/uploads\\\/2025\\\/02\\\/WhatsApp-Image-2025-02-24-at-13.44.46-400x250.jpg&quot;,&quot;style&quot;:&quot;&quot;},{&quot;thumbcode&quot;:&quot;https:\\\/\\\/portalv1.com.br\\\/app\\\/wp-content\\\/uploads\\\/2025\\\/02\\\/WhatsApp-Image-2025-02-24-at-13.34.07-400x250.jpg&quot;,&quot;imageURL&quot;:&quot;https:\\\/\\\/portalv1.com.br\\\/app\\\/wp-content\\\/uploads\\\/2025\\\/02\\\/WhatsApp-Image-2025-02-24-at-13.34.07.jpg&quot;,&quot;pid&quot;:228843,&quot;galleryid&quot;:1,&quot;description&quot;:&quot;&quot;,&quot;alttext&quot;:&quot;Prefeito Dr. Segundo participa da abertura da Semana Pedag\\u00f3gica em V\\u00e1rzea Grande&quot;,&quot;thumbnailURL&quot;:&quot;https:\\\/\\\/portalv1.com.br\\\/app\\\/wp-content\\\/uploads\\\/2025\\\/02\\\/WhatsApp-Image-2025-02-24-at-13.34.07-400x250.jpg&quot;,&quot;style&quot;:&quot;&quot;},{&quot;thumbcode&quot;:&quot;https:\\\/\\\/portalv1.com.br\\\/app\\\/wp-content\\\/uploads\\\/2025\\\/02\\\/WhatsApp-Image-2025-02-24-at-13.34.08-400x250.jpg&quot;,&quot;imageURL&quot;:&quot;https:\\\/\\\/portalv1.com.br\\\/app\\\/wp-content\\\/uploads\\\/2025\\\/02\\\/WhatsApp-Image-2025-02-24-at-13.34.08.jpg&quot;,&quot;pid&quot;:228844,&quot;galleryid&quot;:1,&quot;description&quot;:&quot;&quot;,&quot;alttext&quot;:&quot;Prefeito Dr. Segundo participa da abertura da Semana Pedag\\u00f3gica em V\\u00e1rzea Grande&quot;,&quot;thumbnailURL&quot;:&quot;https:\\\/\\\/portalv1.com.br\\\/app\\\/wp-content\\\/uploads\\\/2025\\\/02\\\/WhatsApp-Image-2025-02-24-at-13.34.08-400x250.jpg&quot;,&quot;style&quot;:&quot;&quot;},{&quot;thumbcode&quot;:&quot;https:\\\/\\\/portalv1.com.br\\\/app\\\/wp-content\\\/uploads\\\/2025\\\/02\\\/WhatsApp-Image-2025-02-24-at-13.44.45-2-400x250.jpg&quot;,&quot;imageURL&quot;:&quot;https:\\\/\\\/portalv1.com.br\\\/app\\\/wp-content\\\/uploads\\\/2025\\\/02\\\/WhatsApp-Image-2025-02-24-at-13.44.45-2.jpg&quot;,&quot;pid&quot;:228845,&quot;galleryid&quot;:1,&quot;description&quot;:&quot;&quot;,&quot;alttext&quot;:&quot;Prefeito Dr. Segundo participa da abertura da Semana Pedag\\u00f3gica em V\\u00e1rzea Grande&quot;,&quot;thumbnailURL&quot;:&quot;https:\\\/\\\/portalv1.com.br\\\/app\\\/wp-content\\\/uploads\\\/2025\\\/02\\\/WhatsApp-Image-2025-02-24-at-13.44.45-2-400x250.jpg&quot;,&quot;style&quot;:&quot;&quot;}]}}\"><\/div>\n            <\/div>\n\n\n<figure class=\"wp-block-embed is-type-video is-provider-youtube wp-block-embed-youtube wp-embed-aspect-16-9 wp-has-aspect-ratio\"><div class=\"wp-block-embed__wrapper\">\n<div class=\"content-iframe\" data-content-width=\"600\"><iframe loading=\"lazy\" title=\"Semana Pedag\u00f3gica acontece em V\u00e1rzea Grande nesta segunda e ter\u00e7a-feira\" width=\"600\" height=\"338\" src=\"https:\/\/www.youtube.com\/embed\/zp2q7h3zbAU?feature=oembed\" frameborder=\"0\" allow=\"accelerometer; autoplay; clipboard-write; encrypted-media; gyroscope; picture-in-picture; web-share\" referrerpolicy=\"strict-origin-when-cross-origin\" allowfullscreen><\/iframe><\/div>\n<\/div><\/figure>\n","protected":false},"excerpt":{"rendered":"<p>Nesta segunda-feira, 24 de fevereiro, come\u00e7ou a Semana Pedag\u00f3gica da Secretaria Municipal de Educa\u00e7\u00e3o de V\u00e1rzea Grande, que marca o in\u00edcio do ano letivo para os servidores da educa\u00e7\u00e3o da&#8230;<\/p>\n","protected":false},"author":1,"featured_media":228844,"comment_status":"open","ping_status":"open","sticky":false,"template":"","format":"standard","meta":{"ngg_post_thumbnail":0,"footnotes":""},"categories":[243],"tags":[],"class_list":["post-228841","post","type-post","status-publish","format-standard","has-post-thumbnail","hentry","category-geral"],"views":331,"meta_data":{"thumb":"https:\/\/portalv1.com.br\/app\/wp-content\/uploads\/2025\/02\/WhatsApp-Image-2025-02-24-at-13.34.08.jpg","imagem":{"fullsize":{"url":"https:\/\/portalv1.com.br\/app\/wp-content\/uploads\/2025\/02\/WhatsApp-Image-2025-02-24-at-13.34.08.jpg","width":1600,"height":1200},"medium":{"url":"https:\/\/portalv1.com.br\/app\/wp-content\/uploads\/2025\/02\/WhatsApp-Image-2025-02-24-at-13.34.08-300x225.jpg","width":300,"height":225},"large":{"url":"https:\/\/portalv1.com.br\/app\/wp-content\/uploads\/2025\/02\/WhatsApp-Image-2025-02-24-at-13.34.08-640x480.jpg","width":640,"height":480},"thumbnail":{"url":"https:\/\/portalv1.com.br\/app\/wp-content\/uploads\/2025\/02\/WhatsApp-Image-2025-02-24-at-13.34.08-100x100.jpg","width":100,"height":100},"medium_large":{"url":"https:\/\/portalv1.com.br\/app\/wp-content\/uploads\/2025\/02\/WhatsApp-Image-2025-02-24-at-13.34.08-768x576.jpg","width":768,"height":576},"1536x1536":{"url":"https:\/\/portalv1.com.br\/app\/wp-content\/uploads\/2025\/02\/WhatsApp-Image-2025-02-24-at-13.34.08-1536x1152.jpg","width":1536,"height":1152}},"data":{"simple":"24\/02\/2025","date_time":"24\/02\/2025 14:32:01","date":"h\u00e1 1 ano"},"chapeu":"Rede Municipal de Ensino","source":"slide"},"_links":{"self":[{"href":"https:\/\/portalv1.com.br\/api\/wp\/v2\/posts\/228841","targetHints":{"allow":["GET"]}}],"collection":[{"href":"https:\/\/portalv1.com.br\/api\/wp\/v2\/posts"}],"about":[{"href":"https:\/\/portalv1.com.br\/api\/wp\/v2\/types\/post"}],"author":[{"embeddable":true,"href":"https:\/\/portalv1.com.br\/api\/wp\/v2\/users\/1"}],"replies":[{"embeddable":true,"href":"https:\/\/portalv1.com.br\/api\/wp\/v2\/comments?post=228841"}],"version-history":[{"count":0,"href":"https:\/\/portalv1.com.br\/api\/wp\/v2\/posts\/228841\/revisions"}],"wp:featuredmedia":[{"embeddable":true,"href":"https:\/\/portalv1.com.br\/api\/wp\/v2\/media\/228844"}],"wp:attachment":[{"href":"https:\/\/portalv1.com.br\/api\/wp\/v2\/media?parent=228841"}],"wp:term":[{"taxonomy":"category","embeddable":true,"href":"https:\/\/portalv1.com.br\/api\/wp\/v2\/categories?post=228841"},{"taxonomy":"post_tag","embeddable":true,"href":"https:\/\/portalv1.com.br\/api\/wp\/v2\/tags?post=228841"}],"curies":[{"name":"wp","href":"https:\/\/api.w.org\/{rel}","templated":true}]}}