{"id":22896,"date":"2016-02-21T12:07:45","date_gmt":"2016-02-21T15:07:45","guid":{"rendered":"https:\/\/portalv1.com.br\/?p=22896"},"modified":"2016-02-21T12:07:45","modified_gmt":"2016-02-21T15:07:45","slug":"mutirao-do-ceir-atende-42-pessoas-com-deficiencia-intelectual","status":"publish","type":"post","link":"https:\/\/portalv1.com.br\/mutirao-do-ceir-atende-42-pessoas-com-deficiencia-intelectual\/","title":{"rendered":"Mutir\u00e3o do Ceir atende 42 pessoas com defici\u00eancia intelectual"},"content":{"rendered":"<p>Com o objetivo de dar maior celeridade aos atendimentos e reduzir o tempo de espera dos pacientes, o Centro Integrado de Reabilita\u00e7\u00e3o (Ceir) realizou, neste s\u00e1bado (20), um mutir\u00e3o de atendimentos para pessoas com defici\u00eancia intelectual, s\u00edndrome de Down ou Transtornos do Espectro Autista (TEA).<\/p>\n<p>Vinte e sete profissionais do centro atenderam uma demanda de 42 pacientes que tiveram os servi\u00e7os previamente agendados. Todos j\u00e1 passaram pela triagem no Ceir e agora aguardam a consulta m\u00e9dica ou avalia\u00e7\u00e3o global para iniciarem as terapias de reabilita\u00e7\u00e3o intelectual.<\/p>\n<p>A coordenadora do setor de Arquivo M\u00e9dico e Estat\u00edstica (Same) da institui\u00e7\u00e3o, Laize Morais, explica que &#8220;a triagem tem como objetivo a confirma\u00e7\u00e3o do diagn\u00f3stico da defici\u00eancia; a consulta de admiss\u00e3o identifica a situa\u00e7\u00e3o cl\u00ednica do usu\u00e1rio e encaminha os usu\u00e1rios para avalia\u00e7\u00e3o global ou orienta\u00e7\u00e3o, conforme grau de defici\u00eancia\u201d.<\/p>\n<p>O pequeno Vin\u00edcius Cavalcante, 6 anos, tem s\u00edndrome de Down. Ele j\u00e1 passou pela triagem e, na manh\u00e3 deste s\u00e1bado (20), realizou a consulta que o Foram atendidos 42 pacientes que tiveram os servi\u00e7os previamente agendados.( Foto: Ascom Ceir)encaminhou para avalia\u00e7\u00e3o global. Agora, a m\u00e3e de Vin\u00edcius espera que ele participe de atividades que desenvolvam as habilidades dele, principalmente as voltadas \u00e0 cogni\u00e7\u00e3o, linguagem e sociabilidade.<\/p>\n<p>Danusa de Brito, pediatra do Ceir, explica que, na avalia\u00e7\u00e3o global, \u00e9 estabelecido o projeto terap\u00eautico para o paciente contendo as atividades a serem realizadas pela equipe multiprofissional.<\/p>\n<p>Fonte: governo do estado<\/p>\n","protected":false},"excerpt":{"rendered":"<p>Com o objetivo de dar maior celeridade aos atendimentos e reduzir o tempo de espera dos pacientes, o Centro Integrado de Reabilita\u00e7\u00e3o (Ceir) realizou, neste s\u00e1bado (20), um mutir\u00e3o de&#8230;<\/p>\n","protected":false},"author":1,"featured_media":22897,"comment_status":"open","ping_status":"open","sticky":false,"template":"","format":"standard","meta":{"ngg_post_thumbnail":0,"footnotes":""},"categories":[12],"tags":[],"class_list":["post-22896","post","type-post","status-publish","format-standard","has-post-thumbnail","hentry","category-valenca-news"],"views":224,"meta_data":{"thumb":"https:\/\/portalv1.com.br\/app\/wp-content\/uploads\/2016\/02\/ceir.jpg","imagem":{"fullsize":{"url":"https:\/\/portalv1.com.br\/app\/wp-content\/uploads\/2016\/02\/ceir.jpg","width":585,"height":388},"thumbnail":{"url":"https:\/\/portalv1.com.br\/app\/wp-content\/uploads\/2016\/02\/ceir-100x100.jpg","width":100,"height":100},"medium":{"url":"https:\/\/portalv1.com.br\/app\/wp-content\/uploads\/2016\/02\/ceir-300x199.jpg","width":300,"height":199}},"data":{"simple":"21\/02\/2016","date_time":"21\/02\/2016 09:07:45","date":"h\u00e1 10 anos"},"chapeu":"Atendimento ","source":"m_destacada"},"_links":{"self":[{"href":"https:\/\/portalv1.com.br\/api\/wp\/v2\/posts\/22896","targetHints":{"allow":["GET"]}}],"collection":[{"href":"https:\/\/portalv1.com.br\/api\/wp\/v2\/posts"}],"about":[{"href":"https:\/\/portalv1.com.br\/api\/wp\/v2\/types\/post"}],"author":[{"embeddable":true,"href":"https:\/\/portalv1.com.br\/api\/wp\/v2\/users\/1"}],"replies":[{"embeddable":true,"href":"https:\/\/portalv1.com.br\/api\/wp\/v2\/comments?post=22896"}],"version-history":[{"count":0,"href":"https:\/\/portalv1.com.br\/api\/wp\/v2\/posts\/22896\/revisions"}],"wp:featuredmedia":[{"embeddable":true,"href":"https:\/\/portalv1.com.br\/api\/wp\/v2\/media\/22897"}],"wp:attachment":[{"href":"https:\/\/portalv1.com.br\/api\/wp\/v2\/media?parent=22896"}],"wp:term":[{"taxonomy":"category","embeddable":true,"href":"https:\/\/portalv1.com.br\/api\/wp\/v2\/categories?post=22896"},{"taxonomy":"post_tag","embeddable":true,"href":"https:\/\/portalv1.com.br\/api\/wp\/v2\/tags?post=22896"}],"curies":[{"name":"wp","href":"https:\/\/api.w.org\/{rel}","templated":true}]}}