{"id":230073,"date":"2025-03-06T23:23:05","date_gmt":"2025-03-07T02:23:05","guid":{"rendered":"https:\/\/portalv1.com.br\/?p=230073"},"modified":"2025-03-07T08:02:23","modified_gmt":"2025-03-07T11:02:23","slug":"prefeito-afonso-anuncia-auxilio-financeiro-para-estudantes-de-novo-oriente","status":"publish","type":"post","link":"https:\/\/portalv1.com.br\/prefeito-afonso-anuncia-auxilio-financeiro-para-estudantes-de-novo-oriente\/","title":{"rendered":"Prefeito Afonso anuncia aux\u00edlio financeiro para estudantes de Novo Oriente"},"content":{"rendered":"\n<p>O prefeito de Novo Oriente, Afonso Sobreira, anunciou nesta quinta-feira (06), nas redes sociais novos investimentos na educa\u00e7\u00e3o e apoio financeiro aos estudantes do munic\u00edpio por meio do Programa de Assist\u00eancia ao Estudante (PAE).<\/p>\n\n\n\n<p>O prefeito Afonso Sobreira enfatizou a prioridade na educa\u00e7\u00e3o. \u201cNossa preocupa\u00e7\u00e3o com a educa\u00e7\u00e3o tem sido uma constante ao longo do primeiro mandato e ser\u00e1 tamb\u00e9m uma das prioridades do nosso segundo mandato. Fizemos muitas modifica\u00e7\u00f5es, atuamos em diversas \u00e1reas, tivemos alguns entreveros realmente com pessoas que n\u00e3o t\u00eam interesse na educa\u00e7\u00e3o da nossa cidade\u201d.<\/p>\n\n\n\n<p>Sobre os resultados educacionais positivos, o prefeito destacou. \u201cHoje os resultados est\u00e3o aparecendo tanto no Saepi como nas outras provas que s\u00e3o feitas para avaliar o progresso da nossa educa\u00e7\u00e3o. No ano passado n\u00f3s colocamos para a C\u00e2mara um programa de apoio ao estudante, aquele estudante que \u00e9 aqui de Novo Oriente que mora fora, mora em Teresina principalmente ou em Picos e a nossa preocupa\u00e7\u00e3o era que esse estudante tivesse condi\u00e7\u00f5es de realmente ter interesse em concluir seu curso\u201d.<\/p>\n\n\n\n<p>Afonso Sobreira explicou o processo de implementa\u00e7\u00e3o do programa. \u201cPensando nisso, colocamos esse programa de apoio, foi aprovado ano passado, n\u00e3o colocamos em andamento, em virtude do processo eleitoral, mas esse ano foi feito toda uma parte de identifica\u00e7\u00e3o dessas pessoas, de sele\u00e7\u00e3o dessas pessoas e os estudantes foram escolhidos. N\u00f3s iremos chamar cada um deles a partir de amanh\u00e3 para que nos traga os n\u00fameros das contas e a partir do pr\u00f3ximo m\u00eas j\u00e1 iremos depositar esse valor na conta desses estudantes\u201d. Nesse primeiro momento 23 estudantes ser\u00e3o contempladas com um aux\u00edlio de R$ 200 reais.<\/p>\n\n\n\n<p>O gestor ressaltou o impacto do avan\u00e7o no transporte dos estudantes. \u201c\u00c9 um avan\u00e7o que vai valorizar a educa\u00e7\u00e3o e vai incentivar outras pessoas que t\u00eam muita vontade de estudar e muitas vezes n\u00e3o t\u00eam condi\u00e7\u00e3o, e o exemplo maior disso \u00e9 o \u00f4nibus do Instituto Federal, quando iniciamos o primeiro mandato, cinco ou seis pessoas estudavam l\u00e1 no Instituto Federal e hoje n\u00f3s j\u00e1 tivemos que mudar o carro que transporta tr\u00eas vezes, porque foi aumentando esse n\u00famero de alunos, o que nos deixa muito satisfeito. E o objetivo desse programa tamb\u00e9m de apoio ao estudante \u00e9 que mais pessoas possam fazer um curso superior, possam realmente ter condi\u00e7\u00f5es de estudar mais, de frequentar uma universidade\u201d.<\/p>\n\n\n\n<p>Ele encerrou com uma mensagem de esperan\u00e7a para a comunidade: \u201c\u00c9 uma oportunidade que pode mudar a realidade da nossa cidade e mudar a realidade dessas fam\u00edlias. Esse \u00e9 o nosso objetivo, vamos perseguir esse objetivo ao longo de todo o mandato com o objetivo de fazer a educa\u00e7\u00e3o de Novo Oriente a melhor educa\u00e7\u00e3o do nosso estado&#8221; disse Afonso Sobreira. <a href=\"https:\/\/www.instagram.com\/reel\/DG3-Q2wu0O5\/?utm_source=ig_embed&amp;utm_campaign=loading\" target=\"_blank\" rel=\"noreferrer noopener nofollow\">Assista a fala do prefeito clicando aqui <\/a><a href=\"https:\/\/www.instagram.com\/reel\/DG3-Q2wu0O5\/?utm_source=ig_embed&amp;utm_campaign=loading\" target=\"_blank\" rel=\"noreferrer noopener\"><\/a><a href=\"https:\/\/www.instagram.com\/reel\/DG3-Q2wu0O5\/?utm_source=ig_embed&amp;utm_campaign=loading\" target=\"_blank\" rel=\"noreferrer noopener\"><\/a><a href=\"https:\/\/www.instagram.com\/reel\/DG3-Q2wu0O5\/?utm_source=ig_embed&amp;utm_campaign=loading\" target=\"_blank\" rel=\"noreferrer noopener\"><\/a><\/p>\n\n\n<figure class=\"wp-block-post-featured-image\"><img loading=\"lazy\" decoding=\"async\" width=\"1080\" height=\"1177\" src=\"https:\/\/portalv1.com.br\/app\/wp-content\/uploads\/2025\/03\/afonso.jpeg\" class=\"attachment-post-thumbnail size-post-thumbnail wp-post-image\" alt=\"\" style=\"object-fit:cover;\" srcset=\"https:\/\/portalv1.com.br\/app\/wp-content\/uploads\/2025\/03\/afonso.jpeg 1080w, https:\/\/portalv1.com.br\/app\/wp-content\/uploads\/2025\/03\/afonso-300x327.jpeg 300w, https:\/\/portalv1.com.br\/app\/wp-content\/uploads\/2025\/03\/afonso-640x697.jpeg 640w, https:\/\/portalv1.com.br\/app\/wp-content\/uploads\/2025\/03\/afonso-768x837.jpeg 768w\" sizes=\"auto, (max-width: 1080px) 100vw, 1080px\" \/><\/figure>","protected":false},"excerpt":{"rendered":"<p>O prefeito de Novo Oriente, Afonso Sobreira, anunciou nesta quinta-feira (06), nas redes sociais novos investimentos na educa\u00e7\u00e3o e apoio financeiro aos estudantes do munic\u00edpio por meio do Programa de&#8230;<\/p>\n","protected":false},"author":1,"featured_media":230075,"comment_status":"open","ping_status":"open","sticky":false,"template":"","format":"standard","meta":{"ngg_post_thumbnail":0,"footnotes":""},"categories":[243],"tags":[],"class_list":["post-230073","post","type-post","status-publish","format-standard","has-post-thumbnail","hentry","category-geral"],"views":367,"meta_data":{"thumb":"https:\/\/portalv1.com.br\/app\/wp-content\/uploads\/2025\/03\/afonso.jpeg","imagem":{"fullsize":{"url":"https:\/\/portalv1.com.br\/app\/wp-content\/uploads\/2025\/03\/afonso.jpeg","width":1080,"height":1177},"medium":{"url":"https:\/\/portalv1.com.br\/app\/wp-content\/uploads\/2025\/03\/afonso-300x327.jpeg","width":300,"height":327},"large":{"url":"https:\/\/portalv1.com.br\/app\/wp-content\/uploads\/2025\/03\/afonso-640x697.jpeg","width":640,"height":697},"thumbnail":{"url":"https:\/\/portalv1.com.br\/app\/wp-content\/uploads\/2025\/03\/afonso-100x100.jpeg","width":100,"height":100},"medium_large":{"url":"https:\/\/portalv1.com.br\/app\/wp-content\/uploads\/2025\/03\/afonso-768x837.jpeg","width":768,"height":837}},"data":{"simple":"06\/03\/2025","date_time":"06\/03\/2025 20:23:05","date":"h\u00e1 1 ano"},"chapeu":"Programa de Assist\u00eancia ao Estudante ","source":"slide"},"_links":{"self":[{"href":"https:\/\/portalv1.com.br\/api\/wp\/v2\/posts\/230073","targetHints":{"allow":["GET"]}}],"collection":[{"href":"https:\/\/portalv1.com.br\/api\/wp\/v2\/posts"}],"about":[{"href":"https:\/\/portalv1.com.br\/api\/wp\/v2\/types\/post"}],"author":[{"embeddable":true,"href":"https:\/\/portalv1.com.br\/api\/wp\/v2\/users\/1"}],"replies":[{"embeddable":true,"href":"https:\/\/portalv1.com.br\/api\/wp\/v2\/comments?post=230073"}],"version-history":[{"count":0,"href":"https:\/\/portalv1.com.br\/api\/wp\/v2\/posts\/230073\/revisions"}],"wp:featuredmedia":[{"embeddable":true,"href":"https:\/\/portalv1.com.br\/api\/wp\/v2\/media\/230075"}],"wp:attachment":[{"href":"https:\/\/portalv1.com.br\/api\/wp\/v2\/media?parent=230073"}],"wp:term":[{"taxonomy":"category","embeddable":true,"href":"https:\/\/portalv1.com.br\/api\/wp\/v2\/categories?post=230073"},{"taxonomy":"post_tag","embeddable":true,"href":"https:\/\/portalv1.com.br\/api\/wp\/v2\/tags?post=230073"}],"curies":[{"name":"wp","href":"https:\/\/api.w.org\/{rel}","templated":true}]}}