{"id":230153,"date":"2025-03-11T12:48:33","date_gmt":"2025-03-11T15:48:33","guid":{"rendered":"https:\/\/portalv1.com.br\/?p=230153"},"modified":"2025-03-11T12:48:34","modified_gmt":"2025-03-11T15:48:34","slug":"policia-militar-e-policia-civil-prendem-homem-por-trafico-de-drogas-na-cidade-de-inhuma","status":"publish","type":"post","link":"https:\/\/portalv1.com.br\/policia-militar-e-policia-civil-prendem-homem-por-trafico-de-drogas-na-cidade-de-inhuma\/","title":{"rendered":"Pol\u00edcia Militar e Pol\u00edcia Civil prendem homem por tr\u00e1fico de drogas na cidade de Inhuma"},"content":{"rendered":"\n<p>A Pol\u00edcia Civil por meio da Delegacia de Pol\u00edcia de Inhuma e da DFHT de Picos com apoio da For\u00e7a T\u00e1tica do 23\u00ba BPM de Valen\u00e7a do Piau\u00ed cumpriram nesta segunda-feira (10) mandado de pris\u00e3o na cidade Inhuma contra um homem identificado pelas iniciais A.S.V.<\/p>\n\n\n\n<p>Ap\u00f3s abordagem, foram encontrados em posse do acusado muni\u00e7\u00f5es de calibre 38, uma por\u00e7\u00e3o de subst\u00e2ncia entorpecente e uma quantia em dinheiro.<\/p>\n\n\n\n<p>Na oportunidade foi dada voz de pris\u00e3o pelos crimes de tr\u00e1fico de drogas e porte ilegal de muni\u00e7\u00f5es de uso permitido, bem como dado cumprimento ao mandado de pris\u00e3o que constava em aberto.<\/p>\n\n\n\n<p>O suspeito foi encaminhado para a realiza\u00e7\u00e3o do exame de corpo de delito, e em seguida foi apresentado na Delegacia Seccional de Pol\u00edcia Civil de Valen\u00e7a, bem como os objetos apreendidos.<\/p>\n\n\n<figure class=\"wp-block-post-featured-image\"><img loading=\"lazy\" decoding=\"async\" width=\"1263\" height=\"1056\" src=\"https:\/\/portalv1.com.br\/app\/wp-content\/uploads\/2025\/03\/WhatsApp-Image-2025-03-11-at-12.32.31.jpeg\" class=\"attachment-post-thumbnail size-post-thumbnail wp-post-image\" alt=\"\" style=\"object-fit:cover;\" srcset=\"https:\/\/portalv1.com.br\/app\/wp-content\/uploads\/2025\/03\/WhatsApp-Image-2025-03-11-at-12.32.31.jpeg 1263w, https:\/\/portalv1.com.br\/app\/wp-content\/uploads\/2025\/03\/WhatsApp-Image-2025-03-11-at-12.32.31-300x251.jpeg 300w, https:\/\/portalv1.com.br\/app\/wp-content\/uploads\/2025\/03\/WhatsApp-Image-2025-03-11-at-12.32.31-640x535.jpeg 640w, https:\/\/portalv1.com.br\/app\/wp-content\/uploads\/2025\/03\/WhatsApp-Image-2025-03-11-at-12.32.31-768x642.jpeg 768w\" sizes=\"auto, (max-width: 1263px) 100vw, 1263px\" \/><\/figure>","protected":false},"excerpt":{"rendered":"<p>A Pol\u00edcia Civil por meio da Delegacia de Pol\u00edcia de Inhuma e da DFHT de Picos com apoio da For\u00e7a T\u00e1tica do 23\u00ba BPM de Valen\u00e7a do Piau\u00ed cumpriram nesta&#8230;<\/p>\n","protected":false},"author":1,"featured_media":230154,"comment_status":"open","ping_status":"open","sticky":false,"template":"","format":"standard","meta":{"ngg_post_thumbnail":0,"footnotes":""},"categories":[243],"tags":[],"class_list":["post-230153","post","type-post","status-publish","format-standard","has-post-thumbnail","hentry","category-geral"],"views":424,"meta_data":{"thumb":"https:\/\/portalv1.com.br\/app\/wp-content\/uploads\/2025\/03\/WhatsApp-Image-2025-03-11-at-12.32.31.jpeg","imagem":{"fullsize":{"url":"https:\/\/portalv1.com.br\/app\/wp-content\/uploads\/2025\/03\/WhatsApp-Image-2025-03-11-at-12.32.31.jpeg","width":1263,"height":1056},"medium":{"url":"https:\/\/portalv1.com.br\/app\/wp-content\/uploads\/2025\/03\/WhatsApp-Image-2025-03-11-at-12.32.31-300x251.jpeg","width":300,"height":251},"large":{"url":"https:\/\/portalv1.com.br\/app\/wp-content\/uploads\/2025\/03\/WhatsApp-Image-2025-03-11-at-12.32.31-640x535.jpeg","width":640,"height":535},"thumbnail":{"url":"https:\/\/portalv1.com.br\/app\/wp-content\/uploads\/2025\/03\/WhatsApp-Image-2025-03-11-at-12.32.31-100x100.jpeg","width":100,"height":100},"medium_large":{"url":"https:\/\/portalv1.com.br\/app\/wp-content\/uploads\/2025\/03\/WhatsApp-Image-2025-03-11-at-12.32.31-768x642.jpeg","width":768,"height":642}},"data":{"simple":"11\/03\/2025","date_time":"11\/03\/2025 09:48:33","date":"h\u00e1 1 ano"},"chapeu":"Saiba mais","source":"m_destacada"},"_links":{"self":[{"href":"https:\/\/portalv1.com.br\/api\/wp\/v2\/posts\/230153","targetHints":{"allow":["GET"]}}],"collection":[{"href":"https:\/\/portalv1.com.br\/api\/wp\/v2\/posts"}],"about":[{"href":"https:\/\/portalv1.com.br\/api\/wp\/v2\/types\/post"}],"author":[{"embeddable":true,"href":"https:\/\/portalv1.com.br\/api\/wp\/v2\/users\/1"}],"replies":[{"embeddable":true,"href":"https:\/\/portalv1.com.br\/api\/wp\/v2\/comments?post=230153"}],"version-history":[{"count":0,"href":"https:\/\/portalv1.com.br\/api\/wp\/v2\/posts\/230153\/revisions"}],"wp:featuredmedia":[{"embeddable":true,"href":"https:\/\/portalv1.com.br\/api\/wp\/v2\/media\/230154"}],"wp:attachment":[{"href":"https:\/\/portalv1.com.br\/api\/wp\/v2\/media?parent=230153"}],"wp:term":[{"taxonomy":"category","embeddable":true,"href":"https:\/\/portalv1.com.br\/api\/wp\/v2\/categories?post=230153"},{"taxonomy":"post_tag","embeddable":true,"href":"https:\/\/portalv1.com.br\/api\/wp\/v2\/tags?post=230153"}],"curies":[{"name":"wp","href":"https:\/\/api.w.org\/{rel}","templated":true}]}}