{"id":230341,"date":"2025-03-18T15:01:00","date_gmt":"2025-03-18T18:01:00","guid":{"rendered":"https:\/\/portalv1.com.br\/?p=230341"},"modified":"2025-03-18T12:23:51","modified_gmt":"2025-03-18T15:23:51","slug":"missa-de-01-anos-do-empresario-carlim-reis-sera-nesse-sabado-em-lagoa-do-sitio","status":"publish","type":"post","link":"https:\/\/portalv1.com.br\/missa-de-01-anos-do-empresario-carlim-reis-sera-nesse-sabado-em-lagoa-do-sitio\/","title":{"rendered":"Missa de 01 anos do empres\u00e1rio Carlim Reis ser\u00e1 nesse s\u00e1bado em Lagoa do Sitio"},"content":{"rendered":"\n<p>O primeiro ano do falecimento do empres\u00e1rio Ant\u00f4nio Carlos Alves dos Reis ser\u00e1 lembrado com uma missa, no pr\u00f3ximo s\u00e1bado, 22 de mar\u00e7o, a partir das 19h, na Igreja de Santo Ant\u00f4nio na cidade de Lagoa do Sitio. Carlim Reis faleceu aos 56 em Teresina. Amigos e familiares s\u00e3o convidados para a celebra\u00e7\u00e3o em sua terra natal.<\/p>\n\n\n<figure class=\"wp-block-post-featured-image\"><img loading=\"lazy\" decoding=\"async\" width=\"1080\" height=\"1080\" src=\"https:\/\/portalv1.com.br\/app\/wp-content\/uploads\/2025\/03\/WhatsApp-Image-2025-03-18-at-12.13.11.jpeg\" class=\"attachment-post-thumbnail size-post-thumbnail wp-post-image\" alt=\"\" style=\"object-fit:cover;\" srcset=\"https:\/\/portalv1.com.br\/app\/wp-content\/uploads\/2025\/03\/WhatsApp-Image-2025-03-18-at-12.13.11.jpeg 1080w, https:\/\/portalv1.com.br\/app\/wp-content\/uploads\/2025\/03\/WhatsApp-Image-2025-03-18-at-12.13.11-300x300.jpeg 300w, https:\/\/portalv1.com.br\/app\/wp-content\/uploads\/2025\/03\/WhatsApp-Image-2025-03-18-at-12.13.11-640x640.jpeg 640w, https:\/\/portalv1.com.br\/app\/wp-content\/uploads\/2025\/03\/WhatsApp-Image-2025-03-18-at-12.13.11-100x100.jpeg 100w, https:\/\/portalv1.com.br\/app\/wp-content\/uploads\/2025\/03\/WhatsApp-Image-2025-03-18-at-12.13.11-768x768.jpeg 768w\" sizes=\"auto, (max-width: 1080px) 100vw, 1080px\" \/><\/figure>","protected":false},"excerpt":{"rendered":"<p>O primeiro ano do falecimento do empres\u00e1rio Ant\u00f4nio Carlos Alves dos Reis ser\u00e1 lembrado com uma missa, no pr\u00f3ximo s\u00e1bado, 22 de mar\u00e7o, a partir das 19h, na Igreja de&#8230;<\/p>\n","protected":false},"author":1,"featured_media":230342,"comment_status":"open","ping_status":"open","sticky":false,"template":"","format":"standard","meta":{"ngg_post_thumbnail":0,"footnotes":""},"categories":[243],"tags":[],"class_list":["post-230341","post","type-post","status-publish","format-standard","has-post-thumbnail","hentry","category-geral"],"views":211,"meta_data":{"thumb":"https:\/\/portalv1.com.br\/app\/wp-content\/uploads\/2025\/03\/WhatsApp-Image-2025-03-18-at-12.13.11.jpeg","imagem":{"fullsize":{"url":"https:\/\/portalv1.com.br\/app\/wp-content\/uploads\/2025\/03\/WhatsApp-Image-2025-03-18-at-12.13.11.jpeg","width":1080,"height":1080},"medium":{"url":"https:\/\/portalv1.com.br\/app\/wp-content\/uploads\/2025\/03\/WhatsApp-Image-2025-03-18-at-12.13.11-300x300.jpeg","width":300,"height":300},"large":{"url":"https:\/\/portalv1.com.br\/app\/wp-content\/uploads\/2025\/03\/WhatsApp-Image-2025-03-18-at-12.13.11-640x640.jpeg","width":640,"height":640},"thumbnail":{"url":"https:\/\/portalv1.com.br\/app\/wp-content\/uploads\/2025\/03\/WhatsApp-Image-2025-03-18-at-12.13.11-100x100.jpeg","width":100,"height":100},"medium_large":{"url":"https:\/\/portalv1.com.br\/app\/wp-content\/uploads\/2025\/03\/WhatsApp-Image-2025-03-18-at-12.13.11-768x768.jpeg","width":768,"height":768}},"data":{"simple":"18\/03\/2025","date_time":"18\/03\/2025 12:01:00","date":"h\u00e1 1 ano"},"chapeu":"Saudades ","source":"slide"},"_links":{"self":[{"href":"https:\/\/portalv1.com.br\/api\/wp\/v2\/posts\/230341","targetHints":{"allow":["GET"]}}],"collection":[{"href":"https:\/\/portalv1.com.br\/api\/wp\/v2\/posts"}],"about":[{"href":"https:\/\/portalv1.com.br\/api\/wp\/v2\/types\/post"}],"author":[{"embeddable":true,"href":"https:\/\/portalv1.com.br\/api\/wp\/v2\/users\/1"}],"replies":[{"embeddable":true,"href":"https:\/\/portalv1.com.br\/api\/wp\/v2\/comments?post=230341"}],"version-history":[{"count":0,"href":"https:\/\/portalv1.com.br\/api\/wp\/v2\/posts\/230341\/revisions"}],"wp:featuredmedia":[{"embeddable":true,"href":"https:\/\/portalv1.com.br\/api\/wp\/v2\/media\/230342"}],"wp:attachment":[{"href":"https:\/\/portalv1.com.br\/api\/wp\/v2\/media?parent=230341"}],"wp:term":[{"taxonomy":"category","embeddable":true,"href":"https:\/\/portalv1.com.br\/api\/wp\/v2\/categories?post=230341"},{"taxonomy":"post_tag","embeddable":true,"href":"https:\/\/portalv1.com.br\/api\/wp\/v2\/tags?post=230341"}],"curies":[{"name":"wp","href":"https:\/\/api.w.org\/{rel}","templated":true}]}}