{"id":230987,"date":"2025-03-26T22:08:56","date_gmt":"2025-03-27T01:08:56","guid":{"rendered":"https:\/\/portalv1.com.br\/?p=230987"},"modified":"2025-03-26T22:10:55","modified_gmt":"2025-03-27T01:10:55","slug":"blitz-de-conscientizacao-do-autismo-sera-realizada-dia-2-de-abril-em-valenca","status":"publish","type":"post","link":"https:\/\/portalv1.com.br\/blitz-de-conscientizacao-do-autismo-sera-realizada-dia-2-de-abril-em-valenca\/","title":{"rendered":"Blitz de Conscientiza\u00e7\u00e3o do Autismo ser\u00e1 realizada dia 2 de abril em Valen\u00e7a"},"content":{"rendered":"\n<p>O Dia Mundial de Conscientiza\u00e7\u00e3o sobre o Autismo ser\u00e1 celebrado em Valen\u00e7a do Piau\u00ed em dois momentos sendo o primeiro no dia 2 de abril com a realiza\u00e7\u00e3o da 4\u00aa Blitz de Conscientiza\u00e7\u00e3o do Autismo a partir das 08h da manh\u00e3 no terminal rodovi\u00e1rio e o segundo momento no dia 5 de abril com um ciclo de palestras no audit\u00f3rio da Secretaria Municipal de Educa\u00e7\u00e3o.<\/p>\n\n\n\n<p>O evento \u00e9 realizado pelo Instituto Integrar com apoio da Prefeitura de Valen\u00e7a, Secretaria de Sa\u00fade, Secretaria de Educa\u00e7\u00e3o, Minist\u00e9rio P\u00fablico, al\u00e9m das escolas p\u00fablicas e privadas.<\/p>\n\n\n\n<p>\u201cAl\u00e9m da blitz no dia 2, que \u00e9 o Dia Mundial de Conscientiza\u00e7\u00e3o sobre o Autismo, a programa\u00e7\u00e3o segue com um ciclo de palestras no dia 05 no audit\u00f3rio da secretaria de educa\u00e7\u00e3o e durante todo o m\u00eas com palestras nas escolas\u201d afirmou Luciana Martins do Instituto Integrar.<\/p>\n\n\n<figure class=\"wp-block-post-featured-image\"><img loading=\"lazy\" decoding=\"async\" width=\"1080\" height=\"636\" src=\"https:\/\/portalv1.com.br\/app\/wp-content\/uploads\/2025\/03\/WhatsApp-Image-2025-03-26-at-22.09.59.jpeg\" class=\"attachment-post-thumbnail size-post-thumbnail wp-post-image\" alt=\"\" style=\"object-fit:cover;\" srcset=\"https:\/\/portalv1.com.br\/app\/wp-content\/uploads\/2025\/03\/WhatsApp-Image-2025-03-26-at-22.09.59.jpeg 1080w, https:\/\/portalv1.com.br\/app\/wp-content\/uploads\/2025\/03\/WhatsApp-Image-2025-03-26-at-22.09.59-300x177.jpeg 300w, https:\/\/portalv1.com.br\/app\/wp-content\/uploads\/2025\/03\/WhatsApp-Image-2025-03-26-at-22.09.59-640x377.jpeg 640w, https:\/\/portalv1.com.br\/app\/wp-content\/uploads\/2025\/03\/WhatsApp-Image-2025-03-26-at-22.09.59-768x452.jpeg 768w\" sizes=\"auto, (max-width: 1080px) 100vw, 1080px\" \/><\/figure>\n\n\n<figure class=\"wp-block-image size-large\"><img loading=\"lazy\" decoding=\"async\" width=\"640\" height=\"640\" src=\"https:\/\/portalv1.com.br\/app\/wp-content\/uploads\/2025\/03\/WhatsApp-Image-2025-03-25-at-18.22.52-1-640x640.jpeg\" alt=\"\" class=\"wp-image-230988\" srcset=\"https:\/\/portalv1.com.br\/app\/wp-content\/uploads\/2025\/03\/WhatsApp-Image-2025-03-25-at-18.22.52-1-640x640.jpeg 640w, https:\/\/portalv1.com.br\/app\/wp-content\/uploads\/2025\/03\/WhatsApp-Image-2025-03-25-at-18.22.52-1-300x300.jpeg 300w, https:\/\/portalv1.com.br\/app\/wp-content\/uploads\/2025\/03\/WhatsApp-Image-2025-03-25-at-18.22.52-1-100x100.jpeg 100w, https:\/\/portalv1.com.br\/app\/wp-content\/uploads\/2025\/03\/WhatsApp-Image-2025-03-25-at-18.22.52-1-768x768.jpeg 768w, https:\/\/portalv1.com.br\/app\/wp-content\/uploads\/2025\/03\/WhatsApp-Image-2025-03-25-at-18.22.52-1.jpeg 1080w\" sizes=\"auto, (max-width: 640px) 100vw, 640px\" \/><\/figure>\n","protected":false},"excerpt":{"rendered":"<p>O Dia Mundial de Conscientiza\u00e7\u00e3o sobre o Autismo ser\u00e1 celebrado em Valen\u00e7a do Piau\u00ed em dois momentos sendo o primeiro no dia 2 de abril com a realiza\u00e7\u00e3o da 4\u00aa&#8230;<\/p>\n","protected":false},"author":1,"featured_media":230990,"comment_status":"open","ping_status":"open","sticky":false,"template":"","format":"standard","meta":{"ngg_post_thumbnail":0,"footnotes":""},"categories":[243],"tags":[],"class_list":["post-230987","post","type-post","status-publish","format-standard","has-post-thumbnail","hentry","category-geral"],"views":178,"meta_data":{"thumb":"https:\/\/portalv1.com.br\/app\/wp-content\/uploads\/2025\/03\/WhatsApp-Image-2025-03-26-at-22.09.59.jpeg","imagem":{"fullsize":{"url":"https:\/\/portalv1.com.br\/app\/wp-content\/uploads\/2025\/03\/WhatsApp-Image-2025-03-26-at-22.09.59.jpeg","width":1080,"height":636},"medium":{"url":"https:\/\/portalv1.com.br\/app\/wp-content\/uploads\/2025\/03\/WhatsApp-Image-2025-03-26-at-22.09.59-300x177.jpeg","width":300,"height":177},"large":{"url":"https:\/\/portalv1.com.br\/app\/wp-content\/uploads\/2025\/03\/WhatsApp-Image-2025-03-26-at-22.09.59-640x377.jpeg","width":640,"height":377},"thumbnail":{"url":"https:\/\/portalv1.com.br\/app\/wp-content\/uploads\/2025\/03\/WhatsApp-Image-2025-03-26-at-22.09.59-100x100.jpeg","width":100,"height":100},"medium_large":{"url":"https:\/\/portalv1.com.br\/app\/wp-content\/uploads\/2025\/03\/WhatsApp-Image-2025-03-26-at-22.09.59-768x452.jpeg","width":768,"height":452}},"data":{"simple":"26\/03\/2025","date_time":"26\/03\/2025 19:08:56","date":"h\u00e1 1 ano"},"chapeu":"Veja programa\u00e7\u00e3o ","source":"slide"},"_links":{"self":[{"href":"https:\/\/portalv1.com.br\/api\/wp\/v2\/posts\/230987","targetHints":{"allow":["GET"]}}],"collection":[{"href":"https:\/\/portalv1.com.br\/api\/wp\/v2\/posts"}],"about":[{"href":"https:\/\/portalv1.com.br\/api\/wp\/v2\/types\/post"}],"author":[{"embeddable":true,"href":"https:\/\/portalv1.com.br\/api\/wp\/v2\/users\/1"}],"replies":[{"embeddable":true,"href":"https:\/\/portalv1.com.br\/api\/wp\/v2\/comments?post=230987"}],"version-history":[{"count":0,"href":"https:\/\/portalv1.com.br\/api\/wp\/v2\/posts\/230987\/revisions"}],"wp:featuredmedia":[{"embeddable":true,"href":"https:\/\/portalv1.com.br\/api\/wp\/v2\/media\/230990"}],"wp:attachment":[{"href":"https:\/\/portalv1.com.br\/api\/wp\/v2\/media?parent=230987"}],"wp:term":[{"taxonomy":"category","embeddable":true,"href":"https:\/\/portalv1.com.br\/api\/wp\/v2\/categories?post=230987"},{"taxonomy":"post_tag","embeddable":true,"href":"https:\/\/portalv1.com.br\/api\/wp\/v2\/tags?post=230987"}],"curies":[{"name":"wp","href":"https:\/\/api.w.org\/{rel}","templated":true}]}}