{"id":23144,"date":"2016-03-17T23:39:59","date_gmt":"2016-03-18T02:39:59","guid":{"rendered":"https:\/\/portalv1.com.br\/?p=23144"},"modified":"2016-03-17T23:39:59","modified_gmt":"2016-03-18T02:39:59","slug":"vereador-patricio-rulim-declara-apoio-ao-prefeito-venicio-do-o","status":"publish","type":"post","link":"https:\/\/portalv1.com.br\/vereador-patricio-rulim-declara-apoio-ao-prefeito-venicio-do-o\/","title":{"rendered":"Vereador Patr\u00edcio Rulim declara apoio ao Prefeito Venicio do \u00d3"},"content":{"rendered":"<figure id=\"attachment_23145\" aria-describedby=\"caption-attachment-23145\" style=\"width: 526px\" class=\"wp-caption aligncenter\"><a href=\"https:\/\/portalv1.com.br\/app\/wp-content\/uploads\/2016\/03\/o1.jpg\" rel=\"attachment wp-att-23145\"><img loading=\"lazy\" decoding=\"async\" class=\"size-full wp-image-23145\" src=\"https:\/\/portalv1.com.br\/app\/wp-content\/uploads\/2016\/03\/o1.jpg\" alt=\"Patr\u00edcio Rulim foi o terceiro vereador mais votado de Pimenteiras \" width=\"526\" height=\"526\" srcset=\"https:\/\/portalv1.com.br\/app\/wp-content\/uploads\/2016\/03\/o1.jpg 526w, https:\/\/portalv1.com.br\/app\/wp-content\/uploads\/2016\/03\/o1-100x100.jpg 100w, https:\/\/portalv1.com.br\/app\/wp-content\/uploads\/2016\/03\/o1-300x300.jpg 300w\" sizes=\"auto, (max-width: 526px) 100vw, 526px\" \/><\/a><figcaption id=\"caption-attachment-23145\" class=\"wp-caption-text\">Patr\u00edcio Rulim foi o terceiro vereador mais votado de Pimenteiras<\/figcaption><\/figure>\n<p>A gest\u00e3o do prefeito Venicio do \u00d3 acaba de ganhar mais um refor\u00e7o no Parlamento Municipal. O vereador Patr\u00edcio Rulim anunciou sua ades\u00e3o ao grupo pol\u00edtico do prefeito Venicio do \u00d3 que \u00e9 pr\u00e9-candidato a reelei\u00e7\u00e3o juntamente com a vice-prefeita Lucia Lacerda.<\/p>\n<p>Patr\u00edcio Rulim foi o terceiro vereador mais votado nas \u00faltimas elei\u00e7\u00f5es municipais com 586 votos. A chegada do vereador foi comemorada pelo prefeito Venicio do \u00d3.<\/p>\n<p>\u201cEstamos felizes com esse apoio porque ele \u00e9 um vereador combativo e certamente ir\u00e1 somar na nossa miss\u00e3o de construir um projeto maior, que \u00e9 transformar nossa cidade numa Pimenteiras melhor para viver\u201d comemorou.<\/p>\n<p>Patr\u00edcio Rulim aproveitou a janela partid\u00e1ria para deixar o PMDB e se filiar ao PTB. De acordo com o vereador, a decis\u00e3o de apoiar a gest\u00e3o do prefeito Venicio do \u00d3 veio depois de constatar a melhoria dos indicadores sociais no munic\u00edpio.<\/p>\n<p>Venicio do \u00d3 disse ao Portalv1 nessa quinta-feira (17), que a decis\u00e3o do vereador Patr\u00edcio e das outras fam\u00edlias que est\u00e3o chegando para seu grupo pol\u00edtico \u00e9 devido ao trabalho realizado. \u201cO que nos deixa feliz \u00e9 que essas ades\u00f5es est\u00e3o sendo feitas devido ao reconhecimento do trabalho realizado pela nossa equipe de governo, isso \u00e9 gratificante\u201d finalizou.<\/p>\n<p>&nbsp;<\/p>\n","protected":false},"excerpt":{"rendered":"<p>A gest\u00e3o do prefeito Venicio do \u00d3 acaba de ganhar mais um refor\u00e7o no Parlamento Municipal. O vereador Patr\u00edcio Rulim anunciou sua ades\u00e3o ao grupo pol\u00edtico do prefeito Venicio do&#8230;<\/p>\n","protected":false},"author":1,"featured_media":23145,"comment_status":"open","ping_status":"open","sticky":false,"template":"","format":"standard","meta":{"ngg_post_thumbnail":0,"footnotes":""},"categories":[12],"tags":[],"class_list":["post-23144","post","type-post","status-publish","format-standard","has-post-thumbnail","hentry","category-valenca-news"],"views":450,"meta_data":{"thumb":"https:\/\/portalv1.com.br\/app\/wp-content\/uploads\/2016\/03\/o1.jpg","imagem":{"fullsize":{"url":"https:\/\/portalv1.com.br\/app\/wp-content\/uploads\/2016\/03\/o1.jpg","width":526,"height":526},"thumbnail":{"url":"https:\/\/portalv1.com.br\/app\/wp-content\/uploads\/2016\/03\/o1-100x100.jpg","width":100,"height":100},"medium":{"url":"https:\/\/portalv1.com.br\/app\/wp-content\/uploads\/2016\/03\/o1-300x300.jpg","width":300,"height":300}},"data":{"simple":"17\/03\/2016","date_time":"17\/03\/2016 20:39:59","date":"h\u00e1 10 anos"},"chapeu":"Novos ares ","source":"slide"},"_links":{"self":[{"href":"https:\/\/portalv1.com.br\/api\/wp\/v2\/posts\/23144","targetHints":{"allow":["GET"]}}],"collection":[{"href":"https:\/\/portalv1.com.br\/api\/wp\/v2\/posts"}],"about":[{"href":"https:\/\/portalv1.com.br\/api\/wp\/v2\/types\/post"}],"author":[{"embeddable":true,"href":"https:\/\/portalv1.com.br\/api\/wp\/v2\/users\/1"}],"replies":[{"embeddable":true,"href":"https:\/\/portalv1.com.br\/api\/wp\/v2\/comments?post=23144"}],"version-history":[{"count":0,"href":"https:\/\/portalv1.com.br\/api\/wp\/v2\/posts\/23144\/revisions"}],"wp:featuredmedia":[{"embeddable":true,"href":"https:\/\/portalv1.com.br\/api\/wp\/v2\/media\/23145"}],"wp:attachment":[{"href":"https:\/\/portalv1.com.br\/api\/wp\/v2\/media?parent=23144"}],"wp:term":[{"taxonomy":"category","embeddable":true,"href":"https:\/\/portalv1.com.br\/api\/wp\/v2\/categories?post=23144"},{"taxonomy":"post_tag","embeddable":true,"href":"https:\/\/portalv1.com.br\/api\/wp\/v2\/tags?post=23144"}],"curies":[{"name":"wp","href":"https:\/\/api.w.org\/{rel}","templated":true}]}}