{"id":231662,"date":"2025-04-02T16:15:12","date_gmt":"2025-04-02T19:15:12","guid":{"rendered":"https:\/\/portalv1.com.br\/?p=231662"},"modified":"2025-04-02T16:15:32","modified_gmt":"2025-04-02T19:15:32","slug":"blitz-de-conscientizacao-do-autismo-mobiliza-sociedade-valenciana","status":"publish","type":"post","link":"https:\/\/portalv1.com.br\/blitz-de-conscientizacao-do-autismo-mobiliza-sociedade-valenciana\/","title":{"rendered":"Blitz de Conscientiza\u00e7\u00e3o do Autismo mobiliza sociedade valenciana"},"content":{"rendered":"\n<p>Aconteceu nesta quarta-feira, 2 de abril, no terminal rodovi\u00e1rio de Valen\u00e7a do Piau\u00ed, a 4\u00b0 Blitz de Conscientiza\u00e7\u00e3o do Autismo. O evento acontece no m\u00eas de abril, na data em que o mundo inteiro reflete essa causa. O evento \u00e9 uma realiza\u00e7\u00e3o da Cl\u00ednica Integrar em parceria com a Prefeitura Municipal de Valen\u00e7a, atrav\u00e9s da Secretaria de Sa\u00fade, da Secretaria de Educa\u00e7\u00e3o, juntamente com o CAEE.<\/p>\n\n\n\n<p>A mobiliza\u00e7\u00e3o contou com a presen\u00e7a de diversos segmentos da sociedade. Al\u00e9m da equipe da Cl\u00ednica Integrar, participaram do evento a secret\u00e1ria de Sa\u00fade, Rafaela Sampaio, juntamente com equipes da sa\u00fade, a secret\u00e1ria de Comunica\u00e7\u00e3o, Mauric\u00e9lia Sousa, a vereadora Walmarya Moura, membros da Associa\u00e7\u00e3o M\u00e3es e Pais que se Apoiam (AMPA), equipes da educa\u00e7\u00e3o e estudantes da rede p\u00fablica e privada do munic\u00edpio.<\/p>\n\n\n\n<p>A iniciativa ressaltou a import\u00e2ncia da conscientiza\u00e7\u00e3o e do apoio \u00e0s fam\u00edlias que convivem com o Transtorno do Espectro Autista (TEA). Raimunda Ferreira, integrante da AMPA e m\u00e3e de uma pessoa com autismo, destacou a necessidade de maior inclus\u00e3o e respeito: &#8220;\u00c9 muito importante a participa\u00e7\u00e3o de todas as pessoas, n\u00e3o s\u00f3 das m\u00e3es at\u00edpicas, mas de toda a sociedade, porque a gente vem lutando por mais inclus\u00e3o, por mais respeito, para que a gente n\u00e3o sofra bullying&#8221;.<\/p>\n\n\n\n<p>A m\u00e3e at\u00edpica tamb\u00e9m fez um apelo por mais apoio do poder p\u00fablico. &#8220;Nosso poder p\u00fablico \u00e9 quem mais pode fazer. Os nossos deputados, tanto estadual quanto federal, nosso governador, nosso presidente, s\u00e3o eles que podem enviar pol\u00edticas p\u00fablicas para que esse p\u00fablico possa ter um tratamento melhor, possa ter uma educa\u00e7\u00e3o melhor, porque a maioria das fam\u00edlias n\u00e3o pode trabalhar para dar suporte a essas pessoas que v\u00eam sofrendo a cada dia na sociedade&#8221;.<\/p>\n\n\n\n<p>A advogada Camila Cortez, m\u00e3e de uma crian\u00e7a com TEA e integrante da AMPA, refor\u00e7ou a import\u00e2ncia da luta pelos direitos das crian\u00e7as diagnosticadas com autismo. &#8220;Fa\u00e7o parte da Comiss\u00e3o Estadual da OAB em busca dos direitos das pessoas com autismo e atualmente tamb\u00e9m da equipe do CAEE. Aqui em Valen\u00e7a, a gente tem uma precursora nesse direito que \u00e9 a dona Raimunda, e muitas outras m\u00e3es que lutam e apoiam essa causa&#8221;, afirmou.<\/p>\n\n\n\n<p>Camila Cortez tamb\u00e9m destacou os avan\u00e7os conquistados. &#8220;Hoje, as crian\u00e7as t\u00eam acesso \u00e0 educa\u00e7\u00e3o em sala regular, temos direitos assegurados como benef\u00edcios em planos de sa\u00fade e prioridades em tratamentos&#8221;.<\/p>\n\n\n\n<p>A mobilizadora do evento, Luciana Martins, enfatizou a import\u00e2ncia do conhecimento para combater a discrimina\u00e7\u00e3o. &#8220;O Transtorno do Espectro Autista n\u00e3o \u00e9 uma doen\u00e7a, \u00e9 um transtorno que afeta comportamentos e a maneira de ser. Cada crian\u00e7a com autismo \u00e9 \u00fanica e tem sua peculiaridade. O que \u00e9 diferente muitas vezes causa medo, por isso \u00e9 fundamental que a sociedade tenha conhecimento para ser mais justa e inclusiva&#8221;.<\/p>\n\n\n\n<p>A Cl\u00ednica Integrar tem sido um dos pilares dessa rede de apoio, oferecendo atendimento especializado em parceria com a prefeitura municipal. &#8220;Nem sempre o tratamento \u00e9 barato, nem todas as fam\u00edlias t\u00eam condi\u00e7\u00f5es de pagar um plano de sa\u00fade, mas em Valen\u00e7a hoje j\u00e1 se consegue ter essa rede de apoio&#8221;, pontuou Dra. Luciana.<\/p>\n\n\n\n<p>A 4\u00aa Blitz de Conscientiza\u00e7\u00e3o do Autismo refor\u00e7a a necessidade de continuar a luta por mais pol\u00edticas p\u00fablicas que garantam tratamento e inclus\u00e3o para todas as crian\u00e7as com TEA. O evento tamb\u00e9m evidenciou a for\u00e7a da mobiliza\u00e7\u00e3o social na constru\u00e7\u00e3o de uma sociedade mais acolhedora e acess\u00edvel para todos.<\/p>\n\n\n\n<p><div class=\"ngg-galleryoverview\" data-widget=\"Galeria\" data-props='{&quot;galeria&quot;:{&quot;gallery_id&quot;:3553,&quot;total&quot;:30,&quot;max_page&quot;:2,&quot;page&quot;:1,&quot;images&quot;:[{&quot;pid&quot;:118046,&quot;imageURL&quot;:&quot;https:\\\/\\\/portalv1.com.br\\\/app\\\/wp-content\\\/gallery\\\/autismo\\\/20250405094022_IMG_8182.jpg?t=1743621358&quot;,&quot;thumbnailURL&quot;:&quot;https:\\\/\\\/portalv1.com.br\\\/app\\\/wp-content\\\/gallery\\\/autismo\\\/thumbs\\\/thumbs_20250405094022_IMG_8182.jpg?t=1743621358&quot;,&quot;description&quot;:&quot; &quot;,&quot;alttext&quot;:&quot;20250405094022_IMG_8182&quot;,&quot;style&quot;:&quot;&quot;},{&quot;pid&quot;:118047,&quot;imageURL&quot;:&quot;https:\\\/\\\/portalv1.com.br\\\/app\\\/wp-content\\\/gallery\\\/autismo\\\/20250405094001_IMG_8176.jpg?t=1743621359&quot;,&quot;thumbnailURL&quot;:&quot;https:\\\/\\\/portalv1.com.br\\\/app\\\/wp-content\\\/gallery\\\/autismo\\\/thumbs\\\/thumbs_20250405094001_IMG_8176.jpg?t=1743621359&quot;,&quot;description&quot;:&quot; &quot;,&quot;alttext&quot;:&quot;20250405094001_IMG_8176&quot;,&quot;style&quot;:&quot;&quot;},{&quot;pid&quot;:118048,&quot;imageURL&quot;:&quot;https:\\\/\\\/portalv1.com.br\\\/app\\\/wp-content\\\/gallery\\\/autismo\\\/20250405093933_IMG_8171.jpg?t=1743621355&quot;,&quot;thumbnailURL&quot;:&quot;https:\\\/\\\/portalv1.com.br\\\/app\\\/wp-content\\\/gallery\\\/autismo\\\/thumbs\\\/thumbs_20250405093933_IMG_8171.jpg?t=1743621355&quot;,&quot;description&quot;:&quot; &quot;,&quot;alttext&quot;:&quot;20250405093933_IMG_8171&quot;,&quot;style&quot;:&quot;&quot;},{&quot;pid&quot;:118049,&quot;imageURL&quot;:&quot;https:\\\/\\\/portalv1.com.br\\\/app\\\/wp-content\\\/gallery\\\/autismo\\\/20250405093941_IMG_8173.jpg?t=1743621355&quot;,&quot;thumbnailURL&quot;:&quot;https:\\\/\\\/portalv1.com.br\\\/app\\\/wp-content\\\/gallery\\\/autismo\\\/thumbs\\\/thumbs_20250405093941_IMG_8173.jpg?t=1743621355&quot;,&quot;description&quot;:&quot; &quot;,&quot;alttext&quot;:&quot;20250405093941_IMG_8173&quot;,&quot;style&quot;:&quot;&quot;},{&quot;pid&quot;:118050,&quot;imageURL&quot;:&quot;https:\\\/\\\/portalv1.com.br\\\/app\\\/wp-content\\\/gallery\\\/autismo\\\/20250405093920_IMG_8170.jpg?t=1743621358&quot;,&quot;thumbnailURL&quot;:&quot;https:\\\/\\\/portalv1.com.br\\\/app\\\/wp-content\\\/gallery\\\/autismo\\\/thumbs\\\/thumbs_20250405093920_IMG_8170.jpg?t=1743621358&quot;,&quot;description&quot;:&quot; &quot;,&quot;alttext&quot;:&quot;20250405093920_IMG_8170&quot;,&quot;style&quot;:&quot;&quot;},{&quot;pid&quot;:118051,&quot;imageURL&quot;:&quot;https:\\\/\\\/portalv1.com.br\\\/app\\\/wp-content\\\/gallery\\\/autismo\\\/20250405094539_IMG_8196.jpg?t=1743621358&quot;,&quot;thumbnailURL&quot;:&quot;https:\\\/\\\/portalv1.com.br\\\/app\\\/wp-content\\\/gallery\\\/autismo\\\/thumbs\\\/thumbs_20250405094539_IMG_8196.jpg?t=1743621358&quot;,&quot;description&quot;:&quot; &quot;,&quot;alttext&quot;:&quot;20250405094539_IMG_8196&quot;,&quot;style&quot;:&quot;&quot;},{&quot;pid&quot;:118052,&quot;imageURL&quot;:&quot;https:\\\/\\\/portalv1.com.br\\\/app\\\/wp-content\\\/gallery\\\/autismo\\\/20250405094526_IMG_8191.jpg?t=1743621358&quot;,&quot;thumbnailURL&quot;:&quot;https:\\\/\\\/portalv1.com.br\\\/app\\\/wp-content\\\/gallery\\\/autismo\\\/thumbs\\\/thumbs_20250405094526_IMG_8191.jpg?t=1743621358&quot;,&quot;description&quot;:&quot; &quot;,&quot;alttext&quot;:&quot;20250405094526_IMG_8191&quot;,&quot;style&quot;:&quot;&quot;},{&quot;pid&quot;:118053,&quot;imageURL&quot;:&quot;https:\\\/\\\/portalv1.com.br\\\/app\\\/wp-content\\\/gallery\\\/autismo\\\/IMG_20250402_083300.jpg?t=1743621359&quot;,&quot;thumbnailURL&quot;:&quot;https:\\\/\\\/portalv1.com.br\\\/app\\\/wp-content\\\/gallery\\\/autismo\\\/thumbs\\\/thumbs_IMG_20250402_083300.jpg?t=1743621359&quot;,&quot;description&quot;:&quot; &quot;,&quot;alttext&quot;:&quot;IMG_20250402_083300&quot;,&quot;style&quot;:&quot;&quot;},{&quot;pid&quot;:118054,&quot;imageURL&quot;:&quot;https:\\\/\\\/portalv1.com.br\\\/app\\\/wp-content\\\/gallery\\\/autismo\\\/IMG_20250402_083456.jpg?t=1743621351&quot;,&quot;thumbnailURL&quot;:&quot;https:\\\/\\\/portalv1.com.br\\\/app\\\/wp-content\\\/gallery\\\/autismo\\\/thumbs\\\/thumbs_IMG_20250402_083456.jpg?t=1743621351&quot;,&quot;description&quot;:&quot; &quot;,&quot;alttext&quot;:&quot;IMG_20250402_083456&quot;,&quot;style&quot;:&quot;&quot;},{&quot;pid&quot;:118055,&quot;imageURL&quot;:&quot;https:\\\/\\\/portalv1.com.br\\\/app\\\/wp-content\\\/gallery\\\/autismo\\\/20250405094049_IMG_8187.jpg?t=1743621355&quot;,&quot;thumbnailURL&quot;:&quot;https:\\\/\\\/portalv1.com.br\\\/app\\\/wp-content\\\/gallery\\\/autismo\\\/thumbs\\\/thumbs_20250405094049_IMG_8187.jpg?t=1743621355&quot;,&quot;description&quot;:&quot; &quot;,&quot;alttext&quot;:&quot;20250405094049_IMG_8187&quot;,&quot;style&quot;:&quot;&quot;},{&quot;pid&quot;:118056,&quot;imageURL&quot;:&quot;https:\\\/\\\/portalv1.com.br\\\/app\\\/wp-content\\\/gallery\\\/autismo\\\/20250405094647_IMG_8199.jpg?t=1743621352&quot;,&quot;thumbnailURL&quot;:&quot;https:\\\/\\\/portalv1.com.br\\\/app\\\/wp-content\\\/gallery\\\/autismo\\\/thumbs\\\/thumbs_20250405094647_IMG_8199.jpg?t=1743621352&quot;,&quot;description&quot;:&quot; &quot;,&quot;alttext&quot;:&quot;20250405094647_IMG_8199&quot;,&quot;style&quot;:&quot;&quot;},{&quot;pid&quot;:118057,&quot;imageURL&quot;:&quot;https:\\\/\\\/portalv1.com.br\\\/app\\\/wp-content\\\/gallery\\\/autismo\\\/IMG_20250402_084032.jpg?t=1743621354&quot;,&quot;thumbnailURL&quot;:&quot;https:\\\/\\\/portalv1.com.br\\\/app\\\/wp-content\\\/gallery\\\/autismo\\\/thumbs\\\/thumbs_IMG_20250402_084032.jpg?t=1743621354&quot;,&quot;description&quot;:&quot; &quot;,&quot;alttext&quot;:&quot;IMG_20250402_084032&quot;,&quot;style&quot;:&quot;&quot;},{&quot;pid&quot;:118058,&quot;imageURL&quot;:&quot;https:\\\/\\\/portalv1.com.br\\\/app\\\/wp-content\\\/gallery\\\/autismo\\\/IMG_20250402_084830.jpg?t=1743621352&quot;,&quot;thumbnailURL&quot;:&quot;https:\\\/\\\/portalv1.com.br\\\/app\\\/wp-content\\\/gallery\\\/autismo\\\/thumbs\\\/thumbs_IMG_20250402_084830.jpg?t=1743621352&quot;,&quot;description&quot;:&quot; &quot;,&quot;alttext&quot;:&quot;IMG_20250402_084830&quot;,&quot;style&quot;:&quot;&quot;},{&quot;pid&quot;:118059,&quot;imageURL&quot;:&quot;https:\\\/\\\/portalv1.com.br\\\/app\\\/wp-content\\\/gallery\\\/autismo\\\/IMG_20250402_085008.jpg?t=1743621352&quot;,&quot;thumbnailURL&quot;:&quot;https:\\\/\\\/portalv1.com.br\\\/app\\\/wp-content\\\/gallery\\\/autismo\\\/thumbs\\\/thumbs_IMG_20250402_085008.jpg?t=1743621352&quot;,&quot;description&quot;:&quot; &quot;,&quot;alttext&quot;:&quot;IMG_20250402_085008&quot;,&quot;style&quot;:&quot;&quot;},{&quot;pid&quot;:118060,&quot;imageURL&quot;:&quot;https:\\\/\\\/portalv1.com.br\\\/app\\\/wp-content\\\/gallery\\\/autismo\\\/IMG_20250402_085028.jpg?t=1743621352&quot;,&quot;thumbnailURL&quot;:&quot;https:\\\/\\\/portalv1.com.br\\\/app\\\/wp-content\\\/gallery\\\/autismo\\\/thumbs\\\/thumbs_IMG_20250402_085028.jpg?t=1743621352&quot;,&quot;description&quot;:&quot; &quot;,&quot;alttext&quot;:&quot;IMG_20250402_085028&quot;,&quot;style&quot;:&quot;&quot;},{&quot;pid&quot;:118061,&quot;imageURL&quot;:&quot;https:\\\/\\\/portalv1.com.br\\\/app\\\/wp-content\\\/gallery\\\/autismo\\\/IMG_20250402_084210.jpg?t=1743621354&quot;,&quot;thumbnailURL&quot;:&quot;https:\\\/\\\/portalv1.com.br\\\/app\\\/wp-content\\\/gallery\\\/autismo\\\/thumbs\\\/thumbs_IMG_20250402_084210.jpg?t=1743621354&quot;,&quot;description&quot;:&quot; &quot;,&quot;alttext&quot;:&quot;IMG_20250402_084210&quot;,&quot;style&quot;:&quot;&quot;},{&quot;pid&quot;:118062,&quot;imageURL&quot;:&quot;https:\\\/\\\/portalv1.com.br\\\/app\\\/wp-content\\\/gallery\\\/autismo\\\/IMG_20250402_085036.jpg?t=1743621356&quot;,&quot;thumbnailURL&quot;:&quot;https:\\\/\\\/portalv1.com.br\\\/app\\\/wp-content\\\/gallery\\\/autismo\\\/thumbs\\\/thumbs_IMG_20250402_085036.jpg?t=1743621356&quot;,&quot;description&quot;:&quot; &quot;,&quot;alttext&quot;:&quot;IMG_20250402_085036&quot;,&quot;style&quot;:&quot;&quot;},{&quot;pid&quot;:118063,&quot;imageURL&quot;:&quot;https:\\\/\\\/portalv1.com.br\\\/app\\\/wp-content\\\/gallery\\\/autismo\\\/IMG_20250402_085544.jpg?t=1743621359&quot;,&quot;thumbnailURL&quot;:&quot;https:\\\/\\\/portalv1.com.br\\\/app\\\/wp-content\\\/gallery\\\/autismo\\\/thumbs\\\/thumbs_IMG_20250402_085544.jpg?t=1743621359&quot;,&quot;description&quot;:&quot; &quot;,&quot;alttext&quot;:&quot;IMG_20250402_085544&quot;,&quot;style&quot;:&quot;&quot;},{&quot;pid&quot;:118064,&quot;imageURL&quot;:&quot;https:\\\/\\\/portalv1.com.br\\\/app\\\/wp-content\\\/gallery\\\/autismo\\\/IMG_20250402_085218.jpg?t=1743621356&quot;,&quot;thumbnailURL&quot;:&quot;https:\\\/\\\/portalv1.com.br\\\/app\\\/wp-content\\\/gallery\\\/autismo\\\/thumbs\\\/thumbs_IMG_20250402_085218.jpg?t=1743621356&quot;,&quot;description&quot;:&quot; &quot;,&quot;alttext&quot;:&quot;IMG_20250402_085218&quot;,&quot;style&quot;:&quot;&quot;},{&quot;pid&quot;:118065,&quot;imageURL&quot;:&quot;https:\\\/\\\/portalv1.com.br\\\/app\\\/wp-content\\\/gallery\\\/autismo\\\/IMG_20250402_090855.jpg?t=1743621353&quot;,&quot;thumbnailURL&quot;:&quot;https:\\\/\\\/portalv1.com.br\\\/app\\\/wp-content\\\/gallery\\\/autismo\\\/thumbs\\\/thumbs_IMG_20250402_090855.jpg?t=1743621353&quot;,&quot;description&quot;:&quot; &quot;,&quot;alttext&quot;:&quot;IMG_20250402_090855&quot;,&quot;style&quot;:&quot;&quot;},{&quot;pid&quot;:118066,&quot;imageURL&quot;:&quot;https:\\\/\\\/portalv1.com.br\\\/app\\\/wp-content\\\/gallery\\\/autismo\\\/IMG_20250402_091121.jpg?t=1743621353&quot;,&quot;thumbnailURL&quot;:&quot;https:\\\/\\\/portalv1.com.br\\\/app\\\/wp-content\\\/gallery\\\/autismo\\\/thumbs\\\/thumbs_IMG_20250402_091121.jpg?t=1743621353&quot;,&quot;description&quot;:&quot; &quot;,&quot;alttext&quot;:&quot;IMG_20250402_091121&quot;,&quot;style&quot;:&quot;&quot;},{&quot;pid&quot;:118067,&quot;imageURL&quot;:&quot;https:\\\/\\\/portalv1.com.br\\\/app\\\/wp-content\\\/gallery\\\/autismo\\\/IMG_20250402_091157.jpg?t=1743621357&quot;,&quot;thumbnailURL&quot;:&quot;https:\\\/\\\/portalv1.com.br\\\/app\\\/wp-content\\\/gallery\\\/autismo\\\/thumbs\\\/thumbs_IMG_20250402_091157.jpg?t=1743621357&quot;,&quot;description&quot;:&quot; &quot;,&quot;alttext&quot;:&quot;IMG_20250402_091157&quot;,&quot;style&quot;:&quot;&quot;},{&quot;pid&quot;:118068,&quot;imageURL&quot;:&quot;https:\\\/\\\/portalv1.com.br\\\/app\\\/wp-content\\\/gallery\\\/autismo\\\/IMG_20250402_091257.jpg?t=1743621355&quot;,&quot;thumbnailURL&quot;:&quot;https:\\\/\\\/portalv1.com.br\\\/app\\\/wp-content\\\/gallery\\\/autismo\\\/thumbs\\\/thumbs_IMG_20250402_091257.jpg?t=1743621355&quot;,&quot;description&quot;:&quot; &quot;,&quot;alttext&quot;:&quot;IMG_20250402_091257&quot;,&quot;style&quot;:&quot;&quot;},{&quot;pid&quot;:118069,&quot;imageURL&quot;:&quot;https:\\\/\\\/portalv1.com.br\\\/app\\\/wp-content\\\/gallery\\\/autismo\\\/IMG_20250402_083935.jpg?t=1743621355&quot;,&quot;thumbnailURL&quot;:&quot;https:\\\/\\\/portalv1.com.br\\\/app\\\/wp-content\\\/gallery\\\/autismo\\\/thumbs\\\/thumbs_IMG_20250402_083935.jpg?t=1743621355&quot;,&quot;description&quot;:&quot; &quot;,&quot;alttext&quot;:&quot;IMG_20250402_083935&quot;,&quot;style&quot;:&quot;&quot;},{&quot;pid&quot;:118070,&quot;imageURL&quot;:&quot;https:\\\/\\\/portalv1.com.br\\\/app\\\/wp-content\\\/gallery\\\/autismo\\\/IMG_20250402_091419.jpg?t=1743621358&quot;,&quot;thumbnailURL&quot;:&quot;https:\\\/\\\/portalv1.com.br\\\/app\\\/wp-content\\\/gallery\\\/autismo\\\/thumbs\\\/thumbs_IMG_20250402_091419.jpg?t=1743621358&quot;,&quot;description&quot;:&quot; &quot;,&quot;alttext&quot;:&quot;IMG_20250402_091419&quot;,&quot;style&quot;:&quot;&quot;},{&quot;pid&quot;:118071,&quot;imageURL&quot;:&quot;https:\\\/\\\/portalv1.com.br\\\/app\\\/wp-content\\\/gallery\\\/autismo\\\/IMG_20250402_091427.jpg?t=1743621356&quot;,&quot;thumbnailURL&quot;:&quot;https:\\\/\\\/portalv1.com.br\\\/app\\\/wp-content\\\/gallery\\\/autismo\\\/thumbs\\\/thumbs_IMG_20250402_091427.jpg?t=1743621356&quot;,&quot;description&quot;:&quot; &quot;,&quot;alttext&quot;:&quot;IMG_20250402_091427&quot;,&quot;style&quot;:&quot;&quot;},{&quot;pid&quot;:118072,&quot;imageURL&quot;:&quot;https:\\\/\\\/portalv1.com.br\\\/app\\\/wp-content\\\/gallery\\\/autismo\\\/IMG_20250402_091409.jpg?t=1743621354&quot;,&quot;thumbnailURL&quot;:&quot;https:\\\/\\\/portalv1.com.br\\\/app\\\/wp-content\\\/gallery\\\/autismo\\\/thumbs\\\/thumbs_IMG_20250402_091409.jpg?t=1743621354&quot;,&quot;description&quot;:&quot; &quot;,&quot;alttext&quot;:&quot;IMG_20250402_091409&quot;,&quot;style&quot;:&quot;&quot;},{&quot;pid&quot;:118073,&quot;imageURL&quot;:&quot;https:\\\/\\\/portalv1.com.br\\\/app\\\/wp-content\\\/gallery\\\/autismo\\\/IMG_20250402_091437.jpg?t=1743621354&quot;,&quot;thumbnailURL&quot;:&quot;https:\\\/\\\/portalv1.com.br\\\/app\\\/wp-content\\\/gallery\\\/autismo\\\/thumbs\\\/thumbs_IMG_20250402_091437.jpg?t=1743621354&quot;,&quot;description&quot;:&quot; &quot;,&quot;alttext&quot;:&quot;IMG_20250402_091437&quot;,&quot;style&quot;:&quot;&quot;},{&quot;pid&quot;:118074,&quot;imageURL&quot;:&quot;https:\\\/\\\/portalv1.com.br\\\/app\\\/wp-content\\\/gallery\\\/autismo\\\/IMG_20250402_091422.jpg?t=1743621357&quot;,&quot;thumbnailURL&quot;:&quot;https:\\\/\\\/portalv1.com.br\\\/app\\\/wp-content\\\/gallery\\\/autismo\\\/thumbs\\\/thumbs_IMG_20250402_091422.jpg?t=1743621357&quot;,&quot;description&quot;:&quot; &quot;,&quot;alttext&quot;:&quot;IMG_20250402_091422&quot;,&quot;style&quot;:&quot;&quot;},{&quot;pid&quot;:118075,&quot;imageURL&quot;:&quot;https:\\\/\\\/portalv1.com.br\\\/app\\\/wp-content\\\/gallery\\\/autismo\\\/IMG_20250402_091444.jpg?t=1743621353&quot;,&quot;thumbnailURL&quot;:&quot;https:\\\/\\\/portalv1.com.br\\\/app\\\/wp-content\\\/gallery\\\/autismo\\\/thumbs\\\/thumbs_IMG_20250402_091444.jpg?t=1743621353&quot;,&quot;description&quot;:&quot; &quot;,&quot;alttext&quot;:&quot;IMG_20250402_091444&quot;,&quot;style&quot;:&quot;&quot;}]}}'><\/div>.<\/p>\n","protected":false},"excerpt":{"rendered":"<p>Aconteceu nesta quarta-feira, 2 de abril, no terminal rodovi\u00e1rio de Valen\u00e7a do Piau\u00ed, a 4\u00b0 Blitz de Conscientiza\u00e7\u00e3o do Autismo. O evento acontece no m\u00eas de abril, na data em&#8230;<\/p>\n","protected":false},"author":1,"featured_media":231663,"comment_status":"open","ping_status":"open","sticky":false,"template":"","format":"standard","meta":{"ngg_post_thumbnail":0,"footnotes":""},"categories":[243],"tags":[],"class_list":["post-231662","post","type-post","status-publish","format-standard","has-post-thumbnail","hentry","category-geral"],"views":247,"meta_data":{"thumb":"https:\/\/portalv1.com.br\/app\/wp-content\/uploads\/2025\/04\/IMG_20250402_085008.jpg","imagem":{"fullsize":{"url":"https:\/\/portalv1.com.br\/app\/wp-content\/uploads\/2025\/04\/IMG_20250402_085008.jpg","width":1920,"height":1080},"medium":{"url":"https:\/\/portalv1.com.br\/app\/wp-content\/uploads\/2025\/04\/IMG_20250402_085008-300x169.jpg","width":300,"height":169},"large":{"url":"https:\/\/portalv1.com.br\/app\/wp-content\/uploads\/2025\/04\/IMG_20250402_085008-640x360.jpg","width":640,"height":360},"thumbnail":{"url":"https:\/\/portalv1.com.br\/app\/wp-content\/uploads\/2025\/04\/IMG_20250402_085008-100x100.jpg","width":100,"height":100},"medium_large":{"url":"https:\/\/portalv1.com.br\/app\/wp-content\/uploads\/2025\/04\/IMG_20250402_085008-768x432.jpg","width":768,"height":432},"1536x1536":{"url":"https:\/\/portalv1.com.br\/app\/wp-content\/uploads\/2025\/04\/IMG_20250402_085008-1536x864.jpg","width":1536,"height":864}},"data":{"simple":"02\/04\/2025","date_time":"02\/04\/2025 13:15:12","date":"h\u00e1 1 ano"},"chapeu":"2 de abril ","source":"slide"},"_links":{"self":[{"href":"https:\/\/portalv1.com.br\/api\/wp\/v2\/posts\/231662","targetHints":{"allow":["GET"]}}],"collection":[{"href":"https:\/\/portalv1.com.br\/api\/wp\/v2\/posts"}],"about":[{"href":"https:\/\/portalv1.com.br\/api\/wp\/v2\/types\/post"}],"author":[{"embeddable":true,"href":"https:\/\/portalv1.com.br\/api\/wp\/v2\/users\/1"}],"replies":[{"embeddable":true,"href":"https:\/\/portalv1.com.br\/api\/wp\/v2\/comments?post=231662"}],"version-history":[{"count":0,"href":"https:\/\/portalv1.com.br\/api\/wp\/v2\/posts\/231662\/revisions"}],"wp:featuredmedia":[{"embeddable":true,"href":"https:\/\/portalv1.com.br\/api\/wp\/v2\/media\/231663"}],"wp:attachment":[{"href":"https:\/\/portalv1.com.br\/api\/wp\/v2\/media?parent=231662"}],"wp:term":[{"taxonomy":"category","embeddable":true,"href":"https:\/\/portalv1.com.br\/api\/wp\/v2\/categories?post=231662"},{"taxonomy":"post_tag","embeddable":true,"href":"https:\/\/portalv1.com.br\/api\/wp\/v2\/tags?post=231662"}],"curies":[{"name":"wp","href":"https:\/\/api.w.org\/{rel}","templated":true}]}}