{"id":231680,"date":"2025-04-04T09:30:05","date_gmt":"2025-04-04T12:30:05","guid":{"rendered":"https:\/\/portalv1.com.br\/?p=231680"},"modified":"2025-04-04T09:30:06","modified_gmt":"2025-04-04T12:30:06","slug":"vereadora-tatiana-medeiros-passa-por-audiencia-de-custodia-e-prisao-e-mantida","status":"publish","type":"post","link":"https:\/\/portalv1.com.br\/vereadora-tatiana-medeiros-passa-por-audiencia-de-custodia-e-prisao-e-mantida\/","title":{"rendered":"Vereadora Tatiana Medeiros passa por audi\u00eancia de cust\u00f3dia e pris\u00e3o \u00e9 mantida"},"content":{"rendered":"\n<p>A vereadora Tatiana Medeiros passa por audi\u00eancia de cust\u00f3dia na manh\u00e3 desta sexta-feira (4) no Tribunal Regional Eleitoral. A parlamentar, presa pela Pol\u00edcia Federal por suposto crime eleitoral, poss\u00edvel envolvimento com fac\u00e7\u00e3o criminosa e compra de votos com dinheiro proveniente dessa organiza\u00e7\u00e3o.&nbsp; Esta \u00e9 a segunda fase da opera\u00e7\u00e3o Escudo Eleitoral, que teve a primeira fase realizada em dezembro de 2024.<\/p>\n\n\n\n<p>Tatiana Medeiros chegou ao TRE por volta de 08h30. Antes da audi\u00eancia a vereadora portava uma b\u00edblia. Durante a audi\u00eancia a produ\u00e7\u00e3o de imagens foi proibida.<\/p>\n\n\n\n<p>A pesar da defesa pedir a suspens\u00e3o da pris\u00e3o e o Minist\u00e9rio P\u00fablico Federal pediu vistas, o juiz manteve a pris\u00e3o e concedeu a medida para ela ser transferida para uma sala de Estado Maior, no Quartel do Comando Geral (QCG).<\/p>\n\n\n\n<p><strong>Entenda o caso<\/strong><\/p>\n\n\n\n<p>A Pol\u00edcia Federal cumpriu hoje mandados de pris\u00e3o preventiva, expedidos pelo juiz eleitoral Lu\u00eds Henrique Moreira R\u00eago, contra a vereadora Tatiana Medeiros e o seu namorado Alandilson Cardoso Passos (que j\u00e1 est\u00e1 preso em Minas Gerais).<\/p>\n\n\n\n<p>As pris\u00f5es aconteceram dentro da segunda fase da Opera\u00e7\u00e3o Escudo Eleitoral, com o objetivo de combater a atua\u00e7\u00e3o de fac\u00e7\u00f5es criminosas no processo eleitoral das Elei\u00e7\u00f5es municipais de 2024.<\/p>\n\n\n\n<p>Tamb\u00e9m foram cumpridos oitos mandados de busca e apreens\u00e3o em endere\u00e7os ligados \u00e0 parlamentar e outras pessoas pr\u00f3ximas. O carro da m\u00e3e dela Od\u00e9lia Medeiros foi apreendido, al\u00e9m de aparelhos eletr\u00f4nicos e documentos no Instituto Vamos Juntos. O padrasto St\u00eanio Ferreira e a secret\u00e1ria Emanuely Pinho foram afastados das fun\u00e7\u00f5es p\u00fablicas e a pr\u00f3pria vereadora est\u00e1 proibida de ir \u00e0 C\u00e2mara Municipal e ao seu Instituto, que teve as atividades suspensas.<\/p>\n\n\n\n<p>A defesa da vereadora nega que ela tenha cometido crime eleitoral ou que tenha recebido recursos de fac\u00e7\u00e3o criminosa. E aguarda acesso aos autos para elaborar a defesa.<\/p>\n\n\n\n<p>J\u00e1 a Comiss\u00e3o de Prerrogativas da Ordem dos Advogados do Brasil, seccional Piau\u00ed (OAB-PI), afirmou que a Pol\u00edcia Federal n\u00e3o cumpriu o que determina a Constitui\u00e7\u00e3o Federal, j\u00e1 que a OAB n\u00e3o acompanhou o cumprimento dos mandados de pris\u00e3o da vereadora e de busca e apreens\u00e3o em sua resid\u00eancia, como deve ocorrer quando advogados s\u00e3o alvo dessas medidas e que por isso foi arbitr\u00e1ria e pode ser anulada.<\/p>\n\n\n<figure class=\"wp-block-post-featured-image\"><img loading=\"lazy\" decoding=\"async\" width=\"1600\" height=\"999\" src=\"https:\/\/portalv1.com.br\/app\/wp-content\/uploads\/2025\/04\/IMAGEMY.jpg\" class=\"attachment-post-thumbnail size-post-thumbnail wp-post-image\" alt=\"\" style=\"object-fit:cover;\" srcset=\"https:\/\/portalv1.com.br\/app\/wp-content\/uploads\/2025\/04\/IMAGEMY.jpg 1600w, https:\/\/portalv1.com.br\/app\/wp-content\/uploads\/2025\/04\/IMAGEMY-300x187.jpg 300w, https:\/\/portalv1.com.br\/app\/wp-content\/uploads\/2025\/04\/IMAGEMY-640x400.jpg 640w, https:\/\/portalv1.com.br\/app\/wp-content\/uploads\/2025\/04\/IMAGEMY-768x480.jpg 768w, https:\/\/portalv1.com.br\/app\/wp-content\/uploads\/2025\/04\/IMAGEMY-1536x959.jpg 1536w\" sizes=\"auto, (max-width: 1600px) 100vw, 1600px\" \/><\/figure>","protected":false},"excerpt":{"rendered":"<p>A vereadora Tatiana Medeiros passa por audi\u00eancia de cust\u00f3dia na manh\u00e3 desta sexta-feira (4) no Tribunal Regional Eleitoral. A parlamentar, presa pela Pol\u00edcia Federal por suposto crime eleitoral, poss\u00edvel envolvimento&#8230;<\/p>\n","protected":false},"author":1,"featured_media":231681,"comment_status":"open","ping_status":"open","sticky":false,"template":"","format":"standard","meta":{"ngg_post_thumbnail":0,"footnotes":""},"categories":[243],"tags":[],"class_list":["post-231680","post","type-post","status-publish","format-standard","has-post-thumbnail","hentry","category-geral"],"views":187,"meta_data":{"thumb":"https:\/\/portalv1.com.br\/app\/wp-content\/uploads\/2025\/04\/IMAGEMY.jpg","imagem":{"fullsize":{"url":"https:\/\/portalv1.com.br\/app\/wp-content\/uploads\/2025\/04\/IMAGEMY.jpg","width":1600,"height":999},"medium":{"url":"https:\/\/portalv1.com.br\/app\/wp-content\/uploads\/2025\/04\/IMAGEMY-300x187.jpg","width":300,"height":187},"large":{"url":"https:\/\/portalv1.com.br\/app\/wp-content\/uploads\/2025\/04\/IMAGEMY-640x400.jpg","width":640,"height":400},"thumbnail":{"url":"https:\/\/portalv1.com.br\/app\/wp-content\/uploads\/2025\/04\/IMAGEMY-100x100.jpg","width":100,"height":100},"medium_large":{"url":"https:\/\/portalv1.com.br\/app\/wp-content\/uploads\/2025\/04\/IMAGEMY-768x480.jpg","width":768,"height":480},"1536x1536":{"url":"https:\/\/portalv1.com.br\/app\/wp-content\/uploads\/2025\/04\/IMAGEMY-1536x959.jpg","width":1536,"height":959}},"data":{"simple":"04\/04\/2025","date_time":"04\/04\/2025 06:30:05","date":"h\u00e1 1 ano"},"chapeu":"De Teresina ","source":"m_destacada"},"_links":{"self":[{"href":"https:\/\/portalv1.com.br\/api\/wp\/v2\/posts\/231680","targetHints":{"allow":["GET"]}}],"collection":[{"href":"https:\/\/portalv1.com.br\/api\/wp\/v2\/posts"}],"about":[{"href":"https:\/\/portalv1.com.br\/api\/wp\/v2\/types\/post"}],"author":[{"embeddable":true,"href":"https:\/\/portalv1.com.br\/api\/wp\/v2\/users\/1"}],"replies":[{"embeddable":true,"href":"https:\/\/portalv1.com.br\/api\/wp\/v2\/comments?post=231680"}],"version-history":[{"count":0,"href":"https:\/\/portalv1.com.br\/api\/wp\/v2\/posts\/231680\/revisions"}],"wp:featuredmedia":[{"embeddable":true,"href":"https:\/\/portalv1.com.br\/api\/wp\/v2\/media\/231681"}],"wp:attachment":[{"href":"https:\/\/portalv1.com.br\/api\/wp\/v2\/media?parent=231680"}],"wp:term":[{"taxonomy":"category","embeddable":true,"href":"https:\/\/portalv1.com.br\/api\/wp\/v2\/categories?post=231680"},{"taxonomy":"post_tag","embeddable":true,"href":"https:\/\/portalv1.com.br\/api\/wp\/v2\/tags?post=231680"}],"curies":[{"name":"wp","href":"https:\/\/api.w.org\/{rel}","templated":true}]}}