{"id":231697,"date":"2025-04-05T07:34:32","date_gmt":"2025-04-05T10:34:32","guid":{"rendered":"https:\/\/portalv1.com.br\/?p=231697"},"modified":"2025-04-05T07:34:33","modified_gmt":"2025-04-05T10:34:33","slug":"uso-de-cameras-corporais-por-policiais-se-torna-obrigatorio-no-piaui","status":"publish","type":"post","link":"https:\/\/portalv1.com.br\/uso-de-cameras-corporais-por-policiais-se-torna-obrigatorio-no-piaui\/","title":{"rendered":"Uso de c\u00e2meras corporais por policiais se torna obrigat\u00f3rio no Piau\u00ed"},"content":{"rendered":"\n<p>O Governo do Piau\u00ed publicou o decreto que institui a obrigatoriedade do uso de c\u00e2meras corporais por policiais em a\u00e7\u00f5es da Seguran\u00e7a P\u00fablica no Piau\u00ed. Segundo o decreto, o uso do acess\u00f3rio tem objetivo de proteger agentes p\u00fablicos no exerc\u00edcio da fun\u00e7\u00e3o, al\u00e9m de aprimorar a produ\u00e7\u00e3o de provas para apura\u00e7\u00e3o de infra\u00e7\u00f5es penais e o controle externo da atividade policial.<\/p>\n\n\n\n<p>O decreto defende ainda que o uso das c\u00e2meras servir\u00e1 para assegurar a transpar\u00eancia e controle social sobre a atua\u00e7\u00e3o estatal, e prevenir e coibir desvios de conduta. A obrigatoriedade poder\u00e1 ser estendida, em caso de determina\u00e7\u00e3o do Governador, a outros \u00f3rg\u00e3os ou categorias de servidores p\u00fablicos estaduais.<\/p>\n\n\n\n<p>Em fevereiro deste ano, foi firmado um o novo conv\u00eanio para implementa\u00e7\u00e3o das c\u00e2meras corporais nas for\u00e7as de seguran\u00e7a do Piau\u00ed. Na \u00e9poca ficou determinado que as c\u00e2meras ser\u00e3o instaladas de forma gradativa nos coletes dos agentes de seguran\u00e7a e ir\u00e3o monitorar a atua\u00e7\u00e3o dos profissionais durante todo o plant\u00e3o. As imagens ser\u00e3o depositadas em um \u201csupercomputador\u201d da secretaria de seguran\u00e7a do estado e poder\u00e3o passar por auditoria caso necess\u00e1rio.&nbsp;<\/p>\n\n\n\n<p>No decreto publicado nesta quinta-feira (03) ficou determinado que os recursos necess\u00e1rios \u00e0 implementa\u00e7\u00e3o e manuten\u00e7\u00e3o do uso de c\u00e2meras corporais e dos demais sistemas de videomonitoramento poder\u00e3o ser provenientes do Fundo Estadual de Seguran\u00e7a P\u00fablica (FESP), de conv\u00eanios e parcerias com a Uni\u00e3o e outras entidades p\u00fablicas, de parcerias com o setor privado e de dota\u00e7\u00f5es or\u00e7ament\u00e1rias espec\u00edficas.<\/p>\n\n\n\n<p>O documento assinado pelo governador Rafael Fonteles tamb\u00e9m pontua que os procedimentos de uso, gest\u00e3o, armazenamento, preserva\u00e7\u00e3o, publicidade e divulga\u00e7\u00e3o de imagens seguir\u00e3o as determina\u00e7\u00f5es da portaria publicada em abril do ano passado pelo Minist\u00e9rio da Justi\u00e7a e Seguran\u00e7a P\u00fablica (MJSP).<\/p>\n\n\n\n<p>Segundo a determina\u00e7\u00e3o do Minist\u00e9rio da Justi\u00e7a, profissionais da Pol\u00edcia Federal; Pol\u00edcia Rodovi\u00e1ria Federal; Pol\u00edcia Penal Federal; Pol\u00edcias Militares dos Estados e do Distrito Federal; Corpos de Bombeiros Militares dos Estados e do Distrito Federal; Pol\u00edcias Civis dos Estados e do Distrito Federal; Pol\u00edcias Penais dos Estados e do Distrito Federal; Peritos de Natureza Criminal dos Estados e do Distrito Federal e Guardas Municipais de todo pa\u00eds, dever\u00e3o se adequar e padronizar o uso dos equipamentos aumentando a transpar\u00eancia das a\u00e7\u00f5es policiais.&nbsp;<\/p>\n\n\n\n<p>Caso seja vi\u00e1vel tecnicamente, \u00e0s c\u00e2meras veiculares embarcadas em viaturas operacionais e aos sistemas de videomonitoramento utilizados por \u00f3rg\u00e3o da administra\u00e7\u00e3o p\u00fablica estadual ou instalados em vias p\u00fablicas.<\/p>\n\n\n<figure class=\"wp-block-post-featured-image\"><img loading=\"lazy\" decoding=\"async\" width=\"640\" height=\"427\" src=\"https:\/\/portalv1.com.br\/app\/wp-content\/uploads\/2024\/10\/policia.jpg\" class=\"attachment-post-thumbnail size-post-thumbnail wp-post-image\" alt=\"\" style=\"object-fit:cover;\" srcset=\"https:\/\/portalv1.com.br\/app\/wp-content\/uploads\/2024\/10\/policia.jpg 640w, https:\/\/portalv1.com.br\/app\/wp-content\/uploads\/2024\/10\/policia-300x200.jpg 300w\" sizes=\"auto, (max-width: 640px) 100vw, 640px\" \/><\/figure>\n\n\n<p>Fonte: cidadeverde.com<\/p>\n","protected":false},"excerpt":{"rendered":"<p>O Governo do Piau\u00ed publicou o decreto que institui a obrigatoriedade do uso de c\u00e2meras corporais por policiais em a\u00e7\u00f5es da Seguran\u00e7a P\u00fablica no Piau\u00ed. Segundo o decreto, o uso&#8230;<\/p>\n","protected":false},"author":1,"featured_media":219892,"comment_status":"open","ping_status":"open","sticky":false,"template":"","format":"standard","meta":{"ngg_post_thumbnail":0,"footnotes":""},"categories":[243],"tags":[],"class_list":["post-231697","post","type-post","status-publish","format-standard","has-post-thumbnail","hentry","category-geral"],"views":138,"meta_data":{"thumb":"https:\/\/portalv1.com.br\/app\/wp-content\/uploads\/2024\/10\/policia.jpg","imagem":{"fullsize":{"url":"https:\/\/portalv1.com.br\/app\/wp-content\/uploads\/2024\/10\/policia.jpg","width":640,"height":427},"medium":{"url":"https:\/\/portalv1.com.br\/app\/wp-content\/uploads\/2024\/10\/policia-300x200.jpg","width":300,"height":200},"thumbnail":{"url":"https:\/\/portalv1.com.br\/app\/wp-content\/uploads\/2024\/10\/policia-100x100.jpg","width":100,"height":100}},"data":{"simple":"05\/04\/2025","date_time":"05\/04\/2025 04:34:32","date":"h\u00e1 1 ano"},"chapeu":"Transpar\u00eancia das a\u00e7\u00f5es policiais","source":"m_destacada"},"_links":{"self":[{"href":"https:\/\/portalv1.com.br\/api\/wp\/v2\/posts\/231697","targetHints":{"allow":["GET"]}}],"collection":[{"href":"https:\/\/portalv1.com.br\/api\/wp\/v2\/posts"}],"about":[{"href":"https:\/\/portalv1.com.br\/api\/wp\/v2\/types\/post"}],"author":[{"embeddable":true,"href":"https:\/\/portalv1.com.br\/api\/wp\/v2\/users\/1"}],"replies":[{"embeddable":true,"href":"https:\/\/portalv1.com.br\/api\/wp\/v2\/comments?post=231697"}],"version-history":[{"count":0,"href":"https:\/\/portalv1.com.br\/api\/wp\/v2\/posts\/231697\/revisions"}],"wp:featuredmedia":[{"embeddable":true,"href":"https:\/\/portalv1.com.br\/api\/wp\/v2\/media\/219892"}],"wp:attachment":[{"href":"https:\/\/portalv1.com.br\/api\/wp\/v2\/media?parent=231697"}],"wp:term":[{"taxonomy":"category","embeddable":true,"href":"https:\/\/portalv1.com.br\/api\/wp\/v2\/categories?post=231697"},{"taxonomy":"post_tag","embeddable":true,"href":"https:\/\/portalv1.com.br\/api\/wp\/v2\/tags?post=231697"}],"curies":[{"name":"wp","href":"https:\/\/api.w.org\/{rel}","templated":true}]}}