{"id":231889,"date":"2025-04-11T20:35:00","date_gmt":"2025-04-11T23:35:00","guid":{"rendered":"https:\/\/portalv1.com.br\/?p=231889"},"modified":"2025-04-12T15:56:29","modified_gmt":"2025-04-12T18:56:29","slug":"parceria-entre-prefeitura-de-valenca-do-piaui-e-ifpi-fortalece-preparacao-de-alunos-para-a-obmep","status":"publish","type":"post","link":"https:\/\/portalv1.com.br\/parceria-entre-prefeitura-de-valenca-do-piaui-e-ifpi-fortalece-preparacao-de-alunos-para-a-obmep\/","title":{"rendered":"Educa\u00e7\u00e3o de Valen\u00e7a inicia preparat\u00f3rio para Olimp\u00edadas de Matem\u00e1tica"},"content":{"rendered":"\n<p class=\"wp-embed-aspect-16-9 wp-has-aspect-ratio\">No dia 9 de abril, foi realizada a aula inaugural do Projeto de prepara\u00e7\u00e3o para a OBMEP (Olimp\u00edada Brasileira de Matem\u00e1tica das Escolas P\u00fablicas), iniciativa da Secretaria Municipal de Educa\u00e7\u00e3o para estudantes do 6\u00ba ao 9\u00ba ano do Ensino Fundamental.<\/p>\n\n\n\n<p>A iniciativa visa oferecer aulas de refor\u00e7o e aprofundamento em matem\u00e1tica, como explicou o coordenador de ensino fundamental da Secretaria de Educa\u00e7\u00e3o Andr\u00e9 Leite<\/p>\n\n\n\n<p>\u201cVamos trabalhar exclusivamente com alunos do sexto ao nono ano, de todas as escolas da rede municipal, focado nas avalia\u00e7\u00f5es externas, mais espec\u00edfico na OBMEP, porque \u00e9 a maior Olimp\u00edada de Matem\u00e1tica a n\u00edvel nacional. Essas aulas, ir\u00e3o acontecer todas as quartas-feiras, das 18h \u00e0s 20h, para os alunos do n\u00edvel 1, que s\u00e3o alunos do sexto e s\u00e9timo ano, e das 20h \u00e0s 22h para alunos do n\u00edvel 2, oitavo e nono ano na unidade escolar Professor Jo\u00e3o Calado com professor Ant\u00f4nio do Instituto Federal\u201d destacou o professor Andr\u00e9 Leite que falou sobre as metas.<\/p>\n\n\n\n<p>\u201cO objetivo \u00e9 encontrar novos talentos da matem\u00e1tica e potencializar, ou seja, incentivar o estudo da matem\u00e1tica entre os estudantes, consequentemente, desenvolver ainda mais as habilidade que eles tem no aprendizado da matem\u00e1tica. Ent\u00e3o, de fato, \u00e9 beneficiar o aluno que tem o potencial\u201d apontou o professor que informou que o projeto ter\u00e1 40 alunos que foram indicados pelos col\u00e9gios.<\/p>\n\n\n\n<p class=\"wp-embed-aspect-16-9 wp-has-aspect-ratio\">A OBMEP \u00e9 uma das maiores competi\u00e7\u00f5es estudantis do pa\u00eds e pretende incentivar o estudo da matem\u00e1tica e identificar jovens talentos. A edi\u00e7\u00e3o de 2025 promete reunir milhares de alunos de todo o Brasil, e Valen\u00e7a do Piau\u00ed pretende marcar presen\u00e7a com destaque, gra\u00e7as a essa iniciativa importante.<\/p>\n\n\n\n<figure class=\"wp-block-embed is-type-video is-provider-youtube wp-block-embed-youtube wp-embed-aspect-16-9 wp-has-aspect-ratio\"><div class=\"wp-block-embed__wrapper\">\n<div class=\"content-iframe\" data-content-width=\"600\"><iframe loading=\"lazy\" title=\"Educa\u00e7\u00e3o de Valen\u00e7a e IFPI Valen\u00e7a celebram parceria em prol da OBMEP\" width=\"600\" height=\"338\" src=\"https:\/\/www.youtube.com\/embed\/DHb12URfi1M?feature=oembed\" frameborder=\"0\" allow=\"accelerometer; autoplay; clipboard-write; encrypted-media; gyroscope; picture-in-picture; web-share\" referrerpolicy=\"strict-origin-when-cross-origin\" allowfullscreen><\/iframe><\/div>\n<\/div><\/figure>\n","protected":false},"excerpt":{"rendered":"<p>No dia 9 de abril, foi realizada a aula inaugural do Projeto de prepara\u00e7\u00e3o para a OBMEP (Olimp\u00edada Brasileira de Matem\u00e1tica das Escolas P\u00fablicas), iniciativa da Secretaria Municipal de Educa\u00e7\u00e3o&#8230;<\/p>\n","protected":false},"author":1,"featured_media":231890,"comment_status":"open","ping_status":"open","sticky":false,"template":"","format":"standard","meta":{"ngg_post_thumbnail":0,"footnotes":""},"categories":[243],"tags":[],"class_list":["post-231889","post","type-post","status-publish","format-standard","has-post-thumbnail","hentry","category-geral"],"views":579,"meta_data":{"thumb":"https:\/\/portalv1.com.br\/app\/wp-content\/uploads\/2025\/04\/WhatsApp-Image-2025-04-11-at-19.35.28.jpeg","imagem":{"fullsize":{"url":"https:\/\/portalv1.com.br\/app\/wp-content\/uploads\/2025\/04\/WhatsApp-Image-2025-04-11-at-19.35.28.jpeg","width":738,"height":546},"medium":{"url":"https:\/\/portalv1.com.br\/app\/wp-content\/uploads\/2025\/04\/WhatsApp-Image-2025-04-11-at-19.35.28-300x222.jpeg","width":300,"height":222},"large":{"url":"https:\/\/portalv1.com.br\/app\/wp-content\/uploads\/2025\/04\/WhatsApp-Image-2025-04-11-at-19.35.28-640x473.jpeg","width":640,"height":473},"thumbnail":{"url":"https:\/\/portalv1.com.br\/app\/wp-content\/uploads\/2025\/04\/WhatsApp-Image-2025-04-11-at-19.35.28-100x100.jpeg","width":100,"height":100}},"data":{"simple":"11\/04\/2025","date_time":"11\/04\/2025 17:35:00","date":"h\u00e1 1 ano"},"chapeu":"Investimentos ","source":"slide"},"_links":{"self":[{"href":"https:\/\/portalv1.com.br\/api\/wp\/v2\/posts\/231889","targetHints":{"allow":["GET"]}}],"collection":[{"href":"https:\/\/portalv1.com.br\/api\/wp\/v2\/posts"}],"about":[{"href":"https:\/\/portalv1.com.br\/api\/wp\/v2\/types\/post"}],"author":[{"embeddable":true,"href":"https:\/\/portalv1.com.br\/api\/wp\/v2\/users\/1"}],"replies":[{"embeddable":true,"href":"https:\/\/portalv1.com.br\/api\/wp\/v2\/comments?post=231889"}],"version-history":[{"count":0,"href":"https:\/\/portalv1.com.br\/api\/wp\/v2\/posts\/231889\/revisions"}],"wp:featuredmedia":[{"embeddable":true,"href":"https:\/\/portalv1.com.br\/api\/wp\/v2\/media\/231890"}],"wp:attachment":[{"href":"https:\/\/portalv1.com.br\/api\/wp\/v2\/media?parent=231889"}],"wp:term":[{"taxonomy":"category","embeddable":true,"href":"https:\/\/portalv1.com.br\/api\/wp\/v2\/categories?post=231889"},{"taxonomy":"post_tag","embeddable":true,"href":"https:\/\/portalv1.com.br\/api\/wp\/v2\/tags?post=231889"}],"curies":[{"name":"wp","href":"https:\/\/api.w.org\/{rel}","templated":true}]}}