{"id":232496,"date":"2025-04-20T10:08:47","date_gmt":"2025-04-20T13:08:47","guid":{"rendered":"https:\/\/portalv1.com.br\/?p=232496"},"modified":"2025-04-20T10:52:22","modified_gmt":"2025-04-20T13:52:22","slug":"tv-antena-10-morre-aos-90-anos-o-empresario-jose-elias-tajra","status":"publish","type":"post","link":"https:\/\/portalv1.com.br\/tv-antena-10-morre-aos-90-anos-o-empresario-jose-elias-tajra\/","title":{"rendered":"TV Antena 10: Morre aos 90 anos o empres\u00e1rio Jos\u00e9 Elias Tajra"},"content":{"rendered":"\n<p>Faleceu na madrugada deste domingo (20), em Teresina, o empres\u00e1rio Jos\u00e9 Elias Tajra, aos 90 anos. Fundador do Grupo Jet Ve\u00edculos, Funda\u00e7\u00e3o Jet, TV Antena 10 e outras empresas no Piau\u00ed, Jos\u00e9 Elias deixa um legado de compromisso com o progresso econ\u00f4mico e social no estado.<\/p>\n\n\n\n<p>Reconhecido como um dos grandes nomes do empreendedorismo piauiense, Jos\u00e9 Elias Tajra atuou por d\u00e9cadas impulsionando o desenvolvimento regional, com investimentos em setores como comunica\u00e7\u00e3o, educa\u00e7\u00e3o e mobilidade. Sua trajet\u00f3ria empresarial \u00e9 marcada pela inova\u00e7\u00e3o, pela gera\u00e7\u00e3o de empregos e por a\u00e7\u00f5es que fortaleceram a economia local.<\/p>\n\n\n\n<p>O empres\u00e1rio enfrentava um quadro de pneumonia, chegando a ser hospitalizado. Nos \u00faltimos dias, estava em tratamento domiciliar. Familiares, amigos, colaboradores e figuras p\u00fablicas prestam homenagens ao empres\u00e1rio, lembrando de sua dedica\u00e7\u00e3o ao Piau\u00ed e da influ\u00eancia que exerceu sobre diferentes gera\u00e7\u00f5es de empreendedores.\u00a0O vel\u00f3rio ser\u00e1 realizado \u00e0s 11h30, na Capela Jardim da Ressurrei\u00e7\u00e3o, na zona Leste de Teresina.<\/p>\n\n\n\n<p>Formado em Contabilidade pela Escola T\u00e9cnica de Com\u00e9rcio \u00c1lvaro Penteado, em S\u00e3o Paulo, e em Direito pela Faculdade de Direito do Piau\u00ed, em Teresina, destacou-se como um dos grandes empres\u00e1rios do cen\u00e1rio piauiense, com atua\u00e7\u00e3o em diversos segmentos do mercado, incluindo com\u00e9rcio, ind\u00fastria, servi\u00e7os e comunica\u00e7\u00e3o.<\/p>\n\n\n\n<p>Sua trajet\u00f3ria empresarial \u00e9 marcada pela funda\u00e7\u00e3o de importantes empresas que contribu\u00edram para o desenvolvimento econ\u00f4mico e social do estado. Entre elas est\u00e3o: JET Ltda, Jotal Ltda, JET Ve\u00edculos Ltda, JET Radiodifus\u00e3o Ltda (TV Antena 10, afiliada \u00e0 RECORD no Piau\u00ed), Construtora JET Ltda, Funda\u00e7\u00e3o Jos\u00e9 Elias Tajra e Comercial Vanli Ltda.<\/p>\n\n\n\n<p>Atuou como presidente da Associa\u00e7\u00e3o Comercial Piauiense (ACP) por cinco d\u00e9cadas, com mandatos de 1964 a 1979 e de 1986 at\u00e9 2021. Durante sua gest\u00e3o, promoveu importantes realiza\u00e7\u00f5es, como a constru\u00e7\u00e3o do edif\u00edcio-sede da entidade, o Pal\u00e1cio do Com\u00e9rcio, inaugurado em 23 de agosto de 1977 \u2014 um marco no crescimento vertical da cidade de Teresina.<\/p>\n\n\n\n<p>Al\u00e9m disso, foi presidente da Funda\u00e7\u00e3o Educacional da Associa\u00e7\u00e3o Comercial Piauiense, presidente do MOBRAL Municipal por 15 anos e membro ativo da Confedera\u00e7\u00e3o das Associa\u00e7\u00f5es Comerciais do Brasil (CACB), onde atuou como vice-presidente entre 1992 e 1994.<\/p>\n\n\n\n<p>Exerceu tamb\u00e9m papel importante no Conselho Nacional do IBRACEX e presidiu a Federa\u00e7\u00e3o do Com\u00e9rcio Varejista do Piau\u00ed de 1989 a 1995, bem como o Conselho Regional do SENAC no Piau\u00ed no mesmo per\u00edodo. Entre 2011 e 2014, presidiu o Conselho Deliberativo Estadual do SEBRAE Piau\u00ed.<\/p>\n\n\n<figure class=\"wp-block-post-featured-image\"><img loading=\"lazy\" decoding=\"async\" width=\"1024\" height=\"682\" src=\"https:\/\/portalv1.com.br\/app\/wp-content\/uploads\/2025\/04\/elias.jpeg\" class=\"attachment-post-thumbnail size-post-thumbnail wp-post-image\" alt=\"\" style=\"object-fit:cover;\" srcset=\"https:\/\/portalv1.com.br\/app\/wp-content\/uploads\/2025\/04\/elias.jpeg 1024w, https:\/\/portalv1.com.br\/app\/wp-content\/uploads\/2025\/04\/elias-300x200.jpeg 300w, https:\/\/portalv1.com.br\/app\/wp-content\/uploads\/2025\/04\/elias-640x426.jpeg 640w, https:\/\/portalv1.com.br\/app\/wp-content\/uploads\/2025\/04\/elias-768x512.jpeg 768w\" sizes=\"auto, (max-width: 1024px) 100vw, 1024px\" \/><\/figure>\n\n\n<p>Fonte: cidadeverde.com<\/p>\n","protected":false},"excerpt":{"rendered":"<p>Faleceu na madrugada deste domingo (20), em Teresina, o empres\u00e1rio Jos\u00e9 Elias Tajra, aos 90 anos. Fundador do Grupo Jet Ve\u00edculos, Funda\u00e7\u00e3o Jet, TV Antena 10 e outras empresas no&#8230;<\/p>\n","protected":false},"author":1,"featured_media":232497,"comment_status":"open","ping_status":"open","sticky":false,"template":"","format":"standard","meta":{"ngg_post_thumbnail":0,"footnotes":""},"categories":[243],"tags":[],"class_list":["post-232496","post","type-post","status-publish","format-standard","has-post-thumbnail","hentry","category-geral"],"views":218,"meta_data":{"thumb":"https:\/\/portalv1.com.br\/app\/wp-content\/uploads\/2025\/04\/elias.jpeg","imagem":{"fullsize":{"url":"https:\/\/portalv1.com.br\/app\/wp-content\/uploads\/2025\/04\/elias.jpeg","width":1024,"height":682},"medium":{"url":"https:\/\/portalv1.com.br\/app\/wp-content\/uploads\/2025\/04\/elias-300x200.jpeg","width":300,"height":200},"large":{"url":"https:\/\/portalv1.com.br\/app\/wp-content\/uploads\/2025\/04\/elias-640x426.jpeg","width":640,"height":426},"thumbnail":{"url":"https:\/\/portalv1.com.br\/app\/wp-content\/uploads\/2025\/04\/elias-100x100.jpeg","width":100,"height":100},"medium_large":{"url":"https:\/\/portalv1.com.br\/app\/wp-content\/uploads\/2025\/04\/elias-768x512.jpeg","width":768,"height":512}},"data":{"simple":"20\/04\/2025","date_time":"20\/04\/2025 07:08:47","date":"h\u00e1 1 ano"},"chapeu":"LUTO ","source":"slide"},"_links":{"self":[{"href":"https:\/\/portalv1.com.br\/api\/wp\/v2\/posts\/232496","targetHints":{"allow":["GET"]}}],"collection":[{"href":"https:\/\/portalv1.com.br\/api\/wp\/v2\/posts"}],"about":[{"href":"https:\/\/portalv1.com.br\/api\/wp\/v2\/types\/post"}],"author":[{"embeddable":true,"href":"https:\/\/portalv1.com.br\/api\/wp\/v2\/users\/1"}],"replies":[{"embeddable":true,"href":"https:\/\/portalv1.com.br\/api\/wp\/v2\/comments?post=232496"}],"version-history":[{"count":0,"href":"https:\/\/portalv1.com.br\/api\/wp\/v2\/posts\/232496\/revisions"}],"wp:featuredmedia":[{"embeddable":true,"href":"https:\/\/portalv1.com.br\/api\/wp\/v2\/media\/232497"}],"wp:attachment":[{"href":"https:\/\/portalv1.com.br\/api\/wp\/v2\/media?parent=232496"}],"wp:term":[{"taxonomy":"category","embeddable":true,"href":"https:\/\/portalv1.com.br\/api\/wp\/v2\/categories?post=232496"},{"taxonomy":"post_tag","embeddable":true,"href":"https:\/\/portalv1.com.br\/api\/wp\/v2\/tags?post=232496"}],"curies":[{"name":"wp","href":"https:\/\/api.w.org\/{rel}","templated":true}]}}