{"id":232532,"date":"2025-04-21T08:03:21","date_gmt":"2025-04-21T11:03:21","guid":{"rendered":"https:\/\/portalv1.com.br\/?p=232532"},"modified":"2025-04-21T08:03:23","modified_gmt":"2025-04-21T11:03:23","slug":"jorge-mario-bergoglio-o-papa-francisco-morreu-aos-88-no-vaticano","status":"publish","type":"post","link":"https:\/\/portalv1.com.br\/jorge-mario-bergoglio-o-papa-francisco-morreu-aos-88-no-vaticano\/","title":{"rendered":"Jorge Mario Bergoglio, o papa Francisco, morreu aos 88 no Vaticano"},"content":{"rendered":"\n<p>Morre o Papa Francisco. O an\u00fancio foi dado, com pesar, na manh\u00e3 desta segunda-feira, diretamente da Capela da Casa Santa Marta, no Vaticano, pelo camerlengo da Igreja, o cardeal Joseph Farrell, com as seguintes palavras:<\/p>\n\n\n\n<p><em><strong>\u201c\u00c0s 7h35 desta manh\u00e3, o Bispo de Roma, Francisco, retornou \u00e0 casa do Pai. Toda a sua vida foi dedicada ao servi\u00e7o do Senhor e de Sua Igreja. Ele nos ensinou a viver os valores do Evangelho com fidelidade, coragem e amor universal, especialmente em favor dos mais pobres e marginalizados. Com imensa gratid\u00e3o por seu exemplo como verdadeiro disc\u00edpulo do Senhor Jesus, recomendamos a alma do Papa Francisco ao infinito amor misericordioso do Deus Trino.\u201d<\/strong><\/em><\/p>\n\n\n\n<p><strong>\u00daltima mensagem<\/strong><\/p>\n\n\n\n<p>Ontem, domingo, o Pont\u00edfice apareceu na sacada da Bas\u00edlica de S\u00e3o Pedro para a mensagem de P\u00e1scoa Urbi et Orbi, deixando sua \u00faltima mensagem para a Igreja e o mundo. O texto, lido pelo\u00a0 Mons. Diego Ravelli, mestre das Celebra\u00e7\u00f5es Lit\u00fargicas Pontif\u00edcias, ressaltou a P\u00e1scoa como festa da vida:<\/p>\n\n\n\n<p>\u201cCristo ressuscitou! Neste an\u00fancio encerra-se todo o sentido da nossa exist\u00eancia, que n\u00e3o foi feita para a morte, mas para a vida. A P\u00e1scoa \u00e9 a festa da vida! Deus criou-nos para a vida e quer que a humanidade ressurja! Aos seus olhos, todas as vidas s\u00e3o preciosas! Tanto a da crian\u00e7a no ventre da m\u00e3e, como a do idoso ou a do doente, considerados como pessoas a descartar num n\u00famero cada vez maior de pa\u00edses.\u201d<\/p>\n\n\n\n<p>Este an\u00fancio de esperan\u00e7a ressoa hoje ainda mais forte enquanto vemos todos os dias os in\u00fameros conflitos que ocorrem em diferentes partes do mundo. \u201cQuanta viol\u00eancia vemos com frequ\u00eancia tamb\u00e9m nas fam\u00edlias, dirigida contra as mulheres ou as crian\u00e7as! Quanto desprezo se sente por vezes em rela\u00e7\u00e3o aos mais fracos, marginalizados e migrantes!\u201d, escreve com pesar Francisco, que formula os seus votos:<\/p>\n\n\n\n<p><em><strong>\u201cNeste dia, gostaria que volt\u00e1ssemos a ter esperan\u00e7a e confian\u00e7a nos outros\u201d e \u201ca ter esperan\u00e7a de que a paz \u00e9 poss\u00edvel!\u201d O Santo Padre ent\u00e3o elenca os v\u00e1rios pa\u00edses e regi\u00f5es em conflito, a partir da Terra Santa, onde este ano cat\u00f3licos e ortodoxos celebram a P\u00e1scoa juntos, manifestando preocupa\u00e7\u00e3o com o crescente clima de antissemitismo e definindo como \u201cdram\u00e1tica e ign\u00f3bil\u201d a situa\u00e7\u00e3o humanit\u00e1ria em Gaza.<\/strong><\/em><\/p>\n\n\n\n<p>Em sua \u00faltima mensagem, o Papa tamb\u00e9m fez seus apelos pela paz, que \u201cn\u00e3o \u00e9 poss\u00edvel sem um verdadeiro desarmamento\u201d. O pedido do Pont\u00edfice foi para que os recursos dispon\u00edveis sejam utilizados para ajudar os necessitados, combater a fome e promover iniciativas que favore\u00e7am o desenvolvimento. \u201cEstas s\u00e3o as \u2018armas\u201d da paz: aquelas que constroem o futuro, em vez de espalhar morte!\u201d, afirmou.<\/p>\n\n\n\n<p><em><strong>\u201cQue o princ\u00edpio da humanidade nunca deixe de ser o eixo do nosso agir quotidiano. Perante a crueldade dos conflitos que atingem civis indefesos, atacam escolas e hospitais e agentes humanit\u00e1rios, n\u00e3o podemos esquecer que n\u00e3o s\u00e3o atingidos alvos, mas pessoas com alma e dignidade.\u201d Por fim, os votos de que neste ano jubilar a P\u00e1scoa seja uma ocasi\u00e3o para libertar os prisioneiros de guerra e os presos pol\u00edticos.<\/strong><\/em><\/p>\n\n\n<figure class=\"wp-block-post-featured-image\"><img loading=\"lazy\" decoding=\"async\" width=\"1280\" height=\"720\" src=\"https:\/\/portalv1.com.br\/app\/wp-content\/uploads\/2025\/04\/Papa-Francisco.webp\" class=\"attachment-post-thumbnail size-post-thumbnail wp-post-image\" alt=\"\" style=\"object-fit:cover;\" srcset=\"https:\/\/portalv1.com.br\/app\/wp-content\/uploads\/2025\/04\/Papa-Francisco.webp 1280w, https:\/\/portalv1.com.br\/app\/wp-content\/uploads\/2025\/04\/Papa-Francisco-300x169.webp 300w, https:\/\/portalv1.com.br\/app\/wp-content\/uploads\/2025\/04\/Papa-Francisco-640x360.webp 640w, https:\/\/portalv1.com.br\/app\/wp-content\/uploads\/2025\/04\/Papa-Francisco-768x432.webp 768w\" sizes=\"auto, (max-width: 1280px) 100vw, 1280px\" \/><\/figure>\n\n\n<p>Fonte; CNBB<\/p>\n","protected":false},"excerpt":{"rendered":"<p>Morre o Papa Francisco. O an\u00fancio foi dado, com pesar, na manh\u00e3 desta segunda-feira, diretamente da Capela da Casa Santa Marta, no Vaticano, pelo camerlengo da Igreja, o cardeal Joseph&#8230;<\/p>\n","protected":false},"author":1,"featured_media":232533,"comment_status":"open","ping_status":"open","sticky":false,"template":"","format":"standard","meta":{"ngg_post_thumbnail":0,"footnotes":""},"categories":[243],"tags":[],"class_list":["post-232532","post","type-post","status-publish","format-standard","has-post-thumbnail","hentry","category-geral"],"views":183,"meta_data":{"thumb":"https:\/\/portalv1.com.br\/app\/wp-content\/uploads\/2025\/04\/Papa-Francisco.webp","imagem":{"fullsize":{"url":"https:\/\/portalv1.com.br\/app\/wp-content\/uploads\/2025\/04\/Papa-Francisco.webp","width":1280,"height":720},"medium":{"url":"https:\/\/portalv1.com.br\/app\/wp-content\/uploads\/2025\/04\/Papa-Francisco-300x169.webp","width":300,"height":169},"large":{"url":"https:\/\/portalv1.com.br\/app\/wp-content\/uploads\/2025\/04\/Papa-Francisco-640x360.webp","width":640,"height":360},"thumbnail":{"url":"https:\/\/portalv1.com.br\/app\/wp-content\/uploads\/2025\/04\/Papa-Francisco-100x100.webp","width":100,"height":100},"medium_large":{"url":"https:\/\/portalv1.com.br\/app\/wp-content\/uploads\/2025\/04\/Papa-Francisco-768x432.webp","width":768,"height":432}},"data":{"simple":"21\/04\/2025","date_time":"21\/04\/2025 05:03:21","date":"h\u00e1 1 ano"},"chapeu":"LUTO ","source":"slide"},"_links":{"self":[{"href":"https:\/\/portalv1.com.br\/api\/wp\/v2\/posts\/232532","targetHints":{"allow":["GET"]}}],"collection":[{"href":"https:\/\/portalv1.com.br\/api\/wp\/v2\/posts"}],"about":[{"href":"https:\/\/portalv1.com.br\/api\/wp\/v2\/types\/post"}],"author":[{"embeddable":true,"href":"https:\/\/portalv1.com.br\/api\/wp\/v2\/users\/1"}],"replies":[{"embeddable":true,"href":"https:\/\/portalv1.com.br\/api\/wp\/v2\/comments?post=232532"}],"version-history":[{"count":0,"href":"https:\/\/portalv1.com.br\/api\/wp\/v2\/posts\/232532\/revisions"}],"wp:featuredmedia":[{"embeddable":true,"href":"https:\/\/portalv1.com.br\/api\/wp\/v2\/media\/232533"}],"wp:attachment":[{"href":"https:\/\/portalv1.com.br\/api\/wp\/v2\/media?parent=232532"}],"wp:term":[{"taxonomy":"category","embeddable":true,"href":"https:\/\/portalv1.com.br\/api\/wp\/v2\/categories?post=232532"},{"taxonomy":"post_tag","embeddable":true,"href":"https:\/\/portalv1.com.br\/api\/wp\/v2\/tags?post=232532"}],"curies":[{"name":"wp","href":"https:\/\/api.w.org\/{rel}","templated":true}]}}