{"id":23281,"date":"2016-03-29T17:15:28","date_gmt":"2016-03-29T20:15:28","guid":{"rendered":"https:\/\/portalv1.com.br\/?p=23281"},"modified":"2016-03-29T17:15:28","modified_gmt":"2016-03-29T20:15:28","slug":"policia-prende-suspeitos-de-furto-e-receptacao-motos-em-valenca","status":"publish","type":"post","link":"https:\/\/portalv1.com.br\/policia-prende-suspeitos-de-furto-e-receptacao-motos-em-valenca\/","title":{"rendered":"Pol\u00edcia prende suspeitos de furto e recepta\u00e7\u00e3o motos em Valen\u00e7a"},"content":{"rendered":"<p>Uma a\u00e7\u00e3o integrada das pol\u00edcias civil e militar de Valen\u00e7a resultou na pris\u00e3o de suspeitos de furto e recepta\u00e7\u00e3o de motocicletas e suas respectivas pe\u00e7as e acess\u00f3rios.<\/p>\n<p>As motocicletas haviam sido furtadas nas cidades de Pimenteiras e Valen\u00e7a, partindo do levantamento de informa\u00e7\u00f5es, as pol\u00edcias chegaram at\u00e9 os suspeitos ap\u00f3s descobrir pe\u00e7as e acess\u00f3rios escondidos em uma vala \u00e0s margens da BR 316.<\/p>\n<p>Ap\u00f3s a pris\u00e3o de Carlos Eduardo de Sousa Oliveira, vulgo &#8220;mongol\u00f3ide &#8220;, as for\u00e7as de seguran\u00e7a chegaram at\u00e9 dois menores de idade que negociavam as pe\u00e7as, bem como as utilizavam em outras motocicletas.<\/p>\n<p>Partes destas foram localizadas no assentamento Bom Princ\u00edpio, bem como foram apreendidas tr\u00eas motocicletas com adultera\u00e7\u00f5es de motor e demais acess\u00f3rios. Os suspeitos poder\u00e3o responder por furto e recepta\u00e7\u00e3o.<\/p>\n<p><a href=\"https:\/\/portalv1.com.br\/app\/wp-content\/uploads\/2016\/03\/020.jpg\" rel=\"attachment wp-att-23283\"><img loading=\"lazy\" decoding=\"async\" class=\"aligncenter size-large wp-image-23283\" src=\"https:\/\/portalv1.com.br\/app\/wp-content\/uploads\/2016\/03\/020-640x360.jpg\" alt=\"020\" width=\"640\" height=\"360\" srcset=\"https:\/\/portalv1.com.br\/app\/wp-content\/uploads\/2016\/03\/020.jpg 640w, https:\/\/portalv1.com.br\/app\/wp-content\/uploads\/2016\/03\/020-300x169.jpg 300w\" sizes=\"auto, (max-width: 640px) 100vw, 640px\" \/><\/a> <a href=\"https:\/\/portalv1.com.br\/app\/wp-content\/uploads\/2016\/03\/018.jpg\" rel=\"attachment wp-att-23284\"><img loading=\"lazy\" decoding=\"async\" class=\"aligncenter size-full wp-image-23284\" src=\"https:\/\/portalv1.com.br\/app\/wp-content\/uploads\/2016\/03\/018.jpg\" alt=\"018\" width=\"270\" height=\"480\" \/><\/a> <a href=\"https:\/\/portalv1.com.br\/app\/wp-content\/uploads\/2016\/03\/019.jpg\" rel=\"attachment wp-att-23285\"><img loading=\"lazy\" decoding=\"async\" class=\"aligncenter size-large wp-image-23285\" src=\"https:\/\/portalv1.com.br\/app\/wp-content\/uploads\/2016\/03\/019.jpg\" alt=\"019\" width=\"270\" height=\"480\" \/><\/a> <a href=\"https:\/\/portalv1.com.br\/app\/wp-content\/uploads\/2016\/03\/021.jpg\" rel=\"attachment wp-att-23286\"><img loading=\"lazy\" decoding=\"async\" class=\"aligncenter size-large wp-image-23286\" src=\"https:\/\/portalv1.com.br\/app\/wp-content\/uploads\/2016\/03\/021-640x360.jpg\" alt=\"021\" width=\"640\" height=\"360\" srcset=\"https:\/\/portalv1.com.br\/app\/wp-content\/uploads\/2016\/03\/021.jpg 640w, https:\/\/portalv1.com.br\/app\/wp-content\/uploads\/2016\/03\/021-300x169.jpg 300w\" sizes=\"auto, (max-width: 640px) 100vw, 640px\" \/><\/a><\/p>\n","protected":false},"excerpt":{"rendered":"<p>Uma a\u00e7\u00e3o integrada das pol\u00edcias civil e militar de Valen\u00e7a resultou na pris\u00e3o de suspeitos de furto e recepta\u00e7\u00e3o de motocicletas e suas respectivas pe\u00e7as e acess\u00f3rios. As motocicletas haviam&#8230;<\/p>\n","protected":false},"author":1,"featured_media":23283,"comment_status":"open","ping_status":"open","sticky":false,"template":"","format":"standard","meta":{"ngg_post_thumbnail":0,"footnotes":""},"categories":[12],"tags":[],"class_list":["post-23281","post","type-post","status-publish","format-standard","has-post-thumbnail","hentry","category-valenca-news"],"views":1915,"meta_data":{"thumb":"https:\/\/portalv1.com.br\/app\/wp-content\/uploads\/2016\/03\/020.jpg","imagem":{"fullsize":{"url":"https:\/\/portalv1.com.br\/app\/wp-content\/uploads\/2016\/03\/020.jpg","width":640,"height":360},"thumbnail":{"url":"https:\/\/portalv1.com.br\/app\/wp-content\/uploads\/2016\/03\/020-100x100.jpg","width":100,"height":100},"medium":{"url":"https:\/\/portalv1.com.br\/app\/wp-content\/uploads\/2016\/03\/020-300x169.jpg","width":300,"height":169},"large":{"url":"https:\/\/portalv1.com.br\/app\/wp-content\/uploads\/2016\/03\/020-640x360.jpg","width":640,"height":360}},"data":{"simple":"29\/03\/2016","date_time":"29\/03\/2016 14:15:28","date":"h\u00e1 10 anos"},"chapeu":"Policia em a\u00e7\u00e3o ","source":"slide"},"_links":{"self":[{"href":"https:\/\/portalv1.com.br\/api\/wp\/v2\/posts\/23281","targetHints":{"allow":["GET"]}}],"collection":[{"href":"https:\/\/portalv1.com.br\/api\/wp\/v2\/posts"}],"about":[{"href":"https:\/\/portalv1.com.br\/api\/wp\/v2\/types\/post"}],"author":[{"embeddable":true,"href":"https:\/\/portalv1.com.br\/api\/wp\/v2\/users\/1"}],"replies":[{"embeddable":true,"href":"https:\/\/portalv1.com.br\/api\/wp\/v2\/comments?post=23281"}],"version-history":[{"count":0,"href":"https:\/\/portalv1.com.br\/api\/wp\/v2\/posts\/23281\/revisions"}],"wp:featuredmedia":[{"embeddable":true,"href":"https:\/\/portalv1.com.br\/api\/wp\/v2\/media\/23283"}],"wp:attachment":[{"href":"https:\/\/portalv1.com.br\/api\/wp\/v2\/media?parent=23281"}],"wp:term":[{"taxonomy":"category","embeddable":true,"href":"https:\/\/portalv1.com.br\/api\/wp\/v2\/categories?post=23281"},{"taxonomy":"post_tag","embeddable":true,"href":"https:\/\/portalv1.com.br\/api\/wp\/v2\/tags?post=23281"}],"curies":[{"name":"wp","href":"https:\/\/api.w.org\/{rel}","templated":true}]}}