{"id":23288,"date":"2016-03-29T17:52:27","date_gmt":"2016-03-29T20:52:27","guid":{"rendered":"https:\/\/portalv1.com.br\/?p=23288"},"modified":"2016-03-29T17:52:38","modified_gmt":"2016-03-29T20:52:38","slug":"projeto-viva-o-semiarido-ira-beneficiar-regiao-valenciana","status":"publish","type":"post","link":"https:\/\/portalv1.com.br\/projeto-viva-o-semiarido-ira-beneficiar-regiao-valenciana\/","title":{"rendered":"Projeto Viva o Semi\u00e1rido ir\u00e1 beneficiar regi\u00e3o valenciana"},"content":{"rendered":"<figure id=\"attachment_23289\" aria-describedby=\"caption-attachment-23289\" style=\"width: 640px\" class=\"wp-caption aligncenter\"><a href=\"https:\/\/portalv1.com.br\/app\/wp-content\/uploads\/2016\/03\/dsc_0038.jpg\" rel=\"attachment wp-att-23289\"><img loading=\"lazy\" decoding=\"async\" class=\"size-large wp-image-23289\" src=\"https:\/\/portalv1.com.br\/app\/wp-content\/uploads\/2016\/03\/dsc_0038-640x427.jpg\" alt=\"Secret\u00e1rio do Desenvolvimento Rural do Piau\u00ed, Francisco Lima, durante lan\u00e7amento do projeto na regi\u00e3o valenciana ano passado. \" width=\"640\" height=\"427\" srcset=\"https:\/\/portalv1.com.br\/app\/wp-content\/uploads\/2016\/03\/dsc_0038.jpg 640w, https:\/\/portalv1.com.br\/app\/wp-content\/uploads\/2016\/03\/dsc_0038-300x200.jpg 300w\" sizes=\"auto, (max-width: 640px) 100vw, 640px\" \/><\/a><figcaption id=\"caption-attachment-23289\" class=\"wp-caption-text\">Secret\u00e1rio do Desenvolvimento Rural do Piau\u00ed, Francisco Lima, durante lan\u00e7amento do projeto na regi\u00e3o valenciana ano passado.<\/figcaption><\/figure>\n<p>O ato de assinatura de conv\u00eanios com entidades para execu\u00e7\u00e3o de Planos de Neg\u00f3cios Estrat\u00e9gicos das Cadeias Produtivas da Cajucultura, Ovinocultura e Apicultura no \u00e2mbito do Projeto Viva o Semi\u00e1rido foi realizado nesta ter\u00e7a-feira (29), no Sal\u00e3o Azul do Pal\u00e1cio de Karnak .<\/p>\n<p>O Viva o Semi\u00e1rido \u00e9 executado pelo Governo do Estado, por meio da Diretoria de Combate \u00e0 Pobreza Rural da Secretaria do Desenvolvimento Rural, e tem como objetivo incentivar o desenvolvimento das principais cadeias produtivas dos quatro territ\u00f3rios piauienses, como a ovinocaprinocultura, piscicultura, cajucultura, quintais produtivos, artesanato, dentre outras nestas \u00e1reas.<\/p>\n<p>&#8220;Queremos recuperar o que a seca danificou e fazer a inclus\u00e3o de novos produtores de modo a estabelecer um maior aproveitamento, no caso da cajucultura, tanto da castanha como do ped\u00fanculo do caju, de forma moderna, com o uso da tecnologia adequada; incentivar a cria\u00e7\u00e3o de abelhas para a produ\u00e7\u00e3o de mel e a cria\u00e7\u00e3o de caprinos e ovinos, tamb\u00e9m pensando num ciclo completo at\u00e9 a industrializa\u00e7\u00e3o da carne, do couro. Enfim, e com essa estrutura\u00e7\u00e3o, que inclui jovens e mulheres, garantir a movimenta\u00e7\u00e3o de recursos na economia, gerando emprego, renda,\u00a0 contemplando\u00a0 cerca de 800 fam\u00edlias que est\u00e3o envolvidas nesses projetos\u201d, destacou o governador Wellington Dias.<\/p>\n<p>Segundo o secret\u00e1rio do Desenvolvimento Rural do Piau\u00ed, Francisco Lima, al\u00e9m de melhorar a produ\u00e7\u00e3o, o Projeto Viva o Semi\u00e1rido vai fortalecer a comercializa\u00e7\u00e3o, agregando valor aos produtos.<\/p>\n<p>Ao todo, 17 munic\u00edpios e 3 entidades \u00e2ncoras est\u00e3o sendo beneficiados pelo Projeto Viva o Semi\u00e1rido.<\/p>\n<p>\u201cVoc\u00ea tem de um lado a Coomapi que atua com a produ\u00e7\u00e3o de mel na \u00e1rea da apicultura, que al\u00e9m dos produtores que j\u00e1 est\u00e3o produzindo, est\u00e1 inserindo novos produtores. Tem a AscoBet\u00e2nia, que \u00e9 um projeto na \u00e1rea de ovino e caprinocultura, e tem a Cocajupi que \u00e9 na \u00e1rea de fortalecimento da cajucultura,\u00a0 sempre\u00a0 nesse segmento de apoiar a estrutura\u00e7\u00e3o dos que j\u00e1 est\u00e3o inseridos na atividade com equipamentos, com melhoria da agroind\u00fastria ou com apoio \u00e0 estrutura\u00e7\u00e3o do mercado, e tamb\u00e9m incluindo novos produtores na atividade. A estrat\u00e9gia \u00e9 n\u00e3o deixar que os projetos fiquem pulverizados, isolados. Eles j\u00e1 nascem dentro de uma estrat\u00e9gia anterior que est\u00e1 sendo conduzida, objetivando incrementar a produ\u00e7\u00e3o, melhorar a conviv\u00eancia com o Semi\u00e1rido e fortalecer a organiza\u00e7\u00e3o, sobretudo para a agrega\u00e7\u00e3o de valor e a comercializa\u00e7\u00e3o de produtos dos agricultores familiares que vivem nessa regi\u00e3o&#8221;, ressaltou o secret\u00e1rio.<\/p>\n<p>O presidente da Central de Cooperativas de Cajucultores do Estado do Piau\u00ed (Coocajupi), Jocibel Bezerra, falou sobre a satisfa\u00e7\u00e3o em participar do projeto.<\/p>\n<p>\u201cNa verdade, faltam palavras para expressar a import\u00e2ncia desse momento. N\u00f3s, que somos da agricultura familiar e temos como fonte de renda principal a cajucultura, estamos hoje tendo a oportunidade de\u00a0 buscar, por meio desse projeto, a profissionaliza\u00e7\u00e3o da cadeia produtiva do caju.\u00a0 Nesses tr\u00eas ou quatro anos tivemos um \u201cbaque\u201d muito grande com a perda de, praticamente, 50%\u00a0 dos nossos pomares e, com esse projeto, a gente come\u00e7a a revitaliza\u00e7\u00e3o das planta\u00e7\u00f5es. Vamos ter a oportunidade de revitalizar, de forma diferenciada, pois n\u00e3o \u00e9 um projeto que visa apenas \u00e0 distribui\u00e7\u00e3o de muda, mas tamb\u00e9m \u00e0 assist\u00eancia t\u00e9cnica. Sabemos que, para se ter um bom pomar, a gente precisa da assist\u00eancia t\u00e9cnica, m\u00e1quinas para fazer os tratos culturais, tamb\u00e9m a industrializa\u00e7\u00e3o, enfim, \u00e9 um projeto que vem para mudar a vida do cajucultor\u201d, afirmou Jocibel Bezerra.<\/p>\n<p>O governador disse acreditar que, por meio desse projeto, seja poss\u00edvel melhorar a qualidade de vida da popula\u00e7\u00e3o que vive no Semi\u00e1rido piauiense. \u201cEu acredito que com isso n\u00f3s vamos alcan\u00e7ar um padr\u00e3o de vida melhor no Semi\u00e1rido e aqui \u00e9 s\u00f3 um come\u00e7o, Na verdade, a gente est\u00e1 potencializando para poder ter uma renda maior \u00e0 quem j\u00e1 tinha uma atividade dessa na \u00e1rea do caju, na \u00e1rea da produ\u00e7\u00e3o de mel, produ\u00e7\u00e3o de bode e ovelha, mas tamb\u00e9m, incluindo novas pessoas que n\u00e3o tinham renda ou tinham uma renda muito baixa e agora passam tamb\u00e9m a entrar num ciclo seguro.\u00a0 Vamos caminhar a partir de agora para outras cadeias produtivas,\u00a0 a da piscicultura, ou seja, cria\u00e7\u00e3o, na produ\u00e7\u00e3o de peixe e industrializa\u00e7\u00e3o e tamb\u00e9m outras \u00e1reas, mas acho que agora n\u00e3o vamos parar.\u00a0 A ideia \u00e9 fazer circular. S\u00e3o cerca de 40 milh\u00f5es de d\u00f3lares que estaremos aplicando agora em 2016\/2017, em todo o Semi\u00e1rido\u201d, destacou Dias.<\/p>\n<p>A sede do projeto em Valen\u00e7a funcionar\u00e1 no pr\u00e9dio do Emater, cuja sala passou recentemente por uma reforma.<\/p>\n","protected":false},"excerpt":{"rendered":"<p>O ato de assinatura de conv\u00eanios com entidades para execu\u00e7\u00e3o de Planos de Neg\u00f3cios Estrat\u00e9gicos das Cadeias Produtivas da Cajucultura, Ovinocultura e Apicultura no \u00e2mbito do Projeto Viva o Semi\u00e1rido&#8230;<\/p>\n","protected":false},"author":1,"featured_media":23289,"comment_status":"open","ping_status":"open","sticky":false,"template":"","format":"standard","meta":{"ngg_post_thumbnail":0,"footnotes":""},"categories":[12],"tags":[],"class_list":["post-23288","post","type-post","status-publish","format-standard","has-post-thumbnail","hentry","category-valenca-news"],"views":311,"meta_data":{"thumb":"https:\/\/portalv1.com.br\/app\/wp-content\/uploads\/2016\/03\/dsc_0038.jpg","imagem":{"fullsize":{"url":"https:\/\/portalv1.com.br\/app\/wp-content\/uploads\/2016\/03\/dsc_0038.jpg","width":640,"height":427},"thumbnail":{"url":"https:\/\/portalv1.com.br\/app\/wp-content\/uploads\/2016\/03\/dsc_0038-100x100.jpg","width":100,"height":100},"medium":{"url":"https:\/\/portalv1.com.br\/app\/wp-content\/uploads\/2016\/03\/dsc_0038-300x200.jpg","width":300,"height":200},"large":{"url":"https:\/\/portalv1.com.br\/app\/wp-content\/uploads\/2016\/03\/dsc_0038-640x427.jpg","width":640,"height":427}},"data":{"simple":"29\/03\/2016","date_time":"29\/03\/2016 14:52:27","date":"h\u00e1 10 anos"},"chapeu":"Investimento ","source":"m_destacada"},"_links":{"self":[{"href":"https:\/\/portalv1.com.br\/api\/wp\/v2\/posts\/23288","targetHints":{"allow":["GET"]}}],"collection":[{"href":"https:\/\/portalv1.com.br\/api\/wp\/v2\/posts"}],"about":[{"href":"https:\/\/portalv1.com.br\/api\/wp\/v2\/types\/post"}],"author":[{"embeddable":true,"href":"https:\/\/portalv1.com.br\/api\/wp\/v2\/users\/1"}],"replies":[{"embeddable":true,"href":"https:\/\/portalv1.com.br\/api\/wp\/v2\/comments?post=23288"}],"version-history":[{"count":0,"href":"https:\/\/portalv1.com.br\/api\/wp\/v2\/posts\/23288\/revisions"}],"wp:featuredmedia":[{"embeddable":true,"href":"https:\/\/portalv1.com.br\/api\/wp\/v2\/media\/23289"}],"wp:attachment":[{"href":"https:\/\/portalv1.com.br\/api\/wp\/v2\/media?parent=23288"}],"wp:term":[{"taxonomy":"category","embeddable":true,"href":"https:\/\/portalv1.com.br\/api\/wp\/v2\/categories?post=23288"},{"taxonomy":"post_tag","embeddable":true,"href":"https:\/\/portalv1.com.br\/api\/wp\/v2\/tags?post=23288"}],"curies":[{"name":"wp","href":"https:\/\/api.w.org\/{rel}","templated":true}]}}