{"id":23311,"date":"2016-04-01T20:58:23","date_gmt":"2016-04-01T23:58:23","guid":{"rendered":"https:\/\/portalv1.com.br\/?p=23311"},"modified":"2016-06-04T12:27:06","modified_gmt":"2016-06-04T15:27:06","slug":"vacina-contra-o-hpv-ja-esta-disponivel-nos-postos-de-valenca","status":"publish","type":"post","link":"https:\/\/portalv1.com.br\/vacina-contra-o-hpv-ja-esta-disponivel-nos-postos-de-valenca\/","title":{"rendered":"Vereador Jos\u00e9 Itamar trocou o PMDB pelo Solidariedade"},"content":{"rendered":"<figure id=\"attachment_17836\" aria-describedby=\"caption-attachment-17836\" style=\"width: 640px\" class=\"wp-caption aligncenter\"><a href=\"https:\/\/portalv1.com.br\/app\/wp-content\/uploads\/2014\/03\/jose-itamar.jpg\"><img loading=\"lazy\" decoding=\"async\" class=\"size-full wp-image-17836\" src=\"https:\/\/portalv1.com.br\/app\/wp-content\/uploads\/2014\/03\/jose-itamar.jpg\" alt=\"Vereador Jos\u00e9 Itamar\" width=\"640\" height=\"480\" srcset=\"https:\/\/portalv1.com.br\/app\/wp-content\/uploads\/2014\/03\/jose-itamar.jpg 640w, https:\/\/portalv1.com.br\/app\/wp-content\/uploads\/2014\/03\/jose-itamar-300x225.jpg 300w\" sizes=\"auto, (max-width: 640px) 100vw, 640px\" \/><\/a><figcaption id=\"caption-attachment-17836\" class=\"wp-caption-text\">Vereador Jos\u00e9 Itamar<\/figcaption><\/figure>\n<p>O vereador Jos\u00e9 Itamar \u00e9 o mais novo integrante do Partido Solidariedade de Valen\u00e7a do Piaui. O vereador deixou o PMDB nesta quarta-feira, 31 de mar\u00e7o e se filiou ao Solidariedade do pr\u00e9-candidato Marcelo Costa.<\/p>\n<p>Jos\u00e9 Itamar que j\u00e1 foi presidente da c\u00e2mara de vereadores \u00e9 o atual presidente da Subse\u00e7\u00e3o da OAB de Valen\u00e7a. A mudan\u00e7a faz parte de uma s\u00e9rie de acontecimentos que est\u00e3o acontecendo em Valen\u00e7a com vistas \u00e0s elei\u00e7\u00f5es de outubro pr\u00f3ximo.<\/p>\n","protected":false},"excerpt":{"rendered":"<p>O vereador Jos\u00e9 Itamar \u00e9 o mais novo integrante do Partido Solidariedade de Valen\u00e7a do Piaui. O vereador deixou o PMDB nesta quarta-feira, 31 de mar\u00e7o e se filiou ao&#8230;<\/p>\n","protected":false},"author":1,"featured_media":0,"comment_status":"open","ping_status":"open","sticky":false,"template":"","format":"standard","meta":{"ngg_post_thumbnail":0,"footnotes":""},"categories":[12],"tags":[],"class_list":["post-23311","post","type-post","status-publish","format-standard","hentry","category-valenca-news"],"views":246,"meta_data":{"thumb":null,"imagem":{"fullsize":{"url":"https:\/\/portalv1.com.br\/app\/wp-content\/uploads\/2016\/04\/hpv.jpeg","width":475,"height":240},"thumbnail":{"url":"https:\/\/portalv1.com.br\/app\/wp-content\/uploads\/2016\/04\/hpv-100x100.jpeg","width":100,"height":100},"medium":{"url":"https:\/\/portalv1.com.br\/app\/wp-content\/uploads\/2016\/04\/hpv-300x152.jpeg","width":300,"height":152}},"data":{"simple":"01\/04\/2016","date_time":"01\/04\/2016 17:58:23","date":"h\u00e1 10 anos"},"chapeu":"Meninas de 9 a 13 anos","source":"foto_menor"},"_links":{"self":[{"href":"https:\/\/portalv1.com.br\/api\/wp\/v2\/posts\/23311","targetHints":{"allow":["GET"]}}],"collection":[{"href":"https:\/\/portalv1.com.br\/api\/wp\/v2\/posts"}],"about":[{"href":"https:\/\/portalv1.com.br\/api\/wp\/v2\/types\/post"}],"author":[{"embeddable":true,"href":"https:\/\/portalv1.com.br\/api\/wp\/v2\/users\/1"}],"replies":[{"embeddable":true,"href":"https:\/\/portalv1.com.br\/api\/wp\/v2\/comments?post=23311"}],"version-history":[{"count":0,"href":"https:\/\/portalv1.com.br\/api\/wp\/v2\/posts\/23311\/revisions"}],"wp:attachment":[{"href":"https:\/\/portalv1.com.br\/api\/wp\/v2\/media?parent=23311"}],"wp:term":[{"taxonomy":"category","embeddable":true,"href":"https:\/\/portalv1.com.br\/api\/wp\/v2\/categories?post=23311"},{"taxonomy":"post_tag","embeddable":true,"href":"https:\/\/portalv1.com.br\/api\/wp\/v2\/tags?post=23311"}],"curies":[{"name":"wp","href":"https:\/\/api.w.org\/{rel}","templated":true}]}}