{"id":233231,"date":"2025-04-30T18:22:47","date_gmt":"2025-04-30T21:22:47","guid":{"rendered":"https:\/\/portalv1.com.br\/?p=233231"},"modified":"2025-04-30T18:22:50","modified_gmt":"2025-04-30T21:22:50","slug":"policia-federal-realiza-operacao-contra-abuso-sexual-na-internet-em-lagoa-do-sitio-e-outras-cidades","status":"publish","type":"post","link":"https:\/\/portalv1.com.br\/policia-federal-realiza-operacao-contra-abuso-sexual-na-internet-em-lagoa-do-sitio-e-outras-cidades\/","title":{"rendered":"Policia Federal realiza opera\u00e7\u00e3o contra abuso sexual na internet em Lagoa do S\u00edtio e outras cidades"},"content":{"rendered":"\n<p>A Pol\u00edcia Federal deflagrou, nestas ter\u00e7a (29) e quarta-feira (30), as Opera\u00e7\u00f5es Carcar\u00e1 18, 19, 20, 21 e 22, com o objetivo de combater crimes de abuso sexual infantojuvenil, especialmente na internet. Foram cumpridos oito mandados de busca e apreens\u00e3o nas cidades de Lagoa do S\u00edtio, Alagoinha do Piau\u00ed, Floriano e Parana\u00edba.<\/p>\n\n\n\n<p>A a\u00e7\u00e3o policial ainda incluiu a produ\u00e7\u00e3o, armazenamento e compartilhamento<\/p>\n\n\n\n<p>As opera\u00e7\u00f5es s\u00e3o parte de investiga\u00e7\u00f5es distintas, mas todas relacionadas ao mesmo tipo de crime. Os alvos, que n\u00e3o possuem conex\u00e3o entre si, poder\u00e3o responder por crimes de produ\u00e7\u00e3o, posse e compartilhamento de conte\u00fado de viol\u00eancia sexual contra crian\u00e7as e adolescentes, al\u00e9m de estupro de vulner\u00e1vel.<\/p>\n\n\n\n<p>O principal foco das a\u00e7\u00f5es \u00e9 identificar v\u00edtimas, interromper a circula\u00e7\u00e3o de conte\u00fado criminoso e responsabilizar os envolvidos, refor\u00e7ando o compromisso da Pol\u00edcia Federal com a repress\u00e3o a esse tipo de delito.<\/p>\n\n\n<figure class=\"wp-block-post-featured-image\"><img loading=\"lazy\" decoding=\"async\" width=\"790\" height=\"444\" src=\"https:\/\/portalv1.com.br\/app\/wp-content\/uploads\/2025\/04\/IMG-20250430-WA0060.jpg\" class=\"attachment-post-thumbnail size-post-thumbnail wp-post-image\" alt=\"\" style=\"object-fit:cover;\" srcset=\"https:\/\/portalv1.com.br\/app\/wp-content\/uploads\/2025\/04\/IMG-20250430-WA0060.jpg 790w, https:\/\/portalv1.com.br\/app\/wp-content\/uploads\/2025\/04\/IMG-20250430-WA0060-300x169.jpg 300w, https:\/\/portalv1.com.br\/app\/wp-content\/uploads\/2025\/04\/IMG-20250430-WA0060-640x360.jpg 640w, https:\/\/portalv1.com.br\/app\/wp-content\/uploads\/2025\/04\/IMG-20250430-WA0060-768x432.jpg 768w\" sizes=\"auto, (max-width: 790px) 100vw, 790px\" \/><\/figure>\n\n\n<p>Fonte cidadeverde <\/p>\n","protected":false},"excerpt":{"rendered":"<p>A Pol\u00edcia Federal deflagrou, nestas ter\u00e7a (29) e quarta-feira (30), as Opera\u00e7\u00f5es Carcar\u00e1 18, 19, 20, 21 e 22, com o objetivo de combater crimes de abuso sexual infantojuvenil, especialmente&#8230;<\/p>\n","protected":false},"author":1,"featured_media":233232,"comment_status":"open","ping_status":"open","sticky":false,"template":"","format":"standard","meta":{"ngg_post_thumbnail":0,"footnotes":""},"categories":[243],"tags":[],"class_list":["post-233231","post","type-post","status-publish","format-standard","has-post-thumbnail","hentry","category-geral"],"views":716,"meta_data":{"thumb":"https:\/\/portalv1.com.br\/app\/wp-content\/uploads\/2025\/04\/IMG-20250430-WA0060.jpg","imagem":{"fullsize":{"url":"https:\/\/portalv1.com.br\/app\/wp-content\/uploads\/2025\/04\/IMG-20250430-WA0060.jpg","width":790,"height":444},"medium":{"url":"https:\/\/portalv1.com.br\/app\/wp-content\/uploads\/2025\/04\/IMG-20250430-WA0060-300x169.jpg","width":300,"height":169},"large":{"url":"https:\/\/portalv1.com.br\/app\/wp-content\/uploads\/2025\/04\/IMG-20250430-WA0060-640x360.jpg","width":640,"height":360},"thumbnail":{"url":"https:\/\/portalv1.com.br\/app\/wp-content\/uploads\/2025\/04\/IMG-20250430-WA0060-100x100.jpg","width":100,"height":100},"medium_large":{"url":"https:\/\/portalv1.com.br\/app\/wp-content\/uploads\/2025\/04\/IMG-20250430-WA0060-768x432.jpg","width":768,"height":432}},"data":{"simple":"30\/04\/2025","date_time":"30\/04\/2025 15:22:47","date":"h\u00e1 12 meses"},"chapeu":"Opera\u00e7\u00e3o Carcar\u00e1","source":"slide"},"_links":{"self":[{"href":"https:\/\/portalv1.com.br\/api\/wp\/v2\/posts\/233231","targetHints":{"allow":["GET"]}}],"collection":[{"href":"https:\/\/portalv1.com.br\/api\/wp\/v2\/posts"}],"about":[{"href":"https:\/\/portalv1.com.br\/api\/wp\/v2\/types\/post"}],"author":[{"embeddable":true,"href":"https:\/\/portalv1.com.br\/api\/wp\/v2\/users\/1"}],"replies":[{"embeddable":true,"href":"https:\/\/portalv1.com.br\/api\/wp\/v2\/comments?post=233231"}],"version-history":[{"count":0,"href":"https:\/\/portalv1.com.br\/api\/wp\/v2\/posts\/233231\/revisions"}],"wp:featuredmedia":[{"embeddable":true,"href":"https:\/\/portalv1.com.br\/api\/wp\/v2\/media\/233232"}],"wp:attachment":[{"href":"https:\/\/portalv1.com.br\/api\/wp\/v2\/media?parent=233231"}],"wp:term":[{"taxonomy":"category","embeddable":true,"href":"https:\/\/portalv1.com.br\/api\/wp\/v2\/categories?post=233231"},{"taxonomy":"post_tag","embeddable":true,"href":"https:\/\/portalv1.com.br\/api\/wp\/v2\/tags?post=233231"}],"curies":[{"name":"wp","href":"https:\/\/api.w.org\/{rel}","templated":true}]}}