{"id":23337,"date":"2016-04-06T18:33:20","date_gmt":"2016-04-06T21:33:20","guid":{"rendered":"https:\/\/portalv1.com.br\/?p=23337"},"modified":"2016-04-08T22:37:24","modified_gmt":"2016-04-09T01:37:24","slug":"cinco-vereadores-mudaram-de-partido-em-valenca-veja-relacao","status":"publish","type":"post","link":"https:\/\/portalv1.com.br\/cinco-vereadores-mudaram-de-partido-em-valenca-veja-relacao\/","title":{"rendered":"Cinco vereadores mudaram de partido em Valen\u00e7a. Veja rela\u00e7\u00e3o"},"content":{"rendered":"<figure id=\"attachment_23338\" aria-describedby=\"caption-attachment-23338\" style=\"width: 601px\" class=\"wp-caption aligncenter\"><a href=\"https:\/\/portalv1.com.br\/app\/wp-content\/uploads\/2016\/04\/vereadores.jpg\" rel=\"attachment wp-att-23338\"><img loading=\"lazy\" decoding=\"async\" class=\"wp-image-23338 size-full\" src=\"https:\/\/portalv1.com.br\/app\/wp-content\/uploads\/2016\/04\/vereadores.jpg\" alt=\"Vereadores de Valen\u00e7a  faltando a ver. Edilsa do Vale\" width=\"601\" height=\"400\" srcset=\"https:\/\/portalv1.com.br\/app\/wp-content\/uploads\/2016\/04\/vereadores.jpg 601w, https:\/\/portalv1.com.br\/app\/wp-content\/uploads\/2016\/04\/vereadores-300x200.jpg 300w\" sizes=\"auto, (max-width: 601px) 100vw, 601px\" \/><\/a><figcaption id=\"caption-attachment-23338\" class=\"wp-caption-text\">Vereadores de Valen\u00e7a faltando a ver. Edilsa do Vale<\/figcaption><\/figure>\n<p>Em Valen\u00e7a 05 dos 11 vereadores aproveitaram a janela aberta pela minirreforma eleitoral para mudar de partido. O vereador Ben\u00e9 da Caixa deixou o PSB para comandar o PRB da vice-prefeita Paula Jeanne que por sua vez acompanhar\u00e1 seu esposo delegado Marllos Sampaio que ser\u00e1 candidato a prefeito em Esperantina.<\/p>\n<p>O vereador Jos\u00e9 Itamar saiu do PMDB para se filiar ao Solidariedade. Valdefran Vieira deixou o PSD para se filiar ao PP e a vereadora Cei\u00e7a Dias dois dias ap\u00f3s assumir a presid\u00eancia do PSB saiu do partido para se filiar ao PTC. A vereadora Edilsa do Vale ainda em 2015 j\u00e1 havia deixado o PP para se filiar ao PMDB.<\/p>\n<p>Outra mudan\u00e7a significativa no Legislativo Municipal se deu com a perman\u00eancia da vereadora Ielva Mel\u00e3o a frente da Secretaria de Sa\u00fade. Para ser candidata, a vereadora teria que se afastar da secretaria at\u00e9 o \u00faltimo s\u00e1bado (2) data limite para os secret\u00e1rios municipais se afastarem dos cargos para concorrer a uma vaga de vereador.<\/p>\n<p>Com a sua perman\u00eancia na secret\u00e1ria, Ielva Mel\u00e3o s\u00f3 poder\u00e1 se candidatar ao cargo de prefeito ou vice, cuja decis\u00e3o precisa ser tomada at\u00e9 o dia 2 de julho, quatro meses antes do pleito. Para o seu lugar, o PPS indicou como pr\u00e9-candidato a vereador o empres\u00e1rio St\u00eanio Rommel.<\/p>\n<p>A decis\u00e3o da vereadora em permanecer na secretaria de sa\u00fade beneficiou ainda o vereador Jeov\u00e1 Bonfim que ocupa a vaga da vereadora Ielva Mel\u00e3o.<\/p>\n<p>Se no parlamento cinco vereadores mudaram de sigla partid\u00e1ria para concorrer \u00e0s elei\u00e7\u00f5es no Executivo nenhuma mudan\u00e7a foi realizada. Dos 10 secret\u00e1rios municipais nenhum se afastou para concorrer ao cargo de vereador restando ainda a op\u00e7\u00e3o de prefeito e vice-prefeito.<\/p>\n<p>Outro que n\u00e3o ir\u00e1 se candidatar \u00e0 reelei\u00e7\u00e3o \u00e9 o prefeito Walfredo Filho que pela legisla\u00e7\u00e3o teria esse direito. O prefeito j\u00e1 anunciou que sua candidata a prefeito \u00e9 a vereadora Cei\u00e7a Dias.<\/p>\n","protected":false},"excerpt":{"rendered":"<p>Em Valen\u00e7a 05 dos 11 vereadores aproveitaram a janela aberta pela minirreforma eleitoral para mudar de partido. O vereador Ben\u00e9 da Caixa deixou o PSB para comandar o PRB da&#8230;<\/p>\n","protected":false},"author":1,"featured_media":23338,"comment_status":"open","ping_status":"open","sticky":false,"template":"","format":"standard","meta":{"ngg_post_thumbnail":0,"footnotes":""},"categories":[12],"tags":[],"class_list":["post-23337","post","type-post","status-publish","format-standard","has-post-thumbnail","hentry","category-valenca-news"],"views":1116,"meta_data":{"thumb":"https:\/\/portalv1.com.br\/app\/wp-content\/uploads\/2016\/04\/vereadores.jpg","imagem":{"fullsize":{"url":"https:\/\/portalv1.com.br\/app\/wp-content\/uploads\/2016\/04\/vereadores.jpg","width":601,"height":400},"thumbnail":{"url":"https:\/\/portalv1.com.br\/app\/wp-content\/uploads\/2016\/04\/vereadores-100x100.jpg","width":100,"height":100},"medium":{"url":"https:\/\/portalv1.com.br\/app\/wp-content\/uploads\/2016\/04\/vereadores-300x200.jpg","width":300,"height":200}},"data":{"simple":"06\/04\/2016","date_time":"06\/04\/2016 15:33:20","date":"h\u00e1 10 anos"},"chapeu":"Elei\u00e7\u00f5es 2015","source":"foto_menor"},"_links":{"self":[{"href":"https:\/\/portalv1.com.br\/api\/wp\/v2\/posts\/23337","targetHints":{"allow":["GET"]}}],"collection":[{"href":"https:\/\/portalv1.com.br\/api\/wp\/v2\/posts"}],"about":[{"href":"https:\/\/portalv1.com.br\/api\/wp\/v2\/types\/post"}],"author":[{"embeddable":true,"href":"https:\/\/portalv1.com.br\/api\/wp\/v2\/users\/1"}],"replies":[{"embeddable":true,"href":"https:\/\/portalv1.com.br\/api\/wp\/v2\/comments?post=23337"}],"version-history":[{"count":0,"href":"https:\/\/portalv1.com.br\/api\/wp\/v2\/posts\/23337\/revisions"}],"wp:featuredmedia":[{"embeddable":true,"href":"https:\/\/portalv1.com.br\/api\/wp\/v2\/media\/23338"}],"wp:attachment":[{"href":"https:\/\/portalv1.com.br\/api\/wp\/v2\/media?parent=23337"}],"wp:term":[{"taxonomy":"category","embeddable":true,"href":"https:\/\/portalv1.com.br\/api\/wp\/v2\/categories?post=23337"},{"taxonomy":"post_tag","embeddable":true,"href":"https:\/\/portalv1.com.br\/api\/wp\/v2\/tags?post=23337"}],"curies":[{"name":"wp","href":"https:\/\/api.w.org\/{rel}","templated":true}]}}