{"id":233636,"date":"2025-05-05T14:52:37","date_gmt":"2025-05-05T17:52:37","guid":{"rendered":"https:\/\/portalv1.com.br\/?p=233636"},"modified":"2025-05-05T16:37:55","modified_gmt":"2025-05-05T19:37:55","slug":"vaqueiros-se-preparam-para-a-3a-vaquejada-r-pio-ranch-com-premiacao-de-r-16-mil-em-sao-joao-da-canabrava","status":"publish","type":"post","link":"https:\/\/portalv1.com.br\/vaqueiros-se-preparam-para-a-3a-vaquejada-r-pio-ranch-com-premiacao-de-r-16-mil-em-sao-joao-da-canabrava\/","title":{"rendered":"Vaqueiros se preparam para a 3\u00aa Vaquejada R. Pio Ranch com premia\u00e7\u00e3o de R$ 16 mil em Concei\u00e7\u00e3o-Jo\u00e3o da Canabrava"},"content":{"rendered":"\n<p>Os vaqueiros da regi\u00e3o j\u00e1 est\u00e3o na contagem regressiva para a 3\u00aa edi\u00e7\u00e3o da Vaquejada R. Pio Ranch, que acontece de 23 a 25 de maio, no Parque Deusdeth Pio, em Concei\u00e7\u00e3o \u2013 S\u00e3o Jo\u00e3o da Canabrava.<\/p>\n\n\n\n<p>A expectativa este ano \u00e9 ainda maior, j\u00e1 que a vaquejada sediar\u00e1 a grande final do Circuito CRV, reunindo os melhores vaqueiros da temporada em busca do t\u00edtulo e das premia\u00e7\u00f5es, que ser\u00e3o duas motos + R$ 16 mil reais, prometendo reunir competidores de alto n\u00edvel! O circuito percorre diversas cidades da regi\u00e3o e \u00e9 um dos mais participativos do calend\u00e1rio de vaquejada do estado.<\/p>\n\n\n\n<p>Al\u00e9m das competi\u00e7\u00f5es, o evento contar\u00e1 com atra\u00e7\u00f5es musicais. No dia 24, o p\u00fablico poder\u00e1 curtir os shows de Dudu Rocha e Janny Santos, garantindo entretenimento para toda a fam\u00edlia.<\/p>\n\n\n\n<p>A organiza\u00e7\u00e3o est\u00e1 a cargo dos organizadores Dr. Renato Guilhermy Pio (89 99981-6394) e Dr. Igor Jos\u00e9 Pio (89 99935-6905) e fam\u00edlia que refor\u00e7am o convite aos amantes da vaquejada para prestigiar o evento que \u00e9 uma paix\u00e3o nordestina.<\/p>\n\n\n\n<figure class=\"wp-block-image size-large\"><img loading=\"lazy\" decoding=\"async\" width=\"640\" height=\"807\" src=\"https:\/\/portalv1.com.br\/app\/wp-content\/uploads\/2025\/05\/WhatsApp-Image-2025-05-05-at-10.43.22-640x807.jpeg\" alt=\"\" class=\"wp-image-233637\" srcset=\"https:\/\/portalv1.com.br\/app\/wp-content\/uploads\/2025\/05\/WhatsApp-Image-2025-05-05-at-10.43.22-640x807.jpeg 640w, https:\/\/portalv1.com.br\/app\/wp-content\/uploads\/2025\/05\/WhatsApp-Image-2025-05-05-at-10.43.22-300x378.jpeg 300w, https:\/\/portalv1.com.br\/app\/wp-content\/uploads\/2025\/05\/WhatsApp-Image-2025-05-05-at-10.43.22-768x968.jpeg 768w, https:\/\/portalv1.com.br\/app\/wp-content\/uploads\/2025\/05\/WhatsApp-Image-2025-05-05-at-10.43.22.jpeg 1170w\" sizes=\"auto, (max-width: 640px) 100vw, 640px\" \/><\/figure>\n","protected":false},"excerpt":{"rendered":"<p>Os vaqueiros da regi\u00e3o j\u00e1 est\u00e3o na contagem regressiva para a 3\u00aa edi\u00e7\u00e3o da Vaquejada R. Pio Ranch, que acontece de 23 a 25 de maio, no Parque Deusdeth Pio,&#8230;<\/p>\n","protected":false},"author":1,"featured_media":233638,"comment_status":"open","ping_status":"open","sticky":false,"template":"","format":"standard","meta":{"ngg_post_thumbnail":0,"footnotes":""},"categories":[243],"tags":[],"class_list":["post-233636","post","type-post","status-publish","format-standard","has-post-thumbnail","hentry","category-geral"],"views":405,"meta_data":{"thumb":"https:\/\/portalv1.com.br\/app\/wp-content\/uploads\/2025\/05\/WhatsApp-Image-2025-05-05-at-14.51.42.jpeg","imagem":{"fullsize":{"url":"https:\/\/portalv1.com.br\/app\/wp-content\/uploads\/2025\/05\/WhatsApp-Image-2025-05-05-at-14.51.42.jpeg","width":1170,"height":791},"medium":{"url":"https:\/\/portalv1.com.br\/app\/wp-content\/uploads\/2025\/05\/WhatsApp-Image-2025-05-05-at-14.51.42-300x203.jpeg","width":300,"height":203},"large":{"url":"https:\/\/portalv1.com.br\/app\/wp-content\/uploads\/2025\/05\/WhatsApp-Image-2025-05-05-at-14.51.42-640x433.jpeg","width":640,"height":433},"thumbnail":{"url":"https:\/\/portalv1.com.br\/app\/wp-content\/uploads\/2025\/05\/WhatsApp-Image-2025-05-05-at-14.51.42-100x100.jpeg","width":100,"height":100},"medium_large":{"url":"https:\/\/portalv1.com.br\/app\/wp-content\/uploads\/2025\/05\/WhatsApp-Image-2025-05-05-at-14.51.42-768x519.jpeg","width":768,"height":519}},"data":{"simple":"05\/05\/2025","date_time":"05\/05\/2025 11:52:37","date":"h\u00e1 12 meses"},"chapeu":"Dias 23, 24 e 25 de maio","source":"slide"},"_links":{"self":[{"href":"https:\/\/portalv1.com.br\/api\/wp\/v2\/posts\/233636","targetHints":{"allow":["GET"]}}],"collection":[{"href":"https:\/\/portalv1.com.br\/api\/wp\/v2\/posts"}],"about":[{"href":"https:\/\/portalv1.com.br\/api\/wp\/v2\/types\/post"}],"author":[{"embeddable":true,"href":"https:\/\/portalv1.com.br\/api\/wp\/v2\/users\/1"}],"replies":[{"embeddable":true,"href":"https:\/\/portalv1.com.br\/api\/wp\/v2\/comments?post=233636"}],"version-history":[{"count":0,"href":"https:\/\/portalv1.com.br\/api\/wp\/v2\/posts\/233636\/revisions"}],"wp:featuredmedia":[{"embeddable":true,"href":"https:\/\/portalv1.com.br\/api\/wp\/v2\/media\/233638"}],"wp:attachment":[{"href":"https:\/\/portalv1.com.br\/api\/wp\/v2\/media?parent=233636"}],"wp:term":[{"taxonomy":"category","embeddable":true,"href":"https:\/\/portalv1.com.br\/api\/wp\/v2\/categories?post=233636"},{"taxonomy":"post_tag","embeddable":true,"href":"https:\/\/portalv1.com.br\/api\/wp\/v2\/tags?post=233636"}],"curies":[{"name":"wp","href":"https:\/\/api.w.org\/{rel}","templated":true}]}}