{"id":233649,"date":"2025-05-05T21:42:29","date_gmt":"2025-05-06T00:42:29","guid":{"rendered":"https:\/\/portalv1.com.br\/?p=233649"},"modified":"2025-05-05T22:01:05","modified_gmt":"2025-05-06T01:01:05","slug":"alunos-do-ceti-maria-antonieta-e-ceti-santo-antonio-participam-de-palestra-da-campanha-maio-laranja","status":"publish","type":"post","link":"https:\/\/portalv1.com.br\/alunos-do-ceti-maria-antonieta-e-ceti-santo-antonio-participam-de-palestra-da-campanha-maio-laranja\/","title":{"rendered":"Alunos do Ceti Maria Antonieta e Ceti Santo Ant\u00f4nio participam de palestra da campanha Maio Laranja"},"content":{"rendered":"\n<p>Estudantes do Ceti Maria Antonieta e do Ceti Santo Ant\u00f4nio participaram, nesta segunda-feira (5), de uma palestra educativa sobre a campanha Maio Laranja iniciativa que visa conscientizar a sociedade sobre a preven\u00e7\u00e3o e o combate ao abuso e \u00e0 explora\u00e7\u00e3o sexual de crian\u00e7as e adolescentes.<\/p>\n\n\n\n<p>A atividade integra uma s\u00e9rie de a\u00e7\u00f5es promovidas pelo Governo do Estado, por meio de \u00f3rg\u00e3os como a Secretaria de Seguran\u00e7a P\u00fablica (SSP) e a Secretaria de Educa\u00e7\u00e3o (Seduc), com o objetivo de sensibilizar a popula\u00e7\u00e3o e oferecer ferramentas de prote\u00e7\u00e3o \u00e0s crian\u00e7as e adolescentes em todo o estado.<\/p>\n\n\n\n<p>A palestra foi realizada no Ceti Maria Antonieta e conduzida pelos servidores da SSP, Paula Moura e Teleno Nobre. Durante o encontro, os alunos receberam informa\u00e7\u00f5es sobre formas de preven\u00e7\u00e3o, identifica\u00e7\u00e3o de sinais de viol\u00eancia e canais de den\u00fancia.<\/p>\n\n\n\n<p>A diretora do Ceti Maria Antonieta, Elis\u00e2ngela Melo, ressaltou a relev\u00e2ncia do tema.<\/p>\n\n\n\n<p>\u201cEste momento refor\u00e7a a import\u00e2ncia do Maio Laranja, uma campanha nacional essencial no enfrentamento do abuso e da explora\u00e7\u00e3o sexual de crian\u00e7as e adolescentes. A presen\u00e7a da Secretaria de Seguran\u00e7a P\u00fablica soma-se ao trabalho que j\u00e1 realizamos nas escolas e representa um passo fundamental para informar, sensibilizar e mobilizar nossa comunidade escolar\u201d destacou.<\/p>\n\n\n\n<p>Ela concluiu enfatizando o papel ativo da sociedade:<\/p>\n\n\n\n<p>\u201cMais do que uma data no calend\u00e1rio, o Maio Laranja \u00e9 um chamado \u00e0 a\u00e7\u00e3o. \u00c9 o momento de romper o sil\u00eancio, abrir espa\u00e7os para o di\u00e1logo e fortalecer as redes de prote\u00e7\u00e3o \u00e0s nossas crian\u00e7as e adolescentes\u201d. O evento contou ainda com a presen\u00e7a dos diretores das duas escolas envolvidas e da coordenadora da 7\u00aa GRE, K\u00e1tia Leite.<\/p>\n\n\n<div class=\"ngg-galleryoverview\" id=\"1\">\n              <div data-widget=\"Galeria\" data-props=\"{&quot;galeria&quot;:{&quot;max_page&quot;:1,&quot;total&quot;:8,&quot;gallery_id&quot;:1,&quot;images&quot;:[{&quot;thumbcode&quot;:&quot;https:\\\/\\\/portalv1.com.br\\\/app\\\/wp-content\\\/uploads\\\/2025\\\/05\\\/WhatsApp-Image-2025-05-05-at-12.13.57-1-400x250.jpg&quot;,&quot;imageURL&quot;:&quot;https:\\\/\\\/portalv1.com.br\\\/app\\\/wp-content\\\/uploads\\\/2025\\\/05\\\/WhatsApp-Image-2025-05-05-at-12.13.57-1.jpg&quot;,&quot;pid&quot;:233650,&quot;galleryid&quot;:1,&quot;description&quot;:&quot;&quot;,&quot;alttext&quot;:&quot;Alunos do Ceti Maria Antonieta e Ceti Santo Ant\\u00f4nio participam de palestra da campanha Maio Laranja&quot;,&quot;thumbnailURL&quot;:&quot;https:\\\/\\\/portalv1.com.br\\\/app\\\/wp-content\\\/uploads\\\/2025\\\/05\\\/WhatsApp-Image-2025-05-05-at-12.13.57-1-400x250.jpg&quot;,&quot;style&quot;:&quot;&quot;},{&quot;thumbcode&quot;:&quot;https:\\\/\\\/portalv1.com.br\\\/app\\\/wp-content\\\/uploads\\\/2025\\\/05\\\/WhatsApp-Image-2025-05-05-at-12.13.58-400x250.jpg&quot;,&quot;imageURL&quot;:&quot;https:\\\/\\\/portalv1.com.br\\\/app\\\/wp-content\\\/uploads\\\/2025\\\/05\\\/WhatsApp-Image-2025-05-05-at-12.13.58.jpg&quot;,&quot;pid&quot;:233653,&quot;galleryid&quot;:1,&quot;description&quot;:&quot;&quot;,&quot;alttext&quot;:&quot;Alunos do Ceti Maria Antonieta e Ceti Santo Ant\\u00f4nio participam de palestra da campanha Maio Laranja&quot;,&quot;thumbnailURL&quot;:&quot;https:\\\/\\\/portalv1.com.br\\\/app\\\/wp-content\\\/uploads\\\/2025\\\/05\\\/WhatsApp-Image-2025-05-05-at-12.13.58-400x250.jpg&quot;,&quot;style&quot;:&quot;&quot;},{&quot;thumbcode&quot;:&quot;https:\\\/\\\/portalv1.com.br\\\/app\\\/wp-content\\\/uploads\\\/2025\\\/05\\\/WhatsApp-Image-2025-05-05-at-09.12.26-400x250.jpg&quot;,&quot;imageURL&quot;:&quot;https:\\\/\\\/portalv1.com.br\\\/app\\\/wp-content\\\/uploads\\\/2025\\\/05\\\/WhatsApp-Image-2025-05-05-at-09.12.26.jpg&quot;,&quot;pid&quot;:233656,&quot;galleryid&quot;:1,&quot;description&quot;:&quot;&quot;,&quot;alttext&quot;:&quot;Alunos do Ceti Maria Antonieta e Ceti Santo Ant\\u00f4nio participam de palestra da campanha Maio Laranja&quot;,&quot;thumbnailURL&quot;:&quot;https:\\\/\\\/portalv1.com.br\\\/app\\\/wp-content\\\/uploads\\\/2025\\\/05\\\/WhatsApp-Image-2025-05-05-at-09.12.26-400x250.jpg&quot;,&quot;style&quot;:&quot;&quot;},{&quot;thumbcode&quot;:&quot;https:\\\/\\\/portalv1.com.br\\\/app\\\/wp-content\\\/uploads\\\/2025\\\/05\\\/WhatsApp-Image-2025-05-05-at-09.12.25-1-400x250.jpg&quot;,&quot;imageURL&quot;:&quot;https:\\\/\\\/portalv1.com.br\\\/app\\\/wp-content\\\/uploads\\\/2025\\\/05\\\/WhatsApp-Image-2025-05-05-at-09.12.25-1.jpg&quot;,&quot;pid&quot;:233659,&quot;galleryid&quot;:1,&quot;description&quot;:&quot;&quot;,&quot;alttext&quot;:&quot;Alunos do Ceti Maria Antonieta e Ceti Santo Ant\\u00f4nio participam de palestra da campanha Maio Laranja&quot;,&quot;thumbnailURL&quot;:&quot;https:\\\/\\\/portalv1.com.br\\\/app\\\/wp-content\\\/uploads\\\/2025\\\/05\\\/WhatsApp-Image-2025-05-05-at-09.12.25-1-400x250.jpg&quot;,&quot;style&quot;:&quot;&quot;},{&quot;thumbcode&quot;:&quot;https:\\\/\\\/portalv1.com.br\\\/app\\\/wp-content\\\/uploads\\\/2025\\\/05\\\/WhatsApp-Image-2025-05-05-at-09.12.25-400x250.jpg&quot;,&quot;imageURL&quot;:&quot;https:\\\/\\\/portalv1.com.br\\\/app\\\/wp-content\\\/uploads\\\/2025\\\/05\\\/WhatsApp-Image-2025-05-05-at-09.12.25.jpg&quot;,&quot;pid&quot;:233660,&quot;galleryid&quot;:1,&quot;description&quot;:&quot;&quot;,&quot;alttext&quot;:&quot;Alunos do Ceti Maria Antonieta e Ceti Santo Ant\\u00f4nio participam de palestra da campanha Maio Laranja&quot;,&quot;thumbnailURL&quot;:&quot;https:\\\/\\\/portalv1.com.br\\\/app\\\/wp-content\\\/uploads\\\/2025\\\/05\\\/WhatsApp-Image-2025-05-05-at-09.12.25-400x250.jpg&quot;,&quot;style&quot;:&quot;&quot;},{&quot;thumbcode&quot;:&quot;https:\\\/\\\/portalv1.com.br\\\/app\\\/wp-content\\\/uploads\\\/2025\\\/05\\\/WhatsApp-Image-2025-05-05-at-09.12.26-1-400x250.jpg&quot;,&quot;imageURL&quot;:&quot;https:\\\/\\\/portalv1.com.br\\\/app\\\/wp-content\\\/uploads\\\/2025\\\/05\\\/WhatsApp-Image-2025-05-05-at-09.12.26-1.jpg&quot;,&quot;pid&quot;:233661,&quot;galleryid&quot;:1,&quot;description&quot;:&quot;&quot;,&quot;alttext&quot;:&quot;Alunos do Ceti Maria Antonieta e Ceti Santo Ant\\u00f4nio participam de palestra da campanha Maio Laranja&quot;,&quot;thumbnailURL&quot;:&quot;https:\\\/\\\/portalv1.com.br\\\/app\\\/wp-content\\\/uploads\\\/2025\\\/05\\\/WhatsApp-Image-2025-05-05-at-09.12.26-1-400x250.jpg&quot;,&quot;style&quot;:&quot;&quot;},{&quot;thumbcode&quot;:&quot;https:\\\/\\\/portalv1.com.br\\\/app\\\/wp-content\\\/uploads\\\/2025\\\/05\\\/WhatsApp-Image-2025-05-05-at-21.55.58-400x250.jpg&quot;,&quot;imageURL&quot;:&quot;https:\\\/\\\/portalv1.com.br\\\/app\\\/wp-content\\\/uploads\\\/2025\\\/05\\\/WhatsApp-Image-2025-05-05-at-21.55.58.jpg&quot;,&quot;pid&quot;:233662,&quot;galleryid&quot;:1,&quot;description&quot;:&quot;&quot;,&quot;alttext&quot;:&quot;Alunos do Ceti Maria Antonieta e Ceti Santo Ant\\u00f4nio participam de palestra da campanha Maio Laranja&quot;,&quot;thumbnailURL&quot;:&quot;https:\\\/\\\/portalv1.com.br\\\/app\\\/wp-content\\\/uploads\\\/2025\\\/05\\\/WhatsApp-Image-2025-05-05-at-21.55.58-400x250.jpg&quot;,&quot;style&quot;:&quot;&quot;},{&quot;thumbcode&quot;:&quot;https:\\\/\\\/portalv1.com.br\\\/app\\\/wp-content\\\/uploads\\\/2025\\\/05\\\/WhatsApp-Image-2025-05-05-at-21.59.44-400x250.jpg&quot;,&quot;imageURL&quot;:&quot;https:\\\/\\\/portalv1.com.br\\\/app\\\/wp-content\\\/uploads\\\/2025\\\/05\\\/WhatsApp-Image-2025-05-05-at-21.59.44.jpg&quot;,&quot;pid&quot;:233663,&quot;galleryid&quot;:1,&quot;description&quot;:&quot;&quot;,&quot;alttext&quot;:&quot;Alunos do Ceti Maria Antonieta e Ceti Santo Ant\\u00f4nio participam de palestra da campanha Maio Laranja&quot;,&quot;thumbnailURL&quot;:&quot;https:\\\/\\\/portalv1.com.br\\\/app\\\/wp-content\\\/uploads\\\/2025\\\/05\\\/WhatsApp-Image-2025-05-05-at-21.59.44-400x250.jpg&quot;,&quot;style&quot;:&quot;&quot;}]}}\"><\/div>\n            <\/div>\n\n\n<p><\/p>\n","protected":false},"excerpt":{"rendered":"<p>Estudantes do Ceti Maria Antonieta e do Ceti Santo Ant\u00f4nio participaram, nesta segunda-feira (5), de uma palestra educativa sobre a campanha Maio Laranja iniciativa que visa conscientizar a sociedade sobre&#8230;<\/p>\n","protected":false},"author":1,"featured_media":233660,"comment_status":"open","ping_status":"open","sticky":false,"template":"","format":"standard","meta":{"ngg_post_thumbnail":0,"footnotes":""},"categories":[243],"tags":[],"class_list":["post-233649","post","type-post","status-publish","format-standard","has-post-thumbnail","hentry","category-geral"],"views":274,"meta_data":{"thumb":"https:\/\/portalv1.com.br\/app\/wp-content\/uploads\/2025\/05\/WhatsApp-Image-2025-05-05-at-09.12.25.jpg","imagem":{"fullsize":{"url":"https:\/\/portalv1.com.br\/app\/wp-content\/uploads\/2025\/05\/WhatsApp-Image-2025-05-05-at-09.12.25.jpg","width":1920,"height":1080},"medium":{"url":"https:\/\/portalv1.com.br\/app\/wp-content\/uploads\/2025\/05\/WhatsApp-Image-2025-05-05-at-09.12.25-300x169.jpg","width":300,"height":169},"large":{"url":"https:\/\/portalv1.com.br\/app\/wp-content\/uploads\/2025\/05\/WhatsApp-Image-2025-05-05-at-09.12.25-640x360.jpg","width":640,"height":360},"thumbnail":{"url":"https:\/\/portalv1.com.br\/app\/wp-content\/uploads\/2025\/05\/WhatsApp-Image-2025-05-05-at-09.12.25-100x100.jpg","width":100,"height":100},"medium_large":{"url":"https:\/\/portalv1.com.br\/app\/wp-content\/uploads\/2025\/05\/WhatsApp-Image-2025-05-05-at-09.12.25-768x432.jpg","width":768,"height":432},"1536x1536":{"url":"https:\/\/portalv1.com.br\/app\/wp-content\/uploads\/2025\/05\/WhatsApp-Image-2025-05-05-at-09.12.25-1536x864.jpg","width":1536,"height":864}},"data":{"simple":"05\/05\/2025","date_time":"05\/05\/2025 18:42:29","date":"h\u00e1 12 meses"},"chapeu":"Abuso e \u00e0 explora\u00e7\u00e3o sexual de crian\u00e7as ","source":"slide"},"_links":{"self":[{"href":"https:\/\/portalv1.com.br\/api\/wp\/v2\/posts\/233649","targetHints":{"allow":["GET"]}}],"collection":[{"href":"https:\/\/portalv1.com.br\/api\/wp\/v2\/posts"}],"about":[{"href":"https:\/\/portalv1.com.br\/api\/wp\/v2\/types\/post"}],"author":[{"embeddable":true,"href":"https:\/\/portalv1.com.br\/api\/wp\/v2\/users\/1"}],"replies":[{"embeddable":true,"href":"https:\/\/portalv1.com.br\/api\/wp\/v2\/comments?post=233649"}],"version-history":[{"count":0,"href":"https:\/\/portalv1.com.br\/api\/wp\/v2\/posts\/233649\/revisions"}],"wp:featuredmedia":[{"embeddable":true,"href":"https:\/\/portalv1.com.br\/api\/wp\/v2\/media\/233660"}],"wp:attachment":[{"href":"https:\/\/portalv1.com.br\/api\/wp\/v2\/media?parent=233649"}],"wp:term":[{"taxonomy":"category","embeddable":true,"href":"https:\/\/portalv1.com.br\/api\/wp\/v2\/categories?post=233649"},{"taxonomy":"post_tag","embeddable":true,"href":"https:\/\/portalv1.com.br\/api\/wp\/v2\/tags?post=233649"}],"curies":[{"name":"wp","href":"https:\/\/api.w.org\/{rel}","templated":true}]}}