{"id":234132,"date":"2025-05-12T17:14:34","date_gmt":"2025-05-12T20:14:34","guid":{"rendered":"https:\/\/portalv1.com.br\/?p=234132"},"modified":"2025-05-12T17:14:49","modified_gmt":"2025-05-12T20:14:49","slug":"forca-tatica-prende-homem-com-mandado-de-prisao-durante-patrulhamento-em-valenca","status":"publish","type":"post","link":"https:\/\/portalv1.com.br\/forca-tatica-prende-homem-com-mandado-de-prisao-durante-patrulhamento-em-valenca\/","title":{"rendered":"For\u00e7a T\u00e1tica prende homem com mandado de pris\u00e3o durante patrulhamento em Valen\u00e7a"},"content":{"rendered":"\n<p>Na tarde da \u00faltima sexta-feira (9), policiais militares da For\u00e7a T\u00e1tica efetuaram a pris\u00e3o de um homem com mandado de pris\u00e3o preventiva em aberto, durante patrulhamento ostensivo no centro comercial de Valen\u00e7a do Piau\u00ed.<\/p>\n\n\n\n<p>A equipe realizava rondas na Rua C\u00edcero Portela quando avistou uma motocicleta Honda Bros 160, conduzida por uma mulher e com um homem na garupa. Ao perceberem a presen\u00e7a policial, os ocupantes do ve\u00edculo mudaram repentinamente de dire\u00e7\u00e3o e aumentaram a velocidade. Um dos passageiros demonstrava nervosismo, olhando seguidamente para tr\u00e1s.<\/p>\n\n\n\n<p>Diante da atitude suspeita, os policiais iniciaram o acompanhamento t\u00e1tico e realizaram a abordagem. Ap\u00f3s a identifica\u00e7\u00e3o dos envolvidos, foi constatado que o homem na garupa possu\u00eda um mandado de pris\u00e3o preventiva em aberto.<\/p>\n\n\n\n<p>Ele foi conduzido ao Hospital Regional de Valen\u00e7a para a realiza\u00e7\u00e3o do exame de corpo de delito e, em seguida, apresentado \u00e0 Delegacia Seccional de Pol\u00edcia Civil, onde foram adotadas as medidas legais cab\u00edveis.<\/p>\n\n\n\n<p>A Pol\u00edcia Militar refor\u00e7a que informa\u00e7\u00f5es sobre tr\u00e1fico de drogas, porte ilegal de armas, localiza\u00e7\u00e3o de foragidos e outros crimes podem ser repassadas de forma an\u00f4nima pelo WhatsApp (86) 99425-6128.<\/p>\n\n\n<figure class=\"wp-block-post-featured-image\"><img loading=\"lazy\" decoding=\"async\" width=\"895\" height=\"503\" src=\"https:\/\/portalv1.com.br\/app\/wp-content\/uploads\/2025\/05\/pm.webp\" class=\"attachment-post-thumbnail size-post-thumbnail wp-post-image\" alt=\"\" style=\"object-fit:cover;\" srcset=\"https:\/\/portalv1.com.br\/app\/wp-content\/uploads\/2025\/05\/pm.webp 895w, https:\/\/portalv1.com.br\/app\/wp-content\/uploads\/2025\/05\/pm-300x169.webp 300w, https:\/\/portalv1.com.br\/app\/wp-content\/uploads\/2025\/05\/pm-640x360.webp 640w, https:\/\/portalv1.com.br\/app\/wp-content\/uploads\/2025\/05\/pm-768x432.webp 768w\" sizes=\"auto, (max-width: 895px) 100vw, 895px\" \/><\/figure>","protected":false},"excerpt":{"rendered":"<p>Na tarde da \u00faltima sexta-feira (9), policiais militares da For\u00e7a T\u00e1tica efetuaram a pris\u00e3o de um homem com mandado de pris\u00e3o preventiva em aberto, durante patrulhamento ostensivo no centro comercial&#8230;<\/p>\n","protected":false},"author":1,"featured_media":234133,"comment_status":"open","ping_status":"open","sticky":false,"template":"","format":"standard","meta":{"ngg_post_thumbnail":0,"footnotes":""},"categories":[243],"tags":[],"class_list":["post-234132","post","type-post","status-publish","format-standard","has-post-thumbnail","hentry","category-geral"],"views":436,"meta_data":{"thumb":"https:\/\/portalv1.com.br\/app\/wp-content\/uploads\/2025\/05\/pm.webp","imagem":{"fullsize":{"url":"https:\/\/portalv1.com.br\/app\/wp-content\/uploads\/2025\/05\/pm.webp","width":895,"height":503},"medium":{"url":"https:\/\/portalv1.com.br\/app\/wp-content\/uploads\/2025\/05\/pm-300x169.webp","width":300,"height":169},"large":{"url":"https:\/\/portalv1.com.br\/app\/wp-content\/uploads\/2025\/05\/pm-640x360.webp","width":640,"height":360},"thumbnail":{"url":"https:\/\/portalv1.com.br\/app\/wp-content\/uploads\/2025\/05\/pm-100x100.webp","width":100,"height":100},"medium_large":{"url":"https:\/\/portalv1.com.br\/app\/wp-content\/uploads\/2025\/05\/pm-768x432.webp","width":768,"height":432}},"data":{"simple":"12\/05\/2025","date_time":"12\/05\/2025 14:14:34","date":"h\u00e1 12 meses"},"chapeu":"Veja detalhes ","source":"slide"},"_links":{"self":[{"href":"https:\/\/portalv1.com.br\/api\/wp\/v2\/posts\/234132","targetHints":{"allow":["GET"]}}],"collection":[{"href":"https:\/\/portalv1.com.br\/api\/wp\/v2\/posts"}],"about":[{"href":"https:\/\/portalv1.com.br\/api\/wp\/v2\/types\/post"}],"author":[{"embeddable":true,"href":"https:\/\/portalv1.com.br\/api\/wp\/v2\/users\/1"}],"replies":[{"embeddable":true,"href":"https:\/\/portalv1.com.br\/api\/wp\/v2\/comments?post=234132"}],"version-history":[{"count":0,"href":"https:\/\/portalv1.com.br\/api\/wp\/v2\/posts\/234132\/revisions"}],"wp:featuredmedia":[{"embeddable":true,"href":"https:\/\/portalv1.com.br\/api\/wp\/v2\/media\/234133"}],"wp:attachment":[{"href":"https:\/\/portalv1.com.br\/api\/wp\/v2\/media?parent=234132"}],"wp:term":[{"taxonomy":"category","embeddable":true,"href":"https:\/\/portalv1.com.br\/api\/wp\/v2\/categories?post=234132"},{"taxonomy":"post_tag","embeddable":true,"href":"https:\/\/portalv1.com.br\/api\/wp\/v2\/tags?post=234132"}],"curies":[{"name":"wp","href":"https:\/\/api.w.org\/{rel}","templated":true}]}}