{"id":234277,"date":"2025-05-16T09:38:24","date_gmt":"2025-05-16T12:38:24","guid":{"rendered":"https:\/\/portalv1.com.br\/?p=234277"},"modified":"2025-05-16T11:04:49","modified_gmt":"2025-05-16T14:04:49","slug":"ministerio-da-agricultura-e-pecuaria-confirma-primeiro-foco-de-gripe-aviaria-em-grana-comercial","status":"publish","type":"post","link":"https:\/\/portalv1.com.br\/ministerio-da-agricultura-e-pecuaria-confirma-primeiro-foco-de-gripe-aviaria-em-grana-comercial\/","title":{"rendered":"Minist\u00e9rio da Agricultura e Pecu\u00e1ria confirma primeiro foco de gripe avi\u00e1ria em granja comercial"},"content":{"rendered":"\n<p>O Minist\u00e9rio da Agricultura e Pecu\u00e1ria (Mapa) anunciou nesta sexta-feira (16) que detectou o v\u00edrus da influenza avi\u00e1ria de alta patogenicidade (IAAP) em uma granja de aves comerciais. \u00c9 o primeiro foco de IAAP detectado em sistema de avicultura comercial no Brasil.<\/p>\n\n\n\n<p>A circula\u00e7\u00e3o do v\u00edrus foi confirmada em um matrizeiro localizado no munic\u00edpio de Montenegro (RS). O IAAP j\u00e1 havia sido detectada na \u00c1sia, \u00c1frica e no norte da Europa.<\/p>\n\n\n\n<p>A doen\u00e7a n\u00e3o \u00e9 transmitida para humanos pelo consumo de carne de aves nem de ovos. Segundo o Mapa, n\u00e3o h\u00e1 restri\u00e7\u00e3o de consumo.<\/p>\n\n\n\n<p>O Minist\u00e9rio da Agricultura e Pecu\u00e1ria tamb\u00e9m informou que o risco de infec\u00e7\u00f5es em humanos pelo v\u00edrus da gripe avi\u00e1ria \u00e9 baixo. Em geral, a doen\u00e7a afeta tratadores ou profissionais com contato intenso com aves infectadas, vivas ou mortas.<\/p>\n\n\n\n<p>As medidas de conten\u00e7\u00e3o e erradica\u00e7\u00e3o do foco previstas no plano nacional de conting\u00eancia j\u00e1 foram iniciadas, segundo o Mapa. As iniciativas visam n\u00e3o somente debelar a doen\u00e7a, mas tamb\u00e9m manter a capacidade produtiva do setor, garantindo o abastecimento e, assim, a seguran\u00e7a alimentar da popula\u00e7\u00e3o.<\/p>\n\n\n\n<p>O governo brasileiro tamb\u00e9m j\u00e1 comunicou o caso aos entes das cadeias produtivas envolvidas, \u00e0 Organiza\u00e7\u00e3o Mundial de Sa\u00fade Animal (OMSA), aos Minist\u00e9rios da Sa\u00fade e do Meio Ambiente, bem como aos parceiros comerciais do Brasil.<\/p>\n\n\n<figure class=\"wp-block-post-featured-image\"><img loading=\"lazy\" decoding=\"async\" width=\"1400\" height=\"932\" src=\"https:\/\/portalv1.com.br\/app\/wp-content\/uploads\/2025\/05\/frango.webp\" class=\"attachment-post-thumbnail size-post-thumbnail wp-post-image\" alt=\"\" style=\"object-fit:cover;\" srcset=\"https:\/\/portalv1.com.br\/app\/wp-content\/uploads\/2025\/05\/frango.webp 1400w, https:\/\/portalv1.com.br\/app\/wp-content\/uploads\/2025\/05\/frango-300x200.webp 300w, https:\/\/portalv1.com.br\/app\/wp-content\/uploads\/2025\/05\/frango-640x426.webp 640w, https:\/\/portalv1.com.br\/app\/wp-content\/uploads\/2025\/05\/frango-768x511.webp 768w\" sizes=\"auto, (max-width: 1400px) 100vw, 1400px\" \/><\/figure>\n\n\n<p>Fonte: CNN Brasil<\/p>\n","protected":false},"excerpt":{"rendered":"<p>O Minist\u00e9rio da Agricultura e Pecu\u00e1ria (Mapa) anunciou nesta sexta-feira (16) que detectou o v\u00edrus da influenza avi\u00e1ria de alta patogenicidade (IAAP) em uma granja de aves comerciais. \u00c9 o&#8230;<\/p>\n","protected":false},"author":1,"featured_media":234278,"comment_status":"open","ping_status":"open","sticky":false,"template":"","format":"standard","meta":{"ngg_post_thumbnail":0,"footnotes":""},"categories":[243],"tags":[],"class_list":["post-234277","post","type-post","status-publish","format-standard","has-post-thumbnail","hentry","category-geral"],"views":222,"meta_data":{"thumb":"https:\/\/portalv1.com.br\/app\/wp-content\/uploads\/2025\/05\/frango.webp","imagem":{"fullsize":{"url":"https:\/\/portalv1.com.br\/app\/wp-content\/uploads\/2025\/05\/frango.webp","width":1400,"height":932},"medium":{"url":"https:\/\/portalv1.com.br\/app\/wp-content\/uploads\/2025\/05\/frango-300x200.webp","width":300,"height":200},"large":{"url":"https:\/\/portalv1.com.br\/app\/wp-content\/uploads\/2025\/05\/frango-640x426.webp","width":640,"height":426},"thumbnail":{"url":"https:\/\/portalv1.com.br\/app\/wp-content\/uploads\/2025\/05\/frango-100x100.webp","width":100,"height":100},"medium_large":{"url":"https:\/\/portalv1.com.br\/app\/wp-content\/uploads\/2025\/05\/frango-768x511.webp","width":768,"height":511}},"data":{"simple":"16\/05\/2025","date_time":"16\/05\/2025 06:38:24","date":"h\u00e1 12 meses"},"chapeu":"Saiba detalhes ","source":"m_destacada"},"_links":{"self":[{"href":"https:\/\/portalv1.com.br\/api\/wp\/v2\/posts\/234277","targetHints":{"allow":["GET"]}}],"collection":[{"href":"https:\/\/portalv1.com.br\/api\/wp\/v2\/posts"}],"about":[{"href":"https:\/\/portalv1.com.br\/api\/wp\/v2\/types\/post"}],"author":[{"embeddable":true,"href":"https:\/\/portalv1.com.br\/api\/wp\/v2\/users\/1"}],"replies":[{"embeddable":true,"href":"https:\/\/portalv1.com.br\/api\/wp\/v2\/comments?post=234277"}],"version-history":[{"count":0,"href":"https:\/\/portalv1.com.br\/api\/wp\/v2\/posts\/234277\/revisions"}],"wp:featuredmedia":[{"embeddable":true,"href":"https:\/\/portalv1.com.br\/api\/wp\/v2\/media\/234278"}],"wp:attachment":[{"href":"https:\/\/portalv1.com.br\/api\/wp\/v2\/media?parent=234277"}],"wp:term":[{"taxonomy":"category","embeddable":true,"href":"https:\/\/portalv1.com.br\/api\/wp\/v2\/categories?post=234277"},{"taxonomy":"post_tag","embeddable":true,"href":"https:\/\/portalv1.com.br\/api\/wp\/v2\/tags?post=234277"}],"curies":[{"name":"wp","href":"https:\/\/api.w.org\/{rel}","templated":true}]}}