{"id":234693,"date":"2025-05-26T12:07:08","date_gmt":"2025-05-26T15:07:08","guid":{"rendered":"https:\/\/portalv1.com.br\/?p=234693"},"modified":"2025-05-26T12:13:12","modified_gmt":"2025-05-26T15:13:12","slug":"saldo-de-mutirao-de-cirurgias-de-catarata-beneficiara-14-municipios-do-vale-do-sambito","status":"publish","type":"post","link":"https:\/\/portalv1.com.br\/saldo-de-mutirao-de-cirurgias-de-catarata-beneficiara-14-municipios-do-vale-do-sambito\/","title":{"rendered":"Saldo de Mutir\u00e3o de Cirurgias de Catarata beneficiar\u00e1 14 munic\u00edpios do Vale do Sambito"},"content":{"rendered":"\n<p>A Secretaria de Estado da Sa\u00fade do Piau\u00ed, atrav\u00e9s da Diretoria de Unidade de Descentraliza\u00e7\u00e3o e Organiza\u00e7\u00e3o Hospitalar (DUDOH) e apoio e mobiliza\u00e7\u00e3o da 7\u00aa Coordenadoria Regional de Sa\u00fade (CRS), informa o cronograma e programa\u00e7\u00e3o para execu\u00e7\u00e3o de cirurgias de catarata no Hospital Regional Eust\u00e1quio Portela em Valen\u00e7a do Piau\u00ed, com distribui\u00e7\u00e3o das vagas para os 14 munic\u00edpios do territ\u00f3rio.<\/p>\n\n\n\n<p>As consultas de triagem acontecer\u00e3o no dia 28 de maio de 2025, e os munic\u00edpios j\u00e1 est\u00e3o em processo de marca\u00e7\u00e3o e busca ativa dos pacientes. As cirurgias est\u00e3o agendadas para o dia 22 de junho de 2025, no Hospital Regional.<\/p>\n\n\n\n<p>A coordenadora da 7\u00aa CRS, Sheylla Millene, explica que o procedimento faz parte de uma a\u00e7\u00e3o para atender \u00e0 demanda reprimida de cirurgias oftalmol\u00f3gicas na regi\u00e3o.<\/p>\n\n\n\n<p>\u201c\u00c9 um saldo de vagas remanescentes do mutir\u00e3o de 2024, onde o Vale do Sambito foi contemplado com esse remanejamento de vagas com 158 consultas e 126 cirurgias distribu\u00eddas para os 14 munic\u00edpios do territ\u00f3rio. Ent\u00e3o, as consultas ir\u00e3o ocorrer no dia 28 de maio, no Hospital Regional Eust\u00e1quio Portela, aqui em Valen\u00e7a do Piau\u00ed. E voc\u00ea que tem necessidade, tem encaminhamento para cirurgia de catarata, deve procurar a central de marca\u00e7\u00e3o do seu munic\u00edpio para estar realizando a marca\u00e7\u00e3o, para a realiza\u00e7\u00e3o das consultas de triagem, dia 28, e posteriormente, agendamento das cirurgias para o dia 22 de junho\u201d, detalhou.<\/p>\n\n\n\n<p>Sheylla tamb\u00e9m refor\u00e7a a relev\u00e2ncia da a\u00e7\u00e3o para melhorar a qualidade de vida da popula\u00e7\u00e3o. \u201cE a gente fala da import\u00e2ncia do mutir\u00e3o de catarata promovido. Pela Secretaria de Estado, com o apoio da Regional de Sa\u00fade e dos munic\u00edpios, porque \u00e9 um grande n\u00famero de cirurgias que visa diminuir essa fila de forma r\u00e1pida, descentralizada em todo o estado, visando melhorar a qualidade de vida da popula\u00e7\u00e3o idosa, principalmente, especialmente nas \u00e1reas mais distantes. Ent\u00e3o, para a gente, \u00e9 um ganho imenso no territ\u00f3rio Vale do Sambito\u201d, destacou.<\/p>\n\n\n\n<p><strong>Documenta\u00e7\u00e3o Necess\u00e1ria<\/strong><\/p>\n\n\n\n<p>No dia da consulta para triagem, \u00e9 obrigat\u00f3rio apresentar os seguintes documentos (em c\u00f3pia):<\/p>\n\n\n\n<p>Comprovante de marca\u00e7\u00e3o de consulta;<\/p>\n\n\n\n<p>RG;<\/p>\n\n\n\n<p>CPF;<\/p>\n\n\n\n<p>Cart\u00e3o SUS;<\/p>\n\n\n\n<p>Comprovante de endere\u00e7o;<\/p>\n\n\n\n<p>Guia de encaminhamento do m\u00e9dico da Unidade B\u00e1sica de Sa\u00fade (UBS).<\/p>\n\n\n\n<p><strong>Crit\u00e9rios de Prioridade<\/strong><\/p>\n\n\n\n<p>A busca ativa dos pacientes ser\u00e1 feita pelos Agentes Comunit\u00e1rios de Sa\u00fade (ACS), que tamb\u00e9m dever\u00e3o orientar sobre a marca\u00e7\u00e3o no setor de regula\u00e7\u00e3o das secretarias municipais. Ter\u00e3o prioridade os pacientes acima de 60 anos, mas a popula\u00e7\u00e3o abaixo dessa faixa et\u00e1ria que realizou cirurgia do primeiro olho tamb\u00e9m ser\u00e1 atendida.<\/p>\n\n\n\n<p><strong>Transporte dos pacientes<\/strong><\/p>\n\n\n\n<p>\u00c9 de responsabilidade das Secretarias Municipais de Sa\u00fade garantir o transporte dos pacientes at\u00e9 o local das consultas e das cirurgias.<\/p>\n\n\n<figure class=\"wp-block-post-featured-image\"><img loading=\"lazy\" decoding=\"async\" width=\"1024\" height=\"576\" src=\"https:\/\/portalv1.com.br\/app\/wp-content\/uploads\/2025\/05\/20221202120438__MG_9528.jpg\" class=\"attachment-post-thumbnail size-post-thumbnail wp-post-image\" alt=\"\" style=\"object-fit:cover;\" srcset=\"https:\/\/portalv1.com.br\/app\/wp-content\/uploads\/2025\/05\/20221202120438__MG_9528.jpg 1024w, https:\/\/portalv1.com.br\/app\/wp-content\/uploads\/2025\/05\/20221202120438__MG_9528-300x169.jpg 300w, https:\/\/portalv1.com.br\/app\/wp-content\/uploads\/2025\/05\/20221202120438__MG_9528-640x360.jpg 640w, https:\/\/portalv1.com.br\/app\/wp-content\/uploads\/2025\/05\/20221202120438__MG_9528-768x432.jpg 768w\" sizes=\"auto, (max-width: 1024px) 100vw, 1024px\" \/><\/figure>","protected":false},"excerpt":{"rendered":"<p>A Secretaria de Estado da Sa\u00fade do Piau\u00ed, atrav\u00e9s da Diretoria de Unidade de Descentraliza\u00e7\u00e3o e Organiza\u00e7\u00e3o Hospitalar (DUDOH) e apoio e mobiliza\u00e7\u00e3o da 7\u00aa Coordenadoria Regional de Sa\u00fade (CRS),&#8230;<\/p>\n","protected":false},"author":1,"featured_media":234694,"comment_status":"open","ping_status":"open","sticky":false,"template":"","format":"standard","meta":{"ngg_post_thumbnail":0,"footnotes":""},"categories":[243],"tags":[],"class_list":["post-234693","post","type-post","status-publish","format-standard","has-post-thumbnail","hentry","category-geral"],"views":324,"meta_data":{"thumb":"https:\/\/portalv1.com.br\/app\/wp-content\/uploads\/2025\/05\/20221202120438__MG_9528.jpg","imagem":{"fullsize":{"url":"https:\/\/portalv1.com.br\/app\/wp-content\/uploads\/2025\/05\/20221202120438__MG_9528.jpg","width":1024,"height":576},"medium":{"url":"https:\/\/portalv1.com.br\/app\/wp-content\/uploads\/2025\/05\/20221202120438__MG_9528-300x169.jpg","width":300,"height":169},"large":{"url":"https:\/\/portalv1.com.br\/app\/wp-content\/uploads\/2025\/05\/20221202120438__MG_9528-640x360.jpg","width":640,"height":360},"thumbnail":{"url":"https:\/\/portalv1.com.br\/app\/wp-content\/uploads\/2025\/05\/20221202120438__MG_9528-100x100.jpg","width":100,"height":100},"medium_large":{"url":"https:\/\/portalv1.com.br\/app\/wp-content\/uploads\/2025\/05\/20221202120438__MG_9528-768x432.jpg","width":768,"height":432}},"data":{"simple":"26\/05\/2025","date_time":"26\/05\/2025 09:07:08","date":"h\u00e1 11 meses"},"chapeu":"Veja como ser\u00e1","source":"slide"},"_links":{"self":[{"href":"https:\/\/portalv1.com.br\/api\/wp\/v2\/posts\/234693","targetHints":{"allow":["GET"]}}],"collection":[{"href":"https:\/\/portalv1.com.br\/api\/wp\/v2\/posts"}],"about":[{"href":"https:\/\/portalv1.com.br\/api\/wp\/v2\/types\/post"}],"author":[{"embeddable":true,"href":"https:\/\/portalv1.com.br\/api\/wp\/v2\/users\/1"}],"replies":[{"embeddable":true,"href":"https:\/\/portalv1.com.br\/api\/wp\/v2\/comments?post=234693"}],"version-history":[{"count":0,"href":"https:\/\/portalv1.com.br\/api\/wp\/v2\/posts\/234693\/revisions"}],"wp:featuredmedia":[{"embeddable":true,"href":"https:\/\/portalv1.com.br\/api\/wp\/v2\/media\/234694"}],"wp:attachment":[{"href":"https:\/\/portalv1.com.br\/api\/wp\/v2\/media?parent=234693"}],"wp:term":[{"taxonomy":"category","embeddable":true,"href":"https:\/\/portalv1.com.br\/api\/wp\/v2\/categories?post=234693"},{"taxonomy":"post_tag","embeddable":true,"href":"https:\/\/portalv1.com.br\/api\/wp\/v2\/tags?post=234693"}],"curies":[{"name":"wp","href":"https:\/\/api.w.org\/{rel}","templated":true}]}}