{"id":23492,"date":"2016-04-26T19:05:56","date_gmt":"2016-04-26T22:05:56","guid":{"rendered":"https:\/\/portalv1.com.br\/?p=23492"},"modified":"2016-04-28T17:55:50","modified_gmt":"2016-04-28T20:55:50","slug":"mutirao-da-documentacao-acontecera-em-valenca-lagoa-e-pimenteiras","status":"publish","type":"post","link":"https:\/\/portalv1.com.br\/mutirao-da-documentacao-acontecera-em-valenca-lagoa-e-pimenteiras\/","title":{"rendered":"Mutir\u00e3o da documenta\u00e7\u00e3o acontecer\u00e1 em Valen\u00e7a, Lagoa e Pimenteiras"},"content":{"rendered":"<p>Trabalhadores rurais da regi\u00e3o valenciana est\u00e3o sendo beneficiados com o Programa Nacional de Documenta\u00e7\u00e3o da Trabalhadora Rural (PNDTR) do Minist\u00e9rio do Desenvolvimento Agr\u00e1rio (MDA) em parceria com a Federa\u00e7\u00e3o dos Trabalhadores na Agricultura do Estado do Piau\u00ed (FETAG), prefeituras e c\u00e2maras municipais.<\/p>\n<p>As atividades come\u00e7aram nesta ter\u00e7a-feira (26) pela cidade de Ipiranga na quarta-feira (27) ser\u00e1 a vez da Inhuma, quinta-feira (28) a equipe de desloca para Pimenteiras e na sexta-feira (29) ser\u00e1 a vez da Lagoa do Sitio.<\/p>\n<p>A cidade de Valen\u00e7a recebe o mutir\u00e3o no s\u00e1bado na c\u00e2mara de vereadores. O mutir\u00e3o em Valen\u00e7a e nas outras cidades come\u00e7a \u00e0s 08h da manh\u00e3 com encerramento \u00e0s 17h.<\/p>\n<p>Nos mutir\u00f5es s\u00e3o emitidos carteira de Identidade (RG), CPF e carteira de trabalho. De acordo com a secret\u00e1ria Estadual de Pol\u00edticas para Mulheres Rurais da FETAG-PI, Francisca Carvalho (Ca\u00e7ula), as pessoas n\u00e3o trabalhadoras rurais tamb\u00e9m poder\u00e3o tirar seus documentos, sendo que a 2\u00aa via do RG ser\u00e1 permitida apenas para os trabalhadores rurais.<\/p>\n","protected":false},"excerpt":{"rendered":"<p>Trabalhadores rurais da regi\u00e3o valenciana est\u00e3o sendo beneficiados com o Programa Nacional de Documenta\u00e7\u00e3o da Trabalhadora Rural (PNDTR) do Minist\u00e9rio do Desenvolvimento Agr\u00e1rio (MDA) em parceria com a Federa\u00e7\u00e3o dos&#8230;<\/p>\n","protected":false},"author":1,"featured_media":23493,"comment_status":"open","ping_status":"open","sticky":false,"template":"","format":"standard","meta":{"ngg_post_thumbnail":0,"footnotes":""},"categories":[12],"tags":[],"class_list":["post-23492","post","type-post","status-publish","format-standard","has-post-thumbnail","hentry","category-valenca-news"],"views":466,"meta_data":{"thumb":"https:\/\/portalv1.com.br\/app\/wp-content\/uploads\/2016\/04\/ducumento.jpg","imagem":{"fullsize":{"url":"https:\/\/portalv1.com.br\/app\/wp-content\/uploads\/2016\/04\/ducumento.jpg","width":620,"height":413},"thumbnail":{"url":"https:\/\/portalv1.com.br\/app\/wp-content\/uploads\/2016\/04\/ducumento-100x100.jpg","width":100,"height":100},"medium":{"url":"https:\/\/portalv1.com.br\/app\/wp-content\/uploads\/2016\/04\/ducumento-300x200.jpg","width":300,"height":200}},"data":{"simple":"26\/04\/2016","date_time":"26\/04\/2016 16:05:56","date":"h\u00e1 10 anos"},"chapeu":"Veja datas ","source":"retirar"},"_links":{"self":[{"href":"https:\/\/portalv1.com.br\/api\/wp\/v2\/posts\/23492","targetHints":{"allow":["GET"]}}],"collection":[{"href":"https:\/\/portalv1.com.br\/api\/wp\/v2\/posts"}],"about":[{"href":"https:\/\/portalv1.com.br\/api\/wp\/v2\/types\/post"}],"author":[{"embeddable":true,"href":"https:\/\/portalv1.com.br\/api\/wp\/v2\/users\/1"}],"replies":[{"embeddable":true,"href":"https:\/\/portalv1.com.br\/api\/wp\/v2\/comments?post=23492"}],"version-history":[{"count":0,"href":"https:\/\/portalv1.com.br\/api\/wp\/v2\/posts\/23492\/revisions"}],"wp:featuredmedia":[{"embeddable":true,"href":"https:\/\/portalv1.com.br\/api\/wp\/v2\/media\/23493"}],"wp:attachment":[{"href":"https:\/\/portalv1.com.br\/api\/wp\/v2\/media?parent=23492"}],"wp:term":[{"taxonomy":"category","embeddable":true,"href":"https:\/\/portalv1.com.br\/api\/wp\/v2\/categories?post=23492"},{"taxonomy":"post_tag","embeddable":true,"href":"https:\/\/portalv1.com.br\/api\/wp\/v2\/tags?post=23492"}],"curies":[{"name":"wp","href":"https:\/\/api.w.org\/{rel}","templated":true}]}}