{"id":235238,"date":"2025-06-07T09:12:40","date_gmt":"2025-06-07T12:12:40","guid":{"rendered":"https:\/\/portalv1.com.br\/?p=235238"},"modified":"2025-06-07T09:12:42","modified_gmt":"2025-06-07T12:12:42","slug":"varzea-grande-reafirma-compromisso-com-a-infancia-ao-aderir-ao-selo-unicef-2025-2028","status":"publish","type":"post","link":"https:\/\/portalv1.com.br\/varzea-grande-reafirma-compromisso-com-a-infancia-ao-aderir-ao-selo-unicef-2025-2028\/","title":{"rendered":"V\u00e1rzea Grande reafirma compromisso com a inf\u00e2ncia ao aderir ao Selo UNICEF 2025-2028"},"content":{"rendered":"\n<p>O prefeito de V\u00e1rzea Grande, Dr. Segundo, assinou o termo de ades\u00e3o ao Selo UNICEF \u2013 edi\u00e7\u00e3o 2025-2028, refor\u00e7ando o compromisso do munic\u00edpio com a promo\u00e7\u00e3o e a garantia dos direitos de crian\u00e7as e adolescentes.<\/p>\n\n\n\n<p>O Selo UNICEF \u00e9 uma certifica\u00e7\u00e3o internacional concedida pelo Fundo das Na\u00e7\u00f5es Unidas para a Inf\u00e2ncia (UNICEF) aos munic\u00edpios que, ao longo de quatro anos, alcan\u00e7am avan\u00e7os significativos em indicadores sociais voltados \u00e0 inf\u00e2ncia e adolesc\u00eancia.<\/p>\n\n\n\n<p>Durante a assinatura, o prefeito destacou a import\u00e2ncia da iniciativa para o desenvolvimento de pol\u00edticas p\u00fablicas eficazes e inclusivas.<\/p>\n\n\n\n<p>\u201cCom muito orgulho, nossa cidade avan\u00e7a a passos firmes na constru\u00e7\u00e3o de um futuro melhor para nossas crian\u00e7as e adolescentes. A busca pelo Selo UNICEF \u00e9 um compromisso s\u00e9rio com a educa\u00e7\u00e3o de qualidade, a inclus\u00e3o e a garantia de direitos\u201d, afirmou Dr. Segundo.<\/p>\n\n\n\n<p>Com a ades\u00e3o, V\u00e1rzea Grande se junta a uma rede de munic\u00edpios que trabalham de forma integrada para promover a\u00e7\u00f5es que impactam positivamente a vida de meninas e meninos, fortalecendo o papel da gest\u00e3o p\u00fablica na prote\u00e7\u00e3o da inf\u00e2ncia e adolesc\u00eancia.<\/p>\n\n\n<figure class=\"wp-block-post-featured-image\"><img loading=\"lazy\" decoding=\"async\" width=\"720\" height=\"822\" src=\"https:\/\/portalv1.com.br\/app\/wp-content\/uploads\/2025\/06\/WhatsApp-Image-2025-06-07-at-09.09.44.jpeg\" class=\"attachment-post-thumbnail size-post-thumbnail wp-post-image\" alt=\"\" style=\"object-fit:cover;\" srcset=\"https:\/\/portalv1.com.br\/app\/wp-content\/uploads\/2025\/06\/WhatsApp-Image-2025-06-07-at-09.09.44.jpeg 720w, https:\/\/portalv1.com.br\/app\/wp-content\/uploads\/2025\/06\/WhatsApp-Image-2025-06-07-at-09.09.44-300x343.jpeg 300w, https:\/\/portalv1.com.br\/app\/wp-content\/uploads\/2025\/06\/WhatsApp-Image-2025-06-07-at-09.09.44-640x731.jpeg 640w\" sizes=\"auto, (max-width: 720px) 100vw, 720px\" \/><\/figure>\n\n\n<figure class=\"wp-block-image size-large\"><img loading=\"lazy\" decoding=\"async\" width=\"640\" height=\"1139\" src=\"https:\/\/portalv1.com.br\/app\/wp-content\/uploads\/2025\/06\/WhatsApp-Image-2025-06-07-at-09.09.27-640x1139.jpeg\" alt=\"\" class=\"wp-image-235239\" srcset=\"https:\/\/portalv1.com.br\/app\/wp-content\/uploads\/2025\/06\/WhatsApp-Image-2025-06-07-at-09.09.27-640x1139.jpeg 640w, https:\/\/portalv1.com.br\/app\/wp-content\/uploads\/2025\/06\/WhatsApp-Image-2025-06-07-at-09.09.27-300x534.jpeg 300w, https:\/\/portalv1.com.br\/app\/wp-content\/uploads\/2025\/06\/WhatsApp-Image-2025-06-07-at-09.09.27.jpeg 720w\" sizes=\"auto, (max-width: 640px) 100vw, 640px\" \/><\/figure>\n","protected":false},"excerpt":{"rendered":"<p>O prefeito de V\u00e1rzea Grande, Dr. Segundo, assinou o termo de ades\u00e3o ao Selo UNICEF \u2013 edi\u00e7\u00e3o 2025-2028, refor\u00e7ando o compromisso do munic\u00edpio com a promo\u00e7\u00e3o e a garantia dos&#8230;<\/p>\n","protected":false},"author":1,"featured_media":235240,"comment_status":"open","ping_status":"open","sticky":false,"template":"","format":"standard","meta":{"ngg_post_thumbnail":0,"footnotes":""},"categories":[243],"tags":[],"class_list":["post-235238","post","type-post","status-publish","format-standard","has-post-thumbnail","hentry","category-geral"],"views":159,"meta_data":{"thumb":"https:\/\/portalv1.com.br\/app\/wp-content\/uploads\/2025\/06\/WhatsApp-Image-2025-06-07-at-09.09.44.jpeg","imagem":{"fullsize":{"url":"https:\/\/portalv1.com.br\/app\/wp-content\/uploads\/2025\/06\/WhatsApp-Image-2025-06-07-at-09.09.44.jpeg","width":720,"height":822},"medium":{"url":"https:\/\/portalv1.com.br\/app\/wp-content\/uploads\/2025\/06\/WhatsApp-Image-2025-06-07-at-09.09.44-300x343.jpeg","width":300,"height":343},"large":{"url":"https:\/\/portalv1.com.br\/app\/wp-content\/uploads\/2025\/06\/WhatsApp-Image-2025-06-07-at-09.09.44-640x731.jpeg","width":640,"height":731},"thumbnail":{"url":"https:\/\/portalv1.com.br\/app\/wp-content\/uploads\/2025\/06\/WhatsApp-Image-2025-06-07-at-09.09.44-100x100.jpeg","width":100,"height":100}},"data":{"simple":"07\/06\/2025","date_time":"07\/06\/2025 06:12:40","date":"h\u00e1 11 meses"},"chapeu":"Veja detalhes ","source":"slide"},"_links":{"self":[{"href":"https:\/\/portalv1.com.br\/api\/wp\/v2\/posts\/235238","targetHints":{"allow":["GET"]}}],"collection":[{"href":"https:\/\/portalv1.com.br\/api\/wp\/v2\/posts"}],"about":[{"href":"https:\/\/portalv1.com.br\/api\/wp\/v2\/types\/post"}],"author":[{"embeddable":true,"href":"https:\/\/portalv1.com.br\/api\/wp\/v2\/users\/1"}],"replies":[{"embeddable":true,"href":"https:\/\/portalv1.com.br\/api\/wp\/v2\/comments?post=235238"}],"version-history":[{"count":0,"href":"https:\/\/portalv1.com.br\/api\/wp\/v2\/posts\/235238\/revisions"}],"wp:featuredmedia":[{"embeddable":true,"href":"https:\/\/portalv1.com.br\/api\/wp\/v2\/media\/235240"}],"wp:attachment":[{"href":"https:\/\/portalv1.com.br\/api\/wp\/v2\/media?parent=235238"}],"wp:term":[{"taxonomy":"category","embeddable":true,"href":"https:\/\/portalv1.com.br\/api\/wp\/v2\/categories?post=235238"},{"taxonomy":"post_tag","embeddable":true,"href":"https:\/\/portalv1.com.br\/api\/wp\/v2\/tags?post=235238"}],"curies":[{"name":"wp","href":"https:\/\/api.w.org\/{rel}","templated":true}]}}