{"id":2353,"date":"2010-01-12T16:26:10","date_gmt":"2010-01-12T19:26:10","guid":{"rendered":"https:\/\/portalv1.com.br\/?p=2353"},"modified":"2010-01-12T21:56:57","modified_gmt":"2010-01-13T00:56:57","slug":"portalv1-vence-a-barreira-dos-30-mil-acessos-mensais","status":"publish","type":"post","link":"https:\/\/portalv1.com.br\/portalv1-vence-a-barreira-dos-30-mil-acessos-mensais\/","title":{"rendered":"Portalv1 vence a barreira dos 30 mil acessos mensais"},"content":{"rendered":"<figure id=\"attachment_2354\" aria-describedby=\"caption-attachment-2354\" style=\"width: 300px\" class=\"wp-caption alignright\"><a href=\"https:\/\/portalv1.com.br\/app\/wp-content\/uploads\/2010\/01\/logov1ed.jpg\"><img loading=\"lazy\" decoding=\"async\" class=\"size-full wp-image-2354\" title=\"logov1ed\" src=\"https:\/\/portalv1.com.br\/app\/wp-content\/uploads\/2010\/01\/logov1ed.jpg\" alt=\"Portalv1 o n\u00famero um de Valen\u00e7a\" width=\"300\" height=\"183\" \/><\/a><figcaption id=\"caption-attachment-2354\" class=\"wp-caption-text\">Portalv1 o n\u00famero um de Valen\u00e7a<\/figcaption><\/figure>\n<p>O portalv1 atingiu de 10 de dezembro a 10 de janeiro a expressiva marca de 30.076 visitas. O numero confirma a lideran\u00e7a absoluta do portalv1 em Valen\u00e7a e consolida-o como maior portal de noticias de Valen\u00e7a e regi\u00e3o.<\/p>\n<p>\u00a0Os n\u00fameros s\u00e3o do Google Analytics site mundial especializado em analise de tr\u00e1fegos da web.<\/p>\n<p>Os n\u00fameros consolidam a marcar do portalv1, que serve hoje tamb\u00e9m de refer\u00eancia para os outros meios de comunica\u00e7\u00e3o no estado e em Valen\u00e7a. Nesse per\u00edodo foram muitas as mat\u00e9rias que atingiram mais de 600 acessos.<\/p>\n<p>As campe\u00e3s nesse m\u00eas foram \u00e0 cobertura da festa\u00a0do Flamengo com 897, a\u00a0Confraterniza\u00e7\u00e3o da Secretaria de Sa\u00fade com 620 acessos a do Grupo Alencar com 909 acessos e a grande campe\u00e3 a cobertura dos 12 anos da Academia de Letras da Confedera\u00e7\u00e3o Valenciana, que rendeu em tr\u00eas dias de destaque 1.300 acessos. A cobertura dos 15 anos da jovem Yasnaya Bonfim j\u00e1 ultrapassou a casa dos 600 acessos nesta ter\u00e7a-feira (12). \u00a0<\/p>\n<p>O portal agora se prepara para manter esses n\u00fameros e continuar oferecendo sempre a melhor informa\u00e7\u00e3o para os nossos internautas.<\/p>\n","protected":false},"excerpt":{"rendered":"<p>O portalv1 atingiu de 10 de dezembro a 10 de janeiro a expressiva marca de 30.076 visitas. O numero confirma a lideran\u00e7a absoluta do portalv1 em Valen\u00e7a e consolida-o como&#8230;<\/p>\n","protected":false},"author":1,"featured_media":0,"comment_status":"open","ping_status":"open","sticky":false,"template":"","format":"standard","meta":{"ngg_post_thumbnail":0,"footnotes":""},"categories":[203],"tags":[],"class_list":["post-2353","post","type-post","status-publish","format-standard","hentry","category-espacocultura"],"views":537,"meta_data":{"thumb":"https:\/\/portalv1.com.br\/app\/wp-content\/uploads\/2010\/01\/logov1ed.jpg","data":{"simple":"12\/01\/2010","date_time":"12\/01\/2010 13:26:10","date":"h\u00e1 16 anos"},"chapeu":"","source":""},"_links":{"self":[{"href":"https:\/\/portalv1.com.br\/api\/wp\/v2\/posts\/2353","targetHints":{"allow":["GET"]}}],"collection":[{"href":"https:\/\/portalv1.com.br\/api\/wp\/v2\/posts"}],"about":[{"href":"https:\/\/portalv1.com.br\/api\/wp\/v2\/types\/post"}],"author":[{"embeddable":true,"href":"https:\/\/portalv1.com.br\/api\/wp\/v2\/users\/1"}],"replies":[{"embeddable":true,"href":"https:\/\/portalv1.com.br\/api\/wp\/v2\/comments?post=2353"}],"version-history":[{"count":0,"href":"https:\/\/portalv1.com.br\/api\/wp\/v2\/posts\/2353\/revisions"}],"wp:attachment":[{"href":"https:\/\/portalv1.com.br\/api\/wp\/v2\/media?parent=2353"}],"wp:term":[{"taxonomy":"category","embeddable":true,"href":"https:\/\/portalv1.com.br\/api\/wp\/v2\/categories?post=2353"},{"taxonomy":"post_tag","embeddable":true,"href":"https:\/\/portalv1.com.br\/api\/wp\/v2\/tags?post=2353"}],"curies":[{"name":"wp","href":"https:\/\/api.w.org\/{rel}","templated":true}]}}